{"id":8320,"date":"2016-12-14T15:23:09","date_gmt":"2016-12-14T15:23:09","guid":{"rendered":"https:\/\/infotorrent.es\/uncategorized\/la-falla-angel-del-alcazar-y-la-falla-sant-roc-inauguran-sus-semanas-culturales\/"},"modified":"2016-12-14T15:23:09","modified_gmt":"2016-12-14T15:23:09","slug":"la-falla-angel-del-alcazar-y-la-falla-sant-roc-inauguran-sus-semanas-culturales","status":"publish","type":"post","link":"https:\/\/infotorrent.es\/ca\/noticies\/la-falla-angel-del-alcazar-y-la-falla-sant-roc-inauguran-sus-semanas-culturales\/","title":{"rendered":"La Falla \u00c1ngel de l&#8217;Alc\u00e0sser i la falla Sant Roc inauguren les seues Setmanes Culturals"},"content":{"rendered":"<p>Les falles de Torrent continuen la seua activitat fallera i ahir a la vesprada van ser dues les comissions que van comen\u00e7ar les seues Setmanes Culturals. La falla \u00c1ngel de l&#8217;Alc\u00e1zar, que enguany compleix el seu 50\u00aa aniversari, va inaugurar la seua exposici\u00f3 \u201c50 anys de records\u201d en la sala l\u2019Espai a la qual no va faltar la Fallera Major de Torrent, Carmen Sirvent juntament amb la seua Cort d&#8217;Honor i la pres\u00e8ncia de l&#8217;alcalde Jes\u00fas Ros i el regidor de l&#8217;\u00e0rea de Festes, Alfred Costa. La comissi\u00f3 Sant Roc tamb\u00e9 va iniciar ahir a la vesprada la seua IX Setmana Cultural. Ambdues falles, continuen al llarg d\u2019esta setmana amb xerrades, confer\u00e8ncies i activitats per a tots aquells interessats a participar.<\/p>\n\n","protected":false},"excerpt":{"rendered":"<p>Les falles de Torrent continuen la seua activitat fallera i ahir a la vesprada van ser dues les comissions que van comen\u00e7ar les seues Setmanes Culturals. La falla \u00c1ngel de l&#8217;Alc\u00e1zar, que enguany compleix el seu 50\u00aa aniversari, va inaugurar la seua exposici\u00f3 \u201c50 anys de records\u201d en la sala l\u2019Espai a la qual no [&hellip;]<\/p>\n","protected":false},"author":4,"featured_media":1137,"comment_status":"open","ping_status":"open","sticky":false,"template":"","format":"standard","meta":{"_acf_changed":false,"footnotes":""},"categories":[117,116],"tags":[747],"class_list":["post-8320","post","type-post","status-publish","format-standard","has-post-thumbnail","hentry","category-cultura","category-noticies","tag-culturaculturafalles"],"acf":[],"_links":{"self":[{"href":"https:\/\/infotorrent.es\/ca\/wp-json\/wp\/v2\/posts\/8320","targetHints":{"allow":["GET"]}}],"collection":[{"href":"https:\/\/infotorrent.es\/ca\/wp-json\/wp\/v2\/posts"}],"about":[{"href":"https:\/\/infotorrent.es\/ca\/wp-json\/wp\/v2\/types\/post"}],"author":[{"embeddable":true,"href":"https:\/\/infotorrent.es\/ca\/wp-json\/wp\/v2\/users\/4"}],"replies":[{"embeddable":true,"href":"https:\/\/infotorrent.es\/ca\/wp-json\/wp\/v2\/comments?post=8320"}],"version-history":[{"count":0,"href":"https:\/\/infotorrent.es\/ca\/wp-json\/wp\/v2\/posts\/8320\/revisions"}],"wp:featuredmedia":[{"embeddable":true,"href":"https:\/\/infotorrent.es\/ca\/wp-json\/wp\/v2\/media\/1137"}],"wp:attachment":[{"href":"https:\/\/infotorrent.es\/ca\/wp-json\/wp\/v2\/media?parent=8320"}],"wp:term":[{"taxonomy":"category","embeddable":true,"href":"https:\/\/infotorrent.es\/ca\/wp-json\/wp\/v2\/categories?post=8320"},{"taxonomy":"post_tag","embeddable":true,"href":"https:\/\/infotorrent.es\/ca\/wp-json\/wp\/v2\/tags?post=8320"}],"curies":[{"name":"wp","href":"https:\/\/api.w.org\/{rel}","templated":true}]}}