{"id":83196,"date":"2025-06-30T10:20:34","date_gmt":"2025-06-30T08:20:34","guid":{"rendered":"https:\/\/infotorrent.es\/?p=83196"},"modified":"2025-06-30T10:22:22","modified_gmt":"2025-06-30T08:22:22","slug":"el-centre-cultural-rociero-andalus-de-torrent-corona-a-les-seues-noves-representatives","status":"publish","type":"post","link":"https:\/\/infotorrent.es\/ca\/cultura-ca\/el-centre-cultural-rociero-andalus-de-torrent-corona-a-les-seues-noves-representatives\/","title":{"rendered":"El Centre Cultural Rociero Andal\u00fas de Torrent corona a les seues noves representatives"},"content":{"rendered":"\n<p><strong>Mar\u00eda S\u00e1nchez \u00e9s la reina i Y\u00e9ssica Temporal i Chelo Garrido les seues dames d\u2019honor<\/strong><\/p>\n\n\n\n<p>Este diumenge, el Centre Cultural Rociero Andal\u00fas de Torrent va viure un dels moments m\u00e9s importants del seu calendari amb la celebraci\u00f3 de la coronaci\u00f3 de les seues noves representatives per al bienni 2025-2027.&nbsp;<strong>Mar\u00eda S\u00e1nchez Guillot<\/strong>&nbsp;va ser proclamada Reina del centre, acompanyada per les seues Dames d\u2019Honor,&nbsp;<strong>Y\u00e9ssica Temporal P\u00e9rez i Chelo Garrido Amador<\/strong>, en un acte que va reunir un gran nombre de ve\u00efns, autoritats i representants del m\u00f3n cultural i associatiu de Torrent i la Comunitat Valenciana.<br><\/p>\n\n\n\n<p>La cerim\u00f2nia va tindre lloc en el marc de la XVIII Setmana Cultural que organitza anualment el Centre Cultural Rociero Andal\u00fas, una setmana plena d\u2019activitats, tallers i esdeveniments que tenen com a objectiu difondre i posar en valor la cultura i les tradicions andaluses dins de Torrent.<\/p>\n\n\n\n<p>En un ambient emotiu i festiu, tamb\u00e9 es va dur a terme la despedida oficial dels representants que han exercit les seues funcions durant els \u00faltims dos anys.&nbsp;<strong>Fran Arru\u00e9 Martos, Mayoral, i Mari Trini Arru\u00e9 Martos, Reina Infantil<\/strong>, van rebre l\u2019afecte i el reconeixement del p\u00fablic i dels seus companys pel seu comprom\u00eds i dedicaci\u00f3 a l\u2019entitat durant este per\u00edode.<\/p>\n\n\n\n<p>L\u2019acte va comptar amb la pres\u00e8ncia de nombroses autoritats i personalitats que van voler acompanyar als nous representants i destacar la import\u00e0ncia de mantindre viva la cultura rociera i andalusa a Torrent. Entre ells va destacar l\u2019alcaldessa de la ciutat,&nbsp;<strong>Amparo Folgado<\/strong>, qui va mostrar el seu suport incondicional a esta celebraci\u00f3 cultural, aix\u00ed com el director general de Transpar\u00e8ncia i Participaci\u00f3 de la Generalitat Valenciana,&nbsp;<strong>Jos\u00e9 Salvador T\u00e1rrega<\/strong>. Aix\u00ed mateix, van acudir la presidenta de la Federaci\u00f3 d\u2019Entitats Culturals Andaluses a la Comunitat Valenciana (FECA),&nbsp;<strong>Puri Torres<\/strong>, i la Reina,&nbsp;<strong>Carla Picazo.<br><\/strong>A m\u00e9s, van estar presents diversos membres de l\u2019equip de govern municipal i representants de la corporaci\u00f3 municipal, aix\u00ed com figures rellevants del m\u00f3n festiu i associatiu local. Entre els convidats d\u2019honor van destacar les Falleres Majors de Torrent,&nbsp;<strong>Alicia Moreno i Ana Barber\u00e1<\/strong>, que van representar una de les tradicions m\u00e9s arrelades a la ciutat, a m\u00e9s de nombrosos representants de diferents associacions culturals i ve\u00efnals de Torrent, que van mostrar aix\u00ed l\u2019estreta relaci\u00f3 i col\u00b7laboraci\u00f3 entre els diferents col\u00b7lectius de la localitat.<\/p>\n\n\n\n<p>Durant la seua intervenci\u00f3, l\u2019alcaldessa Amparo Folgado va dedicar unes paraules emotives i plenes d\u2019agra\u00efment als representants que es despedien i als que comen\u00e7aven esta nova etapa \u201cHui celebrem m\u00e9s que una coronaci\u00f3, celebrem la continu\u00eftat d\u2019unes tradicions que ens unixen i ens enriquixen com a ciutat. Mar\u00eda, Y\u00e9ssica i Chelo, la vostra tasca \u00e9s fonamental per mantindre viva l\u2019ess\u00e8ncia de les nostres arrels andaluses ac\u00ed a Torrent. A Fran i Mari Trini, gr\u00e0cies per la vostra dedicaci\u00f3 i entrega durant estos dos anys. Sou un exemple per a tots i heu deixat una empremta inesborrable en el vostre regnat.\u201d<\/p>\n\n\n\n<p>L\u2019acte va finalitzar amb la interpretaci\u00f3 solemne dels himnes de Torrent, d\u2019Andalusia i de la Comunitat Valenciana, que van posar el toc final a una jornada carregada d\u2019emoci\u00f3 i sentiment.<\/p>\n\n\n\n<p>El Centre Cultural Rociero Andal\u00fas continuar\u00e0 durant tota la setmana celebrant la seua XVIII Setmana Cultural amb un programa molt complet d\u2019activitats dirigides a tots els seus socis i ve\u00efns interessats a con\u00e9ixer i disfrutar de la cultura andalusa.<br>El tancament d\u2019esta setmana especial tindr\u00e0 lloc el pr\u00f2xim diumenge 6 de juliol amb la tradicional Missa Rociera, que comen\u00e7ar\u00e0 a les 19:00 hores a la Parr\u00f2quia de Sant Josep. Despr\u00e9s de la cerim\u00f2nia religiosa, els assistents faran una process\u00f3 fins a la seu del Centre Cultural al Carrer Sant Just.<\/p>\n\n\n\n<p>Amb esta celebraci\u00f3, el Centre Cultural Rociero Andal\u00fas de Torrent reafirma el seu comprom\u00eds per mantindre vives les tradicions i fomentar la participaci\u00f3 cultural dels seus socis i de tota la ciutat, convertint-se en un referent de l\u2019intercanvi cultural i la conviv\u00e8ncia.<\/p>\n\n\n\n<figure class=\"wp-block-gallery has-nested-images columns-default is-cropped wp-block-gallery-1 is-layout-flex wp-block-gallery-is-layout-flex\">\n<figure class=\"wp-block-image size-large\"><img fetchpriority=\"high\" decoding=\"async\" width=\"1024\" height=\"576\" data-id=\"83189\" src=\"https:\/\/infotorrent.es\/wp-content\/uploads\/2025\/06\/Imagen-de-WhatsApp-2025-06-29-a-las-14.20.54_b59a57b6-1024x576.jpg\" alt=\"\" class=\"wp-image-83189\" srcset=\"https:\/\/infotorrent.es\/wp-content\/uploads\/2025\/06\/Imagen-de-WhatsApp-2025-06-29-a-las-14.20.54_b59a57b6-1024x576.jpg 1024w, https:\/\/infotorrent.es\/wp-content\/uploads\/2025\/06\/Imagen-de-WhatsApp-2025-06-29-a-las-14.20.54_b59a57b6-300x169.jpg 300w, https:\/\/infotorrent.es\/wp-content\/uploads\/2025\/06\/Imagen-de-WhatsApp-2025-06-29-a-las-14.20.54_b59a57b6-768x432.jpg 768w, https:\/\/infotorrent.es\/wp-content\/uploads\/2025\/06\/Imagen-de-WhatsApp-2025-06-29-a-las-14.20.54_b59a57b6-1536x864.jpg 1536w, https:\/\/infotorrent.es\/wp-content\/uploads\/2025\/06\/Imagen-de-WhatsApp-2025-06-29-a-las-14.20.54_b59a57b6.jpg 1920w\" sizes=\"(max-width: 1024px) 100vw, 1024px\" \/><\/figure>\n\n\n\n<figure class=\"wp-block-image size-large\"><img decoding=\"async\" width=\"1024\" height=\"683\" data-id=\"83191\" src=\"https:\/\/infotorrent.es\/wp-content\/uploads\/2025\/06\/Imagen-de-WhatsApp-2025-06-29-a-las-13.53.55_4ebf6eb1-1024x683.jpg\" alt=\"\" class=\"wp-image-83191\" srcset=\"https:\/\/infotorrent.es\/wp-content\/uploads\/2025\/06\/Imagen-de-WhatsApp-2025-06-29-a-las-13.53.55_4ebf6eb1-1024x683.jpg 1024w, https:\/\/infotorrent.es\/wp-content\/uploads\/2025\/06\/Imagen-de-WhatsApp-2025-06-29-a-las-13.53.55_4ebf6eb1-300x200.jpg 300w, https:\/\/infotorrent.es\/wp-content\/uploads\/2025\/06\/Imagen-de-WhatsApp-2025-06-29-a-las-13.53.55_4ebf6eb1-768x512.jpg 768w, https:\/\/infotorrent.es\/wp-content\/uploads\/2025\/06\/Imagen-de-WhatsApp-2025-06-29-a-las-13.53.55_4ebf6eb1-1536x1024.jpg 1536w, https:\/\/infotorrent.es\/wp-content\/uploads\/2025\/06\/Imagen-de-WhatsApp-2025-06-29-a-las-13.53.55_4ebf6eb1.jpg 1600w\" sizes=\"(max-width: 1024px) 100vw, 1024px\" \/><\/figure>\n\n\n\n<figure class=\"wp-block-image size-large\"><img decoding=\"async\" width=\"1024\" height=\"683\" data-id=\"83193\" src=\"https:\/\/infotorrent.es\/wp-content\/uploads\/2025\/06\/Imagen-de-WhatsApp-2025-06-29-a-las-13.53.54_b5708809-1024x683.jpg\" alt=\"\" class=\"wp-image-83193\" srcset=\"https:\/\/infotorrent.es\/wp-content\/uploads\/2025\/06\/Imagen-de-WhatsApp-2025-06-29-a-las-13.53.54_b5708809-1024x683.jpg 1024w, https:\/\/infotorrent.es\/wp-content\/uploads\/2025\/06\/Imagen-de-WhatsApp-2025-06-29-a-las-13.53.54_b5708809-300x200.jpg 300w, https:\/\/infotorrent.es\/wp-content\/uploads\/2025\/06\/Imagen-de-WhatsApp-2025-06-29-a-las-13.53.54_b5708809-768x512.jpg 768w, https:\/\/infotorrent.es\/wp-content\/uploads\/2025\/06\/Imagen-de-WhatsApp-2025-06-29-a-las-13.53.54_b5708809-1536x1024.jpg 1536w, https:\/\/infotorrent.es\/wp-content\/uploads\/2025\/06\/Imagen-de-WhatsApp-2025-06-29-a-las-13.53.54_b5708809.jpg 1600w\" sizes=\"(max-width: 1024px) 100vw, 1024px\" \/><\/figure>\n<\/figure>\n","protected":false},"excerpt":{"rendered":"<p>Mar\u00eda S\u00e1nchez \u00e9s la reina i Y\u00e9ssica Temporal i Chelo Garrido les seues dames d\u2019honor Este diumenge, el Centre Cultural Rociero Andal\u00fas de Torrent va viure un dels moments m\u00e9s importants del seu calendari amb la celebraci\u00f3 de la coronaci\u00f3 de les seues noves representatives per al bienni 2025-2027.&nbsp;Mar\u00eda S\u00e1nchez Guillot&nbsp;va ser proclamada Reina del [&hellip;]<\/p>\n","protected":false},"author":15,"featured_media":83189,"comment_status":"open","ping_status":"open","sticky":false,"template":"","format":"standard","meta":{"_acf_changed":false,"footnotes":""},"categories":[1132,1149],"tags":[],"class_list":["post-83196","post","type-post","status-publish","format-standard","has-post-thumbnail","hentry","category-cultura-ca","category-participacio-ciutadana"],"acf":[],"_links":{"self":[{"href":"https:\/\/infotorrent.es\/ca\/wp-json\/wp\/v2\/posts\/83196","targetHints":{"allow":["GET"]}}],"collection":[{"href":"https:\/\/infotorrent.es\/ca\/wp-json\/wp\/v2\/posts"}],"about":[{"href":"https:\/\/infotorrent.es\/ca\/wp-json\/wp\/v2\/types\/post"}],"author":[{"embeddable":true,"href":"https:\/\/infotorrent.es\/ca\/wp-json\/wp\/v2\/users\/15"}],"replies":[{"embeddable":true,"href":"https:\/\/infotorrent.es\/ca\/wp-json\/wp\/v2\/comments?post=83196"}],"version-history":[{"count":1,"href":"https:\/\/infotorrent.es\/ca\/wp-json\/wp\/v2\/posts\/83196\/revisions"}],"predecessor-version":[{"id":83198,"href":"https:\/\/infotorrent.es\/ca\/wp-json\/wp\/v2\/posts\/83196\/revisions\/83198"}],"wp:featuredmedia":[{"embeddable":true,"href":"https:\/\/infotorrent.es\/ca\/wp-json\/wp\/v2\/media\/83189"}],"wp:attachment":[{"href":"https:\/\/infotorrent.es\/ca\/wp-json\/wp\/v2\/media?parent=83196"}],"wp:term":[{"taxonomy":"category","embeddable":true,"href":"https:\/\/infotorrent.es\/ca\/wp-json\/wp\/v2\/categories?post=83196"},{"taxonomy":"post_tag","embeddable":true,"href":"https:\/\/infotorrent.es\/ca\/wp-json\/wp\/v2\/tags?post=83196"}],"curies":[{"name":"wp","href":"https:\/\/api.w.org\/{rel}","templated":true}]}}