{"id":83083,"date":"2025-06-26T10:37:29","date_gmt":"2025-06-26T08:37:29","guid":{"rendered":"https:\/\/infotorrent.es\/?p=83083"},"modified":"2025-06-26T10:37:32","modified_gmt":"2025-06-26T08:37:32","slug":"torrent-torna-a-ser-referent-en-lactivacio-del-talent-senior-amb-la-inauguracio-de-la-fira-docupacio-trobades-45","status":"publish","type":"post","link":"https:\/\/infotorrent.es\/ca\/alcaldia-2\/torrent-torna-a-ser-referent-en-lactivacio-del-talent-senior-amb-la-inauguracio-de-la-fira-docupacio-trobades-45\/","title":{"rendered":"Torrent torna a ser referent en l&#8217;activaci\u00f3 del talent s\u00e8nior amb la inauguraci\u00f3 de la Fira d&#8217;Ocupaci\u00f3 \u2018Trobades 45+\u2019"},"content":{"rendered":"\n<h4 class=\"wp-block-heading\"><strong>L&#8217;alcaldessa Amparo Folgado inaugura esta jornada centrada en revaloritzar l&#8217;experi\u00e8ncia com a motor de canvi i futur laboral<\/strong><\/h4>\n\n\n\n<p><strong>La jornada ha comptat amb una inscripci\u00f3 de quasi 500 persones i la participaci\u00f3 de 16 empreses<\/strong><\/p>\n\n\n\n<p><strong>\u2022&nbsp;&nbsp;&nbsp;&nbsp;&nbsp;&nbsp; Folgado reivindica la fortalesa de l&#8217;experi\u00e8ncia: \u201cEl talent no t\u00e9 data de caducitat i tornar a comen\u00e7ar no \u00e9s debilitat, \u00e9s valentia\u201d<\/strong><\/p>\n\n\n\n<p>L&#8217;Antic Mercat de Torrent ha acollit este mat\u00ed la inauguraci\u00f3 d&#8217;una nova edici\u00f3 de la Fira d&#8217;Ocupaci\u00f3 \u201cTrobades 45+\u201d, una iniciativa promoguda per Cambra Val\u00e8ncia en col\u00b7laboraci\u00f3 amb IDEA\u2019T de l&#8217;Ajuntament de Torrent, la Diputaci\u00f3 de Val\u00e8ncia i el Fons Social Europeu, amb l&#8217;objectiu d&#8217;oferir noves oportunitats de reinvenci\u00f3 professional a les persones desocupades entre 45 i 60 anys.<\/p>\n\n\n\n<p>L&#8217;acte d&#8217;obertura ha estat presidit per l&#8217;alcaldessa de Torrent, Amparo Folgado, qui ha estat acompanyada per la regidora d&#8217;Ocupaci\u00f3, Sandra Fas i Directora de Formaci\u00f3 i Ocupaci\u00f3, Inmaculada Carbonell.<\/p>\n\n\n\n<p>La regidora va posar en valor la iniciativa com un clar exemple del que es pot aconseguir quan institucions, empreses, la Cambra de Comer\u00e7, la Mancomunitat i l&#8217;administraci\u00f3 treballen de manera coordinada. En les seues paraules,&nbsp;<strong>\u201cesta fira demostra que el talent no t\u00e9 edat i que les persones majors de 45 anys no sols continuen tenint molt a aportar, sin\u00f3 que representen un actiu d&#8217;enorme valor gr\u00e0cies a la seua experi\u00e8ncia, saviesa i traject\u00f2ria professional\u201d<\/strong>. Va subratllar que&nbsp;<strong>\u201cl&#8217;Ajuntament de Torrent ha volgut focalitzar esta acci\u00f3 en un col\u00b7lectiu que, malgrat les seues capacitats, sol enfrontar-se a majors dificultats per a reincorporar-se al mercat laboral\u201d.<\/strong><\/p>\n\n\n\n<p>La regidora va explicar que esta jornada ha estat dirigida als ve\u00efns i ve\u00efnes de tota la comarca, amb especial atenci\u00f3 a la ciutadania de Torrent,&nbsp;<strong>\u201con sabem que hi ha molt\u00edssim talent\u201d<\/strong>. En total, han participat 16 empreses amb 92 ofertes de treball de diversos sectors, i prop de 500 persones s&#8217;han inscrit a la recerca d&#8217;una nova oportunitat professional.&nbsp;<strong>\u201cEste tipus de fires no sols oferixen ocupaci\u00f3, tamb\u00e9 retornen la confian\u00e7a i dignitat als qui m\u00e9s ho necessiten\u201d<\/strong>, va concloure.<\/p>\n\n\n\n<p>La jornada ha comptat amb una inscripci\u00f3 pr\u00e8via de 480 persones, reflex del gran inter\u00e9s i la necessitat d&#8217;iniciatives que promoguen l&#8217;ocupabilitat entre els majors de 45 anys.<\/p>\n\n\n\n<p>Durant la seua intervenci\u00f3, Amparo Folgado ha pronunciat un discurs profund i motivacional, en el qual ha destacat la import\u00e0ncia d&#8217;iniciatives com esta per a dignificar l&#8217;experi\u00e8ncia i refor\u00e7ar la inclusi\u00f3 laboral del col\u00b7lectiu s\u00e8nior.&nbsp;<strong>\u201cEste esdeveniment no \u00e9s una fira qualsevol. \u00c9s una declaraci\u00f3 rotunda: l&#8217;edat no \u00e9s una barrera, sin\u00f3 una fortalesa\u201d<\/strong>, ha afirmat amb contund\u00e8ncia l&#8217;alcaldessa.<\/p>\n\n\n\n<p><strong>\u201cEl talent no t\u00e9 data de caducitat\u201d<\/strong><\/p>\n\n\n\n<p>Sota el lema \u201cEl poder de l&#8217;experi\u00e8ncia: on la teua saviesa impulsa el canvi\u201d, la fira ha reunit a m\u00e9s de 16 empreses disposades a entrevistar i oferir oportunitats als qui, malgrat la seua traject\u00f2ria professional, s&#8217;enfronten a obstacles invisibles en l&#8217;acc\u00e9s a l&#8217;ocupaci\u00f3. En este context, Folgado ha volgut enviar un missatge directe i esperan\u00e7ador als assistents:&nbsp;<strong>\u201cA tots els que hui sou ac\u00ed, des de l&#8217;Ajuntament de Torrent us diem amb claredat: no esteu solos. Estem amb vosaltres en este cam\u00ed de reinvenci\u00f3, dignitat i futur. I treballem cada dia per a crear noves oportunitats i perqu\u00e8 ning\u00fa quede arrere\u201d.<\/strong><\/p>\n\n\n\n<p>L&#8217;alcaldessa ha remarcat que el verdader valor d&#8217;esta jornada residix en la seua dimensi\u00f3 humana i transformadora, subratllant que moltes de les persones assistents&nbsp;<strong>\u201ccompartixen alguna cosa que no apareix en els curr\u00edculums: el seu esperit de lluita\u201d<\/strong>. I va afegir:&nbsp;<strong>\u201cLa const\u00e0ncia, la capacitat de resoldre, de treballar en equip, de gestionar conflictes\u2026 s\u00f3n virtuts que no s&#8217;ensenyen en cap m\u00e0ster, per\u00f2 que les empreses necessiten m\u00e9s que mai i que nom\u00e9s teniu vosaltres\u201d.<\/strong><\/p>\n\n\n\n<p><strong>Una jornada per a tornar a comen\u00e7ar amb dignitat i for\u00e7a renovada<\/strong><\/p>\n\n\n\n<p>El discurs de Folgado ha calat profund en un p\u00fablic que, amb il\u00b7lusi\u00f3 i esperan\u00e7a, busquen iniciar una nova etapa professional.&nbsp;<strong>\u201cTornar a comen\u00e7ar no \u00e9s un signe de debilitat, sin\u00f3 de valentia. \u00c9s al\u00e7ar-se amb m\u00e9s for\u00e7a. Vull que esta jornada us recorde tot el que encara podeu aportar.<\/strong>\u201d, ha subratllat l&#8217;alcaldessa, fent refer\u00e8ncia a la complexitat emocional i social que implica buscar treball en edats avan\u00e7ades.<\/p>\n\n\n\n<p>Aix\u00ed mateix, ha cridat les empreses a mirar m\u00e9s enll\u00e0 de l&#8217;edat cronol\u00f2gica i a recon\u00e9ixer el valor real del capital hum\u00e0 s\u00e8nior:&nbsp;<strong>\u201cEn les nostres empreses, en la nostra administraci\u00f3 i en la nostra societat, no sobra ning\u00fa. Al contrari, ens falten referents com vosaltres, capa\u00e7os d&#8217;aportar estabilitat, perspectiva i responsabilitat. Perqu\u00e8 sense la vostra experi\u00e8ncia, ens falta una cosa essencial com a societat\u201d.<\/strong><\/p>\n\n\n\n<p><strong>Una fira per a activar oportunitats reals<\/strong><\/p>\n\n\n\n<p>La fira ha sigut concebuda com un espai viu i motivador, amb entrevistes laborals, tallers, xarrades inspiradores i sessions d&#8217;orientaci\u00f3 individual. Des de les 9.00 del mat\u00ed, els assistents han pogut accedir a una marat\u00f3 d&#8217;entrevistes amb les empreses participants, aix\u00ed com gaudir de pon\u00e8ncies com la del comandament de bombers Carlos Verchili, que ha oferit una confer\u00e8ncia inspiradora sota el t\u00edtol \u201cArrels fortes, futur brillant\u201d.<\/p>\n\n\n\n<p>A les 11.30 ha tingut lloc el taller \u201cEls fruits de l&#8217;experi\u00e8ncia\u201d, dirigit per la consultora Ana A\u00f1\u00f3n, qui ha acompanyat als assistents en la identificaci\u00f3 d&#8217;habilitats transversals i compet\u00e8ncies adquirides al llarg de les seues vides laborals. La jornada conclour\u00e0 amb una xarrada sobre les noves claus de selecci\u00f3 en el m\u00f3n empresarial, centrada en com convertir l&#8217;edat en un valor afegit.<\/p>\n\n\n\n<p><strong>Torrent, una ciutat compromesa amb els seus ve\u00efns<\/strong><\/p>\n\n\n\n<p>L&#8217;alcaldessa ha aprofitat l&#8217;acte per a reafirmar el comprom\u00eds del consistori amb l&#8217;ocupabilitat i la inclusi\u00f3:&nbsp;<strong>\u201cVolem que Torrent siga una ciutat d&#8217;oportunitats, on cada persona tinga la possibilitat de reinventar-se, formar-se i aportar el millor de si mateixa. Una ciutat que cuida, que escolta i que oferix segones oportunitats als qui han demostrat amb escreix la seua v\u00e0lua.\u201d<\/strong>&nbsp;Este enfocament forma part d&#8217;una estrat\u00e8gia municipal m\u00e9s \u00e0mplia, en la qual es promouen pol\u00edtiques actives d&#8217;ocupaci\u00f3, programes de formaci\u00f3 i col\u00b7laboraci\u00f3 directa amb empreses.<\/p>\n\n\n\n<p><strong>Un missatge de gratitud i reconeixement<\/strong><\/p>\n\n\n\n<p>La intervenci\u00f3 de l&#8217;alcaldessa Amparo Folgado ha culminat amb un emotiu missatge d&#8217;agra\u00efment:&nbsp;<strong>\u201cHui no sou ac\u00ed nom\u00e9s per a buscar ocupaci\u00f3. Sou ac\u00ed per a reivindicar el vostre lloc, la vostra veu i la vostra experi\u00e8ncia com a motor de canvi. Us done les gr\u00e0cies, per no rendir-vos. Per tornar a intentar-ho. Per recordar-nos que quan un municipi aposta per les persones, per totes les persones, avan\u00e7a en la bona direcci\u00f3\u201d.<\/strong><\/p>\n\n\n\n<p>Amb esta fira, Torrent torna a posicionar-se com un referent provincial en pol\u00edtiques actives d&#8217;ocupaci\u00f3 dirigides a majors de 45 anys, i com una ciutat que cuida, escolta i respon amb accions concretes a les necessitats dels seus ciutadans.<\/p>\n\n\n\n<figure class=\"wp-block-gallery has-nested-images columns-default is-cropped wp-block-gallery-1 is-layout-flex wp-block-gallery-is-layout-flex\">\n<figure class=\"wp-block-image size-large\"><img fetchpriority=\"high\" decoding=\"async\" width=\"1024\" height=\"682\" data-id=\"83080\" src=\"https:\/\/infotorrent.es\/wp-content\/uploads\/2025\/06\/2-4-1-1024x682.jpg\" alt=\"\" class=\"wp-image-83080\" srcset=\"https:\/\/infotorrent.es\/wp-content\/uploads\/2025\/06\/2-4-1-1024x682.jpg 1024w, https:\/\/infotorrent.es\/wp-content\/uploads\/2025\/06\/2-4-1-300x200.jpg 300w, https:\/\/infotorrent.es\/wp-content\/uploads\/2025\/06\/2-4-1-768x512.jpg 768w, https:\/\/infotorrent.es\/wp-content\/uploads\/2025\/06\/2-4-1-1536x1023.jpg 1536w, https:\/\/infotorrent.es\/wp-content\/uploads\/2025\/06\/2-4-1.jpg 1600w\" sizes=\"(max-width: 1024px) 100vw, 1024px\" \/><\/figure>\n\n\n\n<figure class=\"wp-block-image size-large\"><img decoding=\"async\" width=\"1024\" height=\"682\" data-id=\"83078\" src=\"https:\/\/infotorrent.es\/wp-content\/uploads\/2025\/06\/1-5-1-1024x682.jpg\" alt=\"\" class=\"wp-image-83078\" srcset=\"https:\/\/infotorrent.es\/wp-content\/uploads\/2025\/06\/1-5-1-1024x682.jpg 1024w, https:\/\/infotorrent.es\/wp-content\/uploads\/2025\/06\/1-5-1-300x200.jpg 300w, https:\/\/infotorrent.es\/wp-content\/uploads\/2025\/06\/1-5-1-768x512.jpg 768w, https:\/\/infotorrent.es\/wp-content\/uploads\/2025\/06\/1-5-1-1536x1023.jpg 1536w, https:\/\/infotorrent.es\/wp-content\/uploads\/2025\/06\/1-5-1.jpg 1600w\" sizes=\"(max-width: 1024px) 100vw, 1024px\" \/><\/figure>\n\n\n\n<figure class=\"wp-block-image size-large\"><img decoding=\"async\" width=\"1024\" height=\"682\" data-id=\"83074\" src=\"https:\/\/infotorrent.es\/wp-content\/uploads\/2025\/06\/4-13-1024x682.jpg\" alt=\"\" class=\"wp-image-83074\" srcset=\"https:\/\/infotorrent.es\/wp-content\/uploads\/2025\/06\/4-13-1024x682.jpg 1024w, https:\/\/infotorrent.es\/wp-content\/uploads\/2025\/06\/4-13-300x200.jpg 300w, https:\/\/infotorrent.es\/wp-content\/uploads\/2025\/06\/4-13-768x512.jpg 768w, https:\/\/infotorrent.es\/wp-content\/uploads\/2025\/06\/4-13-1536x1023.jpg 1536w, https:\/\/infotorrent.es\/wp-content\/uploads\/2025\/06\/4-13.jpg 1600w\" sizes=\"(max-width: 1024px) 100vw, 1024px\" \/><\/figure>\n\n\n\n<figure class=\"wp-block-image size-large\"><img loading=\"lazy\" decoding=\"async\" width=\"1024\" height=\"682\" data-id=\"83076\" src=\"https:\/\/infotorrent.es\/wp-content\/uploads\/2025\/06\/3-2-1-1024x682.jpg\" alt=\"\" class=\"wp-image-83076\" srcset=\"https:\/\/infotorrent.es\/wp-content\/uploads\/2025\/06\/3-2-1-1024x682.jpg 1024w, https:\/\/infotorrent.es\/wp-content\/uploads\/2025\/06\/3-2-1-300x200.jpg 300w, https:\/\/infotorrent.es\/wp-content\/uploads\/2025\/06\/3-2-1-768x512.jpg 768w, https:\/\/infotorrent.es\/wp-content\/uploads\/2025\/06\/3-2-1-1536x1023.jpg 1536w, https:\/\/infotorrent.es\/wp-content\/uploads\/2025\/06\/3-2-1.jpg 1600w\" sizes=\"(max-width: 1024px) 100vw, 1024px\" \/><\/figure>\n<\/figure>\n","protected":false},"excerpt":{"rendered":"<p>L&#8217;alcaldessa Amparo Folgado inaugura esta jornada centrada en revaloritzar l&#8217;experi\u00e8ncia com a motor de canvi i futur laboral La jornada ha comptat amb una inscripci\u00f3 de quasi 500 persones i la participaci\u00f3 de 16 empreses \u2022&nbsp;&nbsp;&nbsp;&nbsp;&nbsp;&nbsp; Folgado reivindica la fortalesa de l&#8217;experi\u00e8ncia: \u201cEl talent no t\u00e9 data de caducitat i tornar a comen\u00e7ar no \u00e9s [&hellip;]<\/p>\n","protected":false},"author":14,"featured_media":83074,"comment_status":"open","ping_status":"open","sticky":false,"template":"","format":"standard","meta":{"_acf_changed":false,"footnotes":""},"categories":[141,1205,1194],"tags":[],"class_list":["post-83083","post","type-post","status-publish","format-standard","has-post-thumbnail","hentry","category-alcaldia-2","category-comercio-mercados-y-empleo-ca","category-ideat-ca"],"acf":[],"_links":{"self":[{"href":"https:\/\/infotorrent.es\/ca\/wp-json\/wp\/v2\/posts\/83083","targetHints":{"allow":["GET"]}}],"collection":[{"href":"https:\/\/infotorrent.es\/ca\/wp-json\/wp\/v2\/posts"}],"about":[{"href":"https:\/\/infotorrent.es\/ca\/wp-json\/wp\/v2\/types\/post"}],"author":[{"embeddable":true,"href":"https:\/\/infotorrent.es\/ca\/wp-json\/wp\/v2\/users\/14"}],"replies":[{"embeddable":true,"href":"https:\/\/infotorrent.es\/ca\/wp-json\/wp\/v2\/comments?post=83083"}],"version-history":[{"count":1,"href":"https:\/\/infotorrent.es\/ca\/wp-json\/wp\/v2\/posts\/83083\/revisions"}],"predecessor-version":[{"id":83085,"href":"https:\/\/infotorrent.es\/ca\/wp-json\/wp\/v2\/posts\/83083\/revisions\/83085"}],"wp:featuredmedia":[{"embeddable":true,"href":"https:\/\/infotorrent.es\/ca\/wp-json\/wp\/v2\/media\/83074"}],"wp:attachment":[{"href":"https:\/\/infotorrent.es\/ca\/wp-json\/wp\/v2\/media?parent=83083"}],"wp:term":[{"taxonomy":"category","embeddable":true,"href":"https:\/\/infotorrent.es\/ca\/wp-json\/wp\/v2\/categories?post=83083"},{"taxonomy":"post_tag","embeddable":true,"href":"https:\/\/infotorrent.es\/ca\/wp-json\/wp\/v2\/tags?post=83083"}],"curies":[{"name":"wp","href":"https:\/\/api.w.org\/{rel}","templated":true}]}}