{"id":83040,"date":"2025-06-25T11:18:19","date_gmt":"2025-06-25T09:18:19","guid":{"rendered":"https:\/\/infotorrent.es\/?p=83040"},"modified":"2025-06-25T11:18:21","modified_gmt":"2025-06-25T09:18:21","slug":"torrent-acull-una-nova-edicio-de-la-fira-docupacio-trobades-45-centrada-en-el-talent-i-lexperiencia-dels-majors-de-45-anys","status":"publish","type":"post","link":"https:\/\/infotorrent.es\/ca\/alcaldia-2\/torrent-acull-una-nova-edicio-de-la-fira-docupacio-trobades-45-centrada-en-el-talent-i-lexperiencia-dels-majors-de-45-anys\/","title":{"rendered":"Torrent acull una nova edici\u00f3 de la Fira d&#8217;Ocupaci\u00f3 \u201cTrobades 45+\u201d, centrada en el talent i l&#8217;experi\u00e8ncia dels majors de 45 anys"},"content":{"rendered":"\n<p><strong>M\u00e9s de 16 empreses busquen talent i han confirmat la seua participaci\u00f3 en la Fira d&#8217;Ocupaci\u00f3 S\u00e8nior<\/strong><\/p>\n\n\n\n<p><strong>Una cita imprescindible per a l&#8217;ocupabilitat i el desenrotllament professional dels qui encara tenen molt a aportar al mercat laboral<\/strong><\/p>\n\n\n\n<h4 class=\"wp-block-heading\"><strong>L&#8217;objectiu del qual s&#8217;enfoca en la revaloraci\u00f3 de la seua traject\u00f2ria professional, oferint-los noves oportunitats laborals<\/strong><\/h4>\n\n\n\n<p>Dema  Dijous 26 de juny, l&#8217;Antic Mercat de Torrent tornar\u00e0 a convertir-se en l&#8217;epicentre del talent s\u00e8nior amb la celebraci\u00f3 d&#8217;una nova edici\u00f3 de la Fira d&#8217;Ocupaci\u00f3 \u201cTrobades 45+\u201d, una iniciativa impulsada per Cambra Val\u00e8ncia en col\u00b7laboraci\u00f3 de l&#8217;Ajuntament de Torrent, a trav\u00e9s d&#8217;IDEA\u2019T i la Diputaci\u00f3 de Val\u00e8ncia, amb el suport del Fons Social Europeu.<\/p>\n\n\n\n<p>La jornada, dirigida a persones desocupades o en busca de millora laboral entre els 45 i 60 anys, posa el focus en l&#8217;experi\u00e8ncia, la maduresa i la capacitat de reinvenci\u00f3 d&#8217;este col\u00b7lectiu i pret\u00e9n oferir ferramentes pr\u00e0ctiques, inspiraci\u00f3 i oportunitats reals per a millorar l&#8217;ocupabilitat. Es comptar\u00e0 amb la pres\u00e8ncia dels departaments de Recursos Humans de les empreses participants en la marat\u00f3 d&#8217;entrevistes i els assistents podran entrevistar-se amb elles si complixen amb els requisits de les ofertes publicades en este enlla\u00e7&nbsp;<a href=\"https:\/\/encuentros45.camaravalencia.com\/\" target=\"_blank\" rel=\"noreferrer noopener\">https:\/\/encuentros45.camaravalencia.com\/<\/a>&nbsp;.<\/p>\n\n\n\n<p>Esta nova edici\u00f3, que se celebrar\u00e0 entre les 9.00 i les 14.00 hores, ha sigut dissenyada com un espai din\u00e0mic, participatiu i motivador, en el qual es combina l&#8217;acompanyament professional amb tallers, xarrades inspiradores i oportunitats per a establir contactes \u00fatils amb empreses, institucions i professionals de l&#8217;orientaci\u00f3 laboral.<\/p>\n\n\n\n<p><strong>Una aposta decidida per l&#8217;experi\u00e8ncia com a valor diferencial<\/strong><\/p>\n\n\n\n<p>La regidora d&#8217;ocupaci\u00f3, Sandra Fas, ha destacat el ferm comprom\u00eds del consistori amb esta iniciativa:&nbsp;<strong>\u201cLa Fira Trobades 45+ \u00e9s una mostra que el talent no t\u00e9 data de caducitat. A Torrent creiem en la for\u00e7a transformadora de l&#8217;experi\u00e8ncia, en la saviesa que aporten els anys de traject\u00f2ria professional i en la necessitat de continuar generant oportunitats per als qui m\u00e9s ho necessiten. Esta fira \u00e9s un impuls perqu\u00e8 els nostres ve\u00efns i ve\u00efnes puguen retrobar-se amb el mercat laboral des de la confian\u00e7a i la motivaci\u00f3\u201d.<\/strong><\/p>\n\n\n\n<p>La jornada comptar\u00e0 amb una agenda intensa i variada, estructurada per a donar resposta tant a les necessitats emocionals com t\u00e8cniques del proc\u00e9s de reinserci\u00f3 laboral. Despr\u00e9s de la recepci\u00f3 dels assistents, tindr\u00e0 lloc la benvinguda oficial i presentaci\u00f3 institucional a c\u00e0rrec de representants de les entitats organitzadores, Ajuntament de Torrent, Diputaci\u00f3 de Val\u00e8ncia i Cambra Val\u00e8ncia, els qui compartiran la seua visi\u00f3 sobre els reptes de l&#8217;ocupaci\u00f3 en el col\u00b7lectiu de majors de 45 anys.<\/p>\n\n\n\n<p><strong>Motivaci\u00f3, ferramentes i visi\u00f3 de futur<\/strong><\/p>\n\n\n\n<p>La conducci\u00f3 de l&#8217;acte ser\u00e0 a c\u00e0rrec de Gema Font, speaker i presentadora especialitzada en comunicaci\u00f3 institucional. Amb una \u00e0mplia traject\u00f2ria ajudant a millorar la capacitat comunicativa d&#8217;entitats p\u00fabliques com la Cambra de Comer\u00e7, la Universitat Jaume I, la Universitat de Val\u00e8ncia, la UNED, el CEEI o diversos ajuntaments. Gema Font destaca per la seua experi\u00e8ncia i capacitat per a connectar amb el p\u00fablic. Actualment exercix com a consultora, col\u00b7laborant amb empreses i organismes en el desenrotllament i enfortiment de les seues habilitats comunicatives.<\/p>\n\n\n\n<p>Un dels moments clau, entorn de les 10.00 hores, ser\u00e0 la confer\u00e8ncia d&#8217;obertura titulada \u201cArrels fortes, futur brillant\u201d, impartida per Carlos Verchili, comandament de Bombers del Consorci de Castell\u00f3, emprenedor i polifac\u00e8tic, que compartir\u00e0 la seua inspiradora traject\u00f2ria personal i professional. Amb un enfocament emocional, Verchili abordar\u00e0 la import\u00e0ncia dels valors, la resili\u00e8ncia i la capacitat d&#8217;adaptaci\u00f3 com a motors per a obrir noves etapes vitals i professionals.<\/p>\n\n\n\n<p>A la mateixa hora, es duran a terme les entrevistes de treball amb les empreses participants.<\/p>\n\n\n\n<p>Posteriorment, a les 11.30 hores, tindr\u00e0 lloc el taller pr\u00e0ctic \u201cEls fruits de l&#8217;experi\u00e8ncia\u201d, impartida per Ana A\u00f1\u00f3n, Enginyera Inform\u00e0tica per la UPV i M\u00e0ster en Mental System Management: Neurocreatividad, Innovaci\u00f3 i Sext Sentit per la Universitat de Val\u00e8ncia. Docent i Escriptora. Fundadora d&#8217;Enfocament L\u00edquid, un equip especialitzat en el disseny i execuci\u00f3 de solucions innovadores. Compta amb una s\u00f2lida traject\u00f2ria en consultoria, facilitaci\u00f3 de din\u00e0miques col\u00b7laboratives, millora organitzacional i desenrotllament professional. Una sessi\u00f3 orientada a identificar i posar en valor les compet\u00e8ncies transversals, habilitats adquirides i fortaleses que moltes vegades romanen ocultes en els processos de busca d&#8217;ocupaci\u00f3. Esta activitat busca guiar als participants i ajudar-los a desenrotllar una estrat\u00e8gia de reinvenci\u00f3 efectiva, adaptada al mercat actual.<\/p>\n\n\n\n<p>La jornada culminar\u00e0, a les 12.30 hores amb la xarrada \u201cA la recerca de talent: qu\u00e8 valoren les empreses?\u201d. On s&#8217;oferiran claus per a entendre els nous criteris de selecci\u00f3, com adaptar-se a les exig\u00e8ncies de l&#8217;entorn laboral modern i com convertir l&#8217;edat en un avantatge competitiu en lloc d&#8217;una barrera.<\/p>\n\n\n\n<p>M\u00e9s enll\u00e0 de les activitats programades, \u201cTrobades 45+\u201d ser\u00e0 un f\u00f2rum d&#8217;assessorament personalitzat, en el qual els assistents podran interactuar amb empreses reclutadores, professionals de l&#8217;orientaci\u00f3 laboral, entitats col\u00b7laboradores i programes d&#8217;ocupaci\u00f3, formaci\u00f3 i emprenedoria. L&#8217;objectiu \u00e9s clar: teixir xarxes, identificar oportunitats reals i activar el talent s\u00e8nior.<\/p>\n\n\n\n<p><strong>Una ciutat compromesa amb la inclusi\u00f3 laboral<\/strong><\/p>\n\n\n\n<p>Des de l&#8217;Ajuntament de Torrent es remarca la import\u00e0ncia d&#8217;abordar la desocupaci\u00f3 en majors de 45 anys amb pol\u00edtiques actives, personalitzades i adaptades a la seua realitat. Esta fira forma part d&#8217;una estrat\u00e8gia m\u00e9s \u00e0mplia per a millorar l&#8217;ocupabilitat dels col\u00b7lectius m\u00e9s vulnerables i amb dificultats per a reincorporar-se al mercat per raons d&#8217;edat o canvis estructurals en l&#8217;entorn professional.<\/p>\n\n\n\n<p>Sandra Fas ha subratllat que \u201cesta fira \u00e9s un reflex de la nostra voluntat de no deixar a ning\u00fa arrere. Volem que Torrent siga una ciutat d&#8217;oportunitats, on cada persona tinga la possibilitat de reinventar-se, formar-se i aportar el millor de si mateixa\u201d.<\/p>\n\n\n\n<p><strong>Torrent, al costat dels qui busquen cr\u00e9ixer i reinventar-se<\/strong><\/p>\n\n\n\n<p>L&#8217;\u00e8xit de l&#8217;edici\u00f3 anterior de la Fira \u201cTrobades 45+\u201d ha consolidat esta proposta com un referent a la prov\u00edncia per a l&#8217;activaci\u00f3 del talent s\u00e8nior. M\u00e9s d&#8217;un centenar de persones van participar en aquella jornada, mostrant un alt grau de satisfacci\u00f3 i motivaci\u00f3 despr\u00e9s de l&#8217;experi\u00e8ncia. Esta nova edici\u00f3 promet consolidar encara m\u00e9s els objectius d&#8217;acompanyament, assessorament i orientaci\u00f3 a trav\u00e9s d&#8217;una programaci\u00f3 m\u00e9s ambiciosa, pr\u00f2xima i adaptada a les demandes actuals.<\/p>\n\n\n\n<p><strong>\u201cVolem continuar sent una ciutat que cuida dels seus ciutadans, que escolta les seues necessitats i respon amb solucions reals. Esta fira \u00e9s una finestra oberta a l&#8217;esperan\u00e7a, a l&#8217;aprenentatge continu i a la dignificaci\u00f3 del talent dels qui encara tenen molt per aportar\u201d<\/strong>, ha concl\u00f2s la regidora.<\/p>\n\n\n\n<figure class=\"wp-block-gallery has-nested-images columns-default is-cropped wp-block-gallery-1 is-layout-flex wp-block-gallery-is-layout-flex\">\n<figure class=\"wp-block-image size-large\"><img fetchpriority=\"high\" decoding=\"async\" width=\"1024\" height=\"682\" data-id=\"83037\" src=\"https:\/\/infotorrent.es\/wp-content\/uploads\/2025\/06\/1-3-1-1024x682.jpg\" alt=\"\" class=\"wp-image-83037\" srcset=\"https:\/\/infotorrent.es\/wp-content\/uploads\/2025\/06\/1-3-1-1024x682.jpg 1024w, https:\/\/infotorrent.es\/wp-content\/uploads\/2025\/06\/1-3-1-300x200.jpg 300w, https:\/\/infotorrent.es\/wp-content\/uploads\/2025\/06\/1-3-1-768x512.jpg 768w, https:\/\/infotorrent.es\/wp-content\/uploads\/2025\/06\/1-3-1-1536x1023.jpg 1536w, https:\/\/infotorrent.es\/wp-content\/uploads\/2025\/06\/1-3-1.jpg 1600w\" sizes=\"(max-width: 1024px) 100vw, 1024px\" \/><\/figure>\n\n\n\n<figure class=\"wp-block-image size-large\"><img decoding=\"async\" width=\"1024\" height=\"941\" data-id=\"83035\" src=\"https:\/\/infotorrent.es\/wp-content\/uploads\/2025\/06\/Cartel-Encuentros-45-Torrent_-1024x941.jpg\" alt=\"\" class=\"wp-image-83035\" srcset=\"https:\/\/infotorrent.es\/wp-content\/uploads\/2025\/06\/Cartel-Encuentros-45-Torrent_-1024x941.jpg 1024w, https:\/\/infotorrent.es\/wp-content\/uploads\/2025\/06\/Cartel-Encuentros-45-Torrent_-300x276.jpg 300w, https:\/\/infotorrent.es\/wp-content\/uploads\/2025\/06\/Cartel-Encuentros-45-Torrent_-768x705.jpg 768w, https:\/\/infotorrent.es\/wp-content\/uploads\/2025\/06\/Cartel-Encuentros-45-Torrent_.jpg 1241w\" sizes=\"(max-width: 1024px) 100vw, 1024px\" \/><\/figure>\n\n\n\n<figure class=\"wp-block-image size-large\"><img decoding=\"async\" width=\"1024\" height=\"682\" data-id=\"83033\" src=\"https:\/\/infotorrent.es\/wp-content\/uploads\/2025\/06\/2-2-2-1024x682.jpg\" alt=\"\" class=\"wp-image-83033\" srcset=\"https:\/\/infotorrent.es\/wp-content\/uploads\/2025\/06\/2-2-2-1024x682.jpg 1024w, https:\/\/infotorrent.es\/wp-content\/uploads\/2025\/06\/2-2-2-300x200.jpg 300w, https:\/\/infotorrent.es\/wp-content\/uploads\/2025\/06\/2-2-2-768x512.jpg 768w, https:\/\/infotorrent.es\/wp-content\/uploads\/2025\/06\/2-2-2-1536x1023.jpg 1536w, https:\/\/infotorrent.es\/wp-content\/uploads\/2025\/06\/2-2-2.jpg 1600w\" sizes=\"(max-width: 1024px) 100vw, 1024px\" \/><\/figure>\n\n\n\n<figure class=\"wp-block-image size-large\"><img loading=\"lazy\" decoding=\"async\" width=\"1024\" height=\"682\" data-id=\"83031\" src=\"https:\/\/infotorrent.es\/wp-content\/uploads\/2025\/06\/3-1-1-1024x682.jpg\" alt=\"\" class=\"wp-image-83031\" srcset=\"https:\/\/infotorrent.es\/wp-content\/uploads\/2025\/06\/3-1-1-1024x682.jpg 1024w, https:\/\/infotorrent.es\/wp-content\/uploads\/2025\/06\/3-1-1-300x200.jpg 300w, https:\/\/infotorrent.es\/wp-content\/uploads\/2025\/06\/3-1-1-768x512.jpg 768w, https:\/\/infotorrent.es\/wp-content\/uploads\/2025\/06\/3-1-1-1536x1023.jpg 1536w, https:\/\/infotorrent.es\/wp-content\/uploads\/2025\/06\/3-1-1.jpg 1600w\" sizes=\"(max-width: 1024px) 100vw, 1024px\" \/><\/figure>\n<\/figure>\n","protected":false},"excerpt":{"rendered":"<p>M\u00e9s de 16 empreses busquen talent i han confirmat la seua participaci\u00f3 en la Fira d&#8217;Ocupaci\u00f3 S\u00e8nior Una cita imprescindible per a l&#8217;ocupabilitat i el desenrotllament professional dels qui encara tenen molt a aportar al mercat laboral L&#8217;objectiu del qual s&#8217;enfoca en la revaloraci\u00f3 de la seua traject\u00f2ria professional, oferint-los noves oportunitats laborals Dema Dijous [&hellip;]<\/p>\n","protected":false},"author":14,"featured_media":83035,"comment_status":"open","ping_status":"open","sticky":false,"template":"","format":"standard","meta":{"_acf_changed":false,"footnotes":""},"categories":[141,1205,1194],"tags":[],"class_list":["post-83040","post","type-post","status-publish","format-standard","has-post-thumbnail","hentry","category-alcaldia-2","category-comercio-mercados-y-empleo-ca","category-ideat-ca"],"acf":[],"_links":{"self":[{"href":"https:\/\/infotorrent.es\/ca\/wp-json\/wp\/v2\/posts\/83040","targetHints":{"allow":["GET"]}}],"collection":[{"href":"https:\/\/infotorrent.es\/ca\/wp-json\/wp\/v2\/posts"}],"about":[{"href":"https:\/\/infotorrent.es\/ca\/wp-json\/wp\/v2\/types\/post"}],"author":[{"embeddable":true,"href":"https:\/\/infotorrent.es\/ca\/wp-json\/wp\/v2\/users\/14"}],"replies":[{"embeddable":true,"href":"https:\/\/infotorrent.es\/ca\/wp-json\/wp\/v2\/comments?post=83040"}],"version-history":[{"count":1,"href":"https:\/\/infotorrent.es\/ca\/wp-json\/wp\/v2\/posts\/83040\/revisions"}],"predecessor-version":[{"id":83042,"href":"https:\/\/infotorrent.es\/ca\/wp-json\/wp\/v2\/posts\/83040\/revisions\/83042"}],"wp:featuredmedia":[{"embeddable":true,"href":"https:\/\/infotorrent.es\/ca\/wp-json\/wp\/v2\/media\/83035"}],"wp:attachment":[{"href":"https:\/\/infotorrent.es\/ca\/wp-json\/wp\/v2\/media?parent=83040"}],"wp:term":[{"taxonomy":"category","embeddable":true,"href":"https:\/\/infotorrent.es\/ca\/wp-json\/wp\/v2\/categories?post=83040"},{"taxonomy":"post_tag","embeddable":true,"href":"https:\/\/infotorrent.es\/ca\/wp-json\/wp\/v2\/tags?post=83040"}],"curies":[{"name":"wp","href":"https:\/\/api.w.org\/{rel}","templated":true}]}}