{"id":8302,"date":"2016-12-20T12:34:17","date_gmt":"2016-12-20T12:34:17","guid":{"rendered":"https:\/\/infotorrent.es\/uncategorized\/record-de-participacion-en-la-feria-empresarial-del-2016\/"},"modified":"2016-12-20T12:34:17","modified_gmt":"2016-12-20T12:34:17","slug":"record-de-participacion-en-la-feria-empresarial-del-2016","status":"publish","type":"post","link":"https:\/\/infotorrent.es\/ca\/noticies\/record-de-participacion-en-la-feria-empresarial-del-2016\/","title":{"rendered":"R\u00e8cord de participaci\u00f3 en la Fira Empresarial del 2016"},"content":{"rendered":"<div>\n<div>Este cap de setmana ha tingut lloc la Fira Empresarial del 2016 en el Centre Comercial Les Am\u00e8riques de Torrent, que s&#8217;ha aprofitat per a commemorar el 25\u00e9 aniversari del mateix centre comercial.<\/div>\n<div><\/div>\n<div>Divendres i dissabte es van poder visitar les parades de quasi 40 entitats i els assistents van poder gaudir d&#8217;activitats dirigides a tot tipus de p\u00fablic que van congregar m\u00e9s de 3.000 persones, una xifra r\u00e8cord que no s&#8217;havia registrat des de 1991, data de la fundaci\u00f3 del centre comercial.<\/div>\n<div>Divendres al mat\u00ed tingu\u00e9 lloc la inauguraci\u00f3 a qu\u00e8 va assistir l&#8217;alcalde Jes\u00fas Ros aix\u00ed com un nodrit grup de la corporaci\u00f3 municipal. A m\u00e9s, l&#8217;acte va estar amenitzat per l&#8217;actuaci\u00f3 de Cloud Nine.<\/div>\n<div><\/div>\n<div>A la vesprada, els assistents van poder contemplar el xou de la Patrulla Canina i l&#8217;actuaci\u00f3 del cor nadalenc infantil de l&#8217;Escola Musical Allegretto i del grup de percussi\u00f3 d\u2019ADISTO. La jornada es va cloure amb l&#8217;actuaci\u00f3 del duo musical Cloud Nine (especialistes en versions de pop passades pel sed\u00e0s del soul, jazz i R&amp;B).<\/div>\n<div><\/div>\n<div>A partir de les 21 h la diversi\u00f3 es va traslladar a la planta inferior del CC Les Am\u00e8riques, on va actuar el Cor dels Rocieros de Torrent i es munt\u00e0 un \u201ctablao\u201d flamenc a c\u00e0rrec del Pub Al \u00c0ndalus, mentre els assistents van poder tastar diversos aliments.<\/div>\n<div><\/div>\n<div>Dissabte, la Patrulla Canina va tornar a fer una exhibici\u00f3. Els m\u00e9s menuts van poder participar en activitats d&#8217;animaci\u00f3 i els m\u00e9s majors van participar en demostracions de zumba i ballter\u00e0pia a c\u00e0rrec d\u2019American Fitness.<\/div>\n<\/div>\n<div><\/div>\n","protected":false},"excerpt":{"rendered":"<p>Este cap de setmana ha tingut lloc la Fira Empresarial del 2016 en el Centre Comercial Les Am\u00e8riques de Torrent, que s&#8217;ha aprofitat per a commemorar el 25\u00e9 aniversari del mateix centre comercial. Divendres i dissabte es van poder visitar les parades de quasi 40 entitats i els assistents van poder gaudir d&#8217;activitats dirigides a [&hellip;]<\/p>\n","protected":false},"author":13,"featured_media":1137,"comment_status":"open","ping_status":"open","sticky":false,"template":"","format":"standard","meta":{"_acf_changed":false,"footnotes":""},"categories":[126,116],"tags":[],"class_list":["post-8302","post","type-post","status-publish","format-standard","has-post-thumbnail","hentry","category-cultura-es-2","category-noticies"],"acf":[],"_links":{"self":[{"href":"https:\/\/infotorrent.es\/ca\/wp-json\/wp\/v2\/posts\/8302","targetHints":{"allow":["GET"]}}],"collection":[{"href":"https:\/\/infotorrent.es\/ca\/wp-json\/wp\/v2\/posts"}],"about":[{"href":"https:\/\/infotorrent.es\/ca\/wp-json\/wp\/v2\/types\/post"}],"author":[{"embeddable":true,"href":"https:\/\/infotorrent.es\/ca\/wp-json\/wp\/v2\/users\/13"}],"replies":[{"embeddable":true,"href":"https:\/\/infotorrent.es\/ca\/wp-json\/wp\/v2\/comments?post=8302"}],"version-history":[{"count":0,"href":"https:\/\/infotorrent.es\/ca\/wp-json\/wp\/v2\/posts\/8302\/revisions"}],"wp:featuredmedia":[{"embeddable":true,"href":"https:\/\/infotorrent.es\/ca\/wp-json\/wp\/v2\/media\/1137"}],"wp:attachment":[{"href":"https:\/\/infotorrent.es\/ca\/wp-json\/wp\/v2\/media?parent=8302"}],"wp:term":[{"taxonomy":"category","embeddable":true,"href":"https:\/\/infotorrent.es\/ca\/wp-json\/wp\/v2\/categories?post=8302"},{"taxonomy":"post_tag","embeddable":true,"href":"https:\/\/infotorrent.es\/ca\/wp-json\/wp\/v2\/tags?post=8302"}],"curies":[{"name":"wp","href":"https:\/\/api.w.org\/{rel}","templated":true}]}}