{"id":8295,"date":"2016-12-19T12:14:11","date_gmt":"2016-12-19T12:14:11","guid":{"rendered":"https:\/\/infotorrent.es\/uncategorized\/el-centro-comercial-las-americas-se-viste-de-gala-y-celebra-su-25-aniversario\/"},"modified":"2016-12-19T12:14:11","modified_gmt":"2016-12-19T12:14:11","slug":"el-centro-comercial-las-americas-se-viste-de-gala-y-celebra-su-25-aniversario","status":"publish","type":"post","link":"https:\/\/infotorrent.es\/ca\/noticies\/el-centro-comercial-las-americas-se-viste-de-gala-y-celebra-su-25-aniversario\/","title":{"rendered":"El Centre Comercial Les Am\u00e8riques es vist de gala i celebra el seu 25\u00e9 aniversari"},"content":{"rendered":"<div style=\"text-align: center;\">\n<div><strong>La Fira Empresarial de Nadal juntament amb altres activitats han completat una programaci\u00f3 l\u00fadica, cultural i familiar en l&#8217;aniversari del Centre Comercial Les Am\u00e8riques<\/strong><\/div>\n<\/div>\n<div><\/div>\n<div style=\"text-align: center;\">\n<div style=\"text-align: left;\">Amb motiu del 25\u00e9 aniversari del centre comercial, l\u2019Associaci\u00f3 de Comer\u00e7 i Serveis de Torrent (ACST) en col\u00b7laboraci\u00f3 amb\u00a0l&#8217;empresa municipal Idea&#8217;t ha organitzat diferents actes durant tota la setmana com ara la Setmana de la R\u00e0dio o la Fira Empresarial de Nadal d\u2019este cap de setmana per a commemorar esta efem\u00e8ride. Amb la Setmana de la R\u00e0dio els socis d\u2019ACST, que aix\u00ed ho han sol\u00b7licitat, han sigut entrevistats per Mediteradio FM (101.9) per a promocionar els seus negocis en horari matinal. Les vesprades s\u2019han reservat a xarrades empresarials gratu\u00eftes a fi potenciar els negocis associats a l&#8217;entitat en un ambient relaxat i amb un descans per a prendre caf\u00e9 totalment debades.<\/div>\n<div style=\"text-align: left;\"><\/div>\n<div style=\"text-align: left;\">El divendres de mat\u00ed, l&#8217;alcalde Jes\u00fas Ros acompanyat d&#8217;un nodrit grup de la corporaci\u00f3 municipal ha inaugurat oficialment la Fira Empresarial de Nadal, que estar\u00e0 oberta al p\u00fablic hui i dem\u00e0. L&#8217;acte d&#8217;inauguraci\u00f3 va estar amenitzat per l&#8217;actuaci\u00f3 musical de Cloud Nine. Durant l&#8217;acte l&#8217;alcalde Jes\u00fas Ros va tindre paraules d&#8217;afecte i agra\u00efment cap a la figura de Luis Arenas i la seua v\u00eddua Hilda Torres, propietaris del centre comercial.<\/div>\n<\/div>\n","protected":false},"excerpt":{"rendered":"<p>La Fira Empresarial de Nadal juntament amb altres activitats han completat una programaci\u00f3 l\u00fadica, cultural i familiar en l&#8217;aniversari del Centre Comercial Les Am\u00e8riques Amb motiu del 25\u00e9 aniversari del centre comercial, l\u2019Associaci\u00f3 de Comer\u00e7 i Serveis de Torrent (ACST) en col\u00b7laboraci\u00f3 amb\u00a0l&#8217;empresa municipal Idea&#8217;t ha organitzat diferents actes durant tota la setmana com ara [&hellip;]<\/p>\n","protected":false},"author":13,"featured_media":1137,"comment_status":"open","ping_status":"open","sticky":false,"template":"","format":"standard","meta":{"_acf_changed":false,"footnotes":""},"categories":[120,116],"tags":[733],"class_list":["post-8295","post","type-post","status-publish","format-standard","has-post-thumbnail","hentry","category-economia","category-noticies","tag-comercioeconomialas-americas"],"acf":[],"_links":{"self":[{"href":"https:\/\/infotorrent.es\/ca\/wp-json\/wp\/v2\/posts\/8295","targetHints":{"allow":["GET"]}}],"collection":[{"href":"https:\/\/infotorrent.es\/ca\/wp-json\/wp\/v2\/posts"}],"about":[{"href":"https:\/\/infotorrent.es\/ca\/wp-json\/wp\/v2\/types\/post"}],"author":[{"embeddable":true,"href":"https:\/\/infotorrent.es\/ca\/wp-json\/wp\/v2\/users\/13"}],"replies":[{"embeddable":true,"href":"https:\/\/infotorrent.es\/ca\/wp-json\/wp\/v2\/comments?post=8295"}],"version-history":[{"count":0,"href":"https:\/\/infotorrent.es\/ca\/wp-json\/wp\/v2\/posts\/8295\/revisions"}],"wp:featuredmedia":[{"embeddable":true,"href":"https:\/\/infotorrent.es\/ca\/wp-json\/wp\/v2\/media\/1137"}],"wp:attachment":[{"href":"https:\/\/infotorrent.es\/ca\/wp-json\/wp\/v2\/media?parent=8295"}],"wp:term":[{"taxonomy":"category","embeddable":true,"href":"https:\/\/infotorrent.es\/ca\/wp-json\/wp\/v2\/categories?post=8295"},{"taxonomy":"post_tag","embeddable":true,"href":"https:\/\/infotorrent.es\/ca\/wp-json\/wp\/v2\/tags?post=8295"}],"curies":[{"name":"wp","href":"https:\/\/api.w.org\/{rel}","templated":true}]}}