{"id":82933,"date":"2025-06-20T10:13:30","date_gmt":"2025-06-20T08:13:30","guid":{"rendered":"https:\/\/infotorrent.es\/?p=82933"},"modified":"2025-06-20T10:14:53","modified_gmt":"2025-06-20T08:14:53","slug":"torrent-acompanya-els-veins-del-mas-del-jutge-en-la-seua-reclamacio-davant-la-confederacio-hidrografica-del-xuquer-despres-de-huit-mesos-sense-respostes","status":"publish","type":"post","link":"https:\/\/infotorrent.es\/ca\/dana-ca\/torrent-acompanya-els-veins-del-mas-del-jutge-en-la-seua-reclamacio-davant-la-confederacio-hidrografica-del-xuquer-despres-de-huit-mesos-sense-respostes\/","title":{"rendered":"Torrent acompanya els ve\u00efns del Mas del Jutge en la seua reclamaci\u00f3 davant la Confederaci\u00f3 Hidrogr\u00e0fica del X\u00faquer despr\u00e9s de huit mesos sense respostes"},"content":{"rendered":"\n<p><strong>\u201cNo demanem miracles, nom\u00e9s certeses\u201d: els ve\u00efns del Mas del Jutge clamen davant la CHJ<\/strong><\/p>\n\n\n\n<p>Quasi huit mesos despr\u00e9s de la devastadora DANA que va afectar el Mas del Jutge a Torrent, els ve\u00efns continuen esperant respostes concretes sobre el seu futur. Esta setmana, una delegaci\u00f3 de residents ha acudit a la seu de la Confederaci\u00f3 Hidrogr\u00e0fica del X\u00faquer (CHJ) per exigir explicacions sobre l\u2019estudi del barranc del Saur\u00ed, els desbordaments del qual van causar greus danys en les seues vivendes i van acabar amb vides humanes.<\/p>\n\n\n\n<p>A esta reuni\u00f3 tamb\u00e9 han assistit el regidor d\u2019Urbanisme de l\u2019Ajuntament de Torrent, Jos\u00e9 Francisco Gozalvo, junt amb t\u00e8cnics municipals, com a senyal de suport institucional als ve\u00efns.<\/p>\n\n\n\n<p>\u201cL\u2019Ajuntament est\u00e0 ac\u00ed perqu\u00e8 totes les administracions hem de remar en la mateixa direcci\u00f3. \u00c9s imprescindible que s\u2019aclarisquen els l\u00edmits i es definisca el projecte com m\u00e9s prompte millor per evitar que els ve\u00efns continuen invertint a cegues en les seues cases\u201d, ha assenyalat Gozalvo, qui tamb\u00e9 ha reconegut que l\u2019estretor del llit podria obligar a ocupar terrenys per ampliar el barranc i previndre futurs desbordaments.<\/p>\n\n\n\n<p>Els ve\u00efns van traslladar a la CHJ la seua angoixa per la falta d\u2019informaci\u00f3 i la lentitud del proc\u00e9s. Una de les portaveus ve\u00efnals va explicar que \u201chi ha persones que fa mesos que viuen de lloguer, sense saber si podran tornar a casa ni quan. Alguns ja estan invertint els diners de les ajudes en obres sense garanties que les seues cases no queden fora del futur tra\u00e7at del barranc\u201d.<\/p>\n\n\n\n<p>Un altre dels ve\u00efns afectats va remarcar que \u201cmentre en altres casos com el del metro o els ponts s\u00ed que es coneixen dates i fases d\u2019actuaci\u00f3, nosaltres continuem sense saber res. No demanem miracles, nom\u00e9s certeses: si podrem quedar-nos a les nostres cases o haurem de refer la nostra vida en un altre lloc\u201d.<\/p>\n\n\n\n<p>Durant la reuni\u00f3, responsables t\u00e8cnics de la CHJ van recon\u00e9ixer que encara no existeix una soluci\u00f3 definitiva, encara que l\u2019estudi del barranc del Saur\u00ed est\u00e0 en marxa. Tamb\u00e9 van apuntar que ser\u00e0 necessari un acord entre administracions per executar les obres de protecci\u00f3 i que algunes zones, per la seua estretor, podrien requerir l\u2019ocupaci\u00f3 de terrenys per garantir la seguretat.<\/p>\n\n\n\n<p>A m\u00e9s, es va explicar que s\u2019est\u00e0 prenent com a refer\u00e8ncia l\u2019actuaci\u00f3 en altres zones similars, on s\u2019han adoptat mesures respectuoses amb les vivendes existents.<\/p>\n\n\n\n<p>Els ve\u00efns, encara que van agrair l\u2019atenci\u00f3 rebuda, van eixir de la reuni\u00f3 amb la mateixa incertesa amb qu\u00e8 van entrar. \u201cSabem que no hi ha solucions m\u00e0giques, per\u00f2 despr\u00e9s de huit mesos necessitem terminis, fases i una fulla de ruta clara\u201d, conclou un dels ve\u00efns.<\/p>\n\n\n\n<p>Des de l\u2019Ajuntament, el regidor Gozalvo va reiterar el comprom\u00eds municipal: \u201cEstem ac\u00ed, no nom\u00e9s com a instituci\u00f3, sin\u00f3 com a ve\u00efns que compartixen l\u2019angoixa d\u2019aquells que ho han perdut tot. Continuarem pressionant i col\u00b7laborant amb la resta d\u2019administracions perqu\u00e8 es done una resposta justa i r\u00e0pida\u201d.<\/p>\n\n\n\n<p>La reuni\u00f3 ha servit com a punt d\u2019inflexi\u00f3 per visibilitzar una problem\u00e0tica que continua sense resoldre\u2019s. El ve\u00efnat del Mas del Jutge, colpejat per l\u2019aigua i el silenci administratiu, reclama ara el dret a refer la seua vida amb la seguretat que no ser\u00e0 en va.<\/p>\n\n\n\n<figure class=\"wp-block-gallery has-nested-images columns-default is-cropped wp-block-gallery-1 is-layout-flex wp-block-gallery-is-layout-flex\">\n<figure class=\"wp-block-image size-large\"><img fetchpriority=\"high\" decoding=\"async\" width=\"1024\" height=\"678\" data-id=\"82929\" src=\"https:\/\/infotorrent.es\/wp-content\/uploads\/2025\/06\/Imagen-de-WhatsApp-2025-06-17-a-las-11.37.25_c93e0de6-1024x678.jpg\" alt=\"\" class=\"wp-image-82929\" srcset=\"https:\/\/infotorrent.es\/wp-content\/uploads\/2025\/06\/Imagen-de-WhatsApp-2025-06-17-a-las-11.37.25_c93e0de6-1024x678.jpg 1024w, https:\/\/infotorrent.es\/wp-content\/uploads\/2025\/06\/Imagen-de-WhatsApp-2025-06-17-a-las-11.37.25_c93e0de6-300x199.jpg 300w, https:\/\/infotorrent.es\/wp-content\/uploads\/2025\/06\/Imagen-de-WhatsApp-2025-06-17-a-las-11.37.25_c93e0de6-768x509.jpg 768w, https:\/\/infotorrent.es\/wp-content\/uploads\/2025\/06\/Imagen-de-WhatsApp-2025-06-17-a-las-11.37.25_c93e0de6-1536x1018.jpg 1536w, https:\/\/infotorrent.es\/wp-content\/uploads\/2025\/06\/Imagen-de-WhatsApp-2025-06-17-a-las-11.37.25_c93e0de6.jpg 1600w\" sizes=\"(max-width: 1024px) 100vw, 1024px\" \/><\/figure>\n\n\n\n<figure class=\"wp-block-image size-large\"><img decoding=\"async\" width=\"1024\" height=\"768\" data-id=\"82931\" src=\"https:\/\/infotorrent.es\/wp-content\/uploads\/2025\/06\/Imagen-de-WhatsApp-2025-06-17-a-las-11.58.55_a23c88ab-1024x768.jpg\" alt=\"\" class=\"wp-image-82931\" srcset=\"https:\/\/infotorrent.es\/wp-content\/uploads\/2025\/06\/Imagen-de-WhatsApp-2025-06-17-a-las-11.58.55_a23c88ab-1024x768.jpg 1024w, https:\/\/infotorrent.es\/wp-content\/uploads\/2025\/06\/Imagen-de-WhatsApp-2025-06-17-a-las-11.58.55_a23c88ab-300x225.jpg 300w, https:\/\/infotorrent.es\/wp-content\/uploads\/2025\/06\/Imagen-de-WhatsApp-2025-06-17-a-las-11.58.55_a23c88ab-768x576.jpg 768w, https:\/\/infotorrent.es\/wp-content\/uploads\/2025\/06\/Imagen-de-WhatsApp-2025-06-17-a-las-11.58.55_a23c88ab-1536x1152.jpg 1536w, https:\/\/infotorrent.es\/wp-content\/uploads\/2025\/06\/Imagen-de-WhatsApp-2025-06-17-a-las-11.58.55_a23c88ab.jpg 1600w\" sizes=\"(max-width: 1024px) 100vw, 1024px\" \/><\/figure>\n<\/figure>\n","protected":false},"excerpt":{"rendered":"<p>\u201cNo demanem miracles, nom\u00e9s certeses\u201d: els ve\u00efns del Mas del Jutge clamen davant la CHJ Quasi huit mesos despr\u00e9s de la devastadora DANA que va afectar el Mas del Jutge a Torrent, els ve\u00efns continuen esperant respostes concretes sobre el seu futur. Esta setmana, una delegaci\u00f3 de residents ha acudit a la seu de la [&hellip;]<\/p>\n","protected":false},"author":15,"featured_media":82929,"comment_status":"open","ping_status":"open","sticky":false,"template":"","format":"standard","meta":{"_acf_changed":false,"footnotes":""},"categories":[1217,1219,1167,133],"tags":[],"class_list":["post-82933","post","type-post","status-publish","format-standard","has-post-thumbnail","hentry","category-dana-ca","category-ajuntament-de-torrent","category-medi-ambient-noticies-es-ca","category-urbanisme"],"acf":[],"_links":{"self":[{"href":"https:\/\/infotorrent.es\/ca\/wp-json\/wp\/v2\/posts\/82933","targetHints":{"allow":["GET"]}}],"collection":[{"href":"https:\/\/infotorrent.es\/ca\/wp-json\/wp\/v2\/posts"}],"about":[{"href":"https:\/\/infotorrent.es\/ca\/wp-json\/wp\/v2\/types\/post"}],"author":[{"embeddable":true,"href":"https:\/\/infotorrent.es\/ca\/wp-json\/wp\/v2\/users\/15"}],"replies":[{"embeddable":true,"href":"https:\/\/infotorrent.es\/ca\/wp-json\/wp\/v2\/comments?post=82933"}],"version-history":[{"count":1,"href":"https:\/\/infotorrent.es\/ca\/wp-json\/wp\/v2\/posts\/82933\/revisions"}],"predecessor-version":[{"id":82935,"href":"https:\/\/infotorrent.es\/ca\/wp-json\/wp\/v2\/posts\/82933\/revisions\/82935"}],"wp:featuredmedia":[{"embeddable":true,"href":"https:\/\/infotorrent.es\/ca\/wp-json\/wp\/v2\/media\/82929"}],"wp:attachment":[{"href":"https:\/\/infotorrent.es\/ca\/wp-json\/wp\/v2\/media?parent=82933"}],"wp:term":[{"taxonomy":"category","embeddable":true,"href":"https:\/\/infotorrent.es\/ca\/wp-json\/wp\/v2\/categories?post=82933"},{"taxonomy":"post_tag","embeddable":true,"href":"https:\/\/infotorrent.es\/ca\/wp-json\/wp\/v2\/tags?post=82933"}],"curies":[{"name":"wp","href":"https:\/\/api.w.org\/{rel}","templated":true}]}}