{"id":8293,"date":"2016-12-19T12:11:22","date_gmt":"2016-12-19T12:11:22","guid":{"rendered":"https:\/\/infotorrent.es\/uncategorized\/lassociacio-cultural-tecniques-orientals-de-torrent-celebra-el-nadal\/"},"modified":"2016-12-19T12:11:22","modified_gmt":"2016-12-19T12:11:22","slug":"lassociacio-cultural-tecniques-orientals-de-torrent-celebra-el-nadal","status":"publish","type":"post","link":"https:\/\/infotorrent.es\/ca\/noticies\/lassociacio-cultural-tecniques-orientals-de-torrent-celebra-el-nadal\/","title":{"rendered":"L&#8217;Associaci\u00f3 Cultural T\u00e8cniques Orientals de Torrent celebra el Nadal"},"content":{"rendered":"<p>L&#8217;Associaci\u00f3 Cultural T\u00e8cniques Orientals de Torrent ha celebrat el seu tradicional berenar de Nadal amb un gran acolliment i assist\u00e8ncia de tots els presents. L&#8217;alcalde, Jes\u00fas Ros, juntament amb la regidora de Drets Personals, Encarna Lerma i el regidor de Seguretat Ciutadana, Jos\u00e9 Antonio Castillejo no han volgut faltar a aquest esdeveniment nadalenc, juntament amb la presidenta de l&#8217;associaci\u00f3. Un acte en el qual l&#8217;alcalde va aprofitar per a desitjar un Feli\u00e7 Nadal i un pr\u00f2sper any nou 2017.<\/p>\n","protected":false},"excerpt":{"rendered":"<p>L&#8217;Associaci\u00f3 Cultural T\u00e8cniques Orientals de Torrent ha celebrat el seu tradicional berenar de Nadal amb un gran acolliment i assist\u00e8ncia de tots els presents. L&#8217;alcalde, Jes\u00fas Ros, juntament amb la regidora de Drets Personals, Encarna Lerma i el regidor de Seguretat Ciutadana, Jos\u00e9 Antonio Castillejo no han volgut faltar a aquest esdeveniment nadalenc, juntament amb [&hellip;]<\/p>\n","protected":false},"author":13,"featured_media":1137,"comment_status":"open","ping_status":"open","sticky":false,"template":"","format":"standard","meta":{"_acf_changed":false,"footnotes":""},"categories":[117,116],"tags":[202],"class_list":["post-8293","post","type-post","status-publish","format-standard","has-post-thumbnail","hentry","category-cultura","category-noticies","tag-navidad"],"acf":[],"_links":{"self":[{"href":"https:\/\/infotorrent.es\/ca\/wp-json\/wp\/v2\/posts\/8293","targetHints":{"allow":["GET"]}}],"collection":[{"href":"https:\/\/infotorrent.es\/ca\/wp-json\/wp\/v2\/posts"}],"about":[{"href":"https:\/\/infotorrent.es\/ca\/wp-json\/wp\/v2\/types\/post"}],"author":[{"embeddable":true,"href":"https:\/\/infotorrent.es\/ca\/wp-json\/wp\/v2\/users\/13"}],"replies":[{"embeddable":true,"href":"https:\/\/infotorrent.es\/ca\/wp-json\/wp\/v2\/comments?post=8293"}],"version-history":[{"count":0,"href":"https:\/\/infotorrent.es\/ca\/wp-json\/wp\/v2\/posts\/8293\/revisions"}],"wp:featuredmedia":[{"embeddable":true,"href":"https:\/\/infotorrent.es\/ca\/wp-json\/wp\/v2\/media\/1137"}],"wp:attachment":[{"href":"https:\/\/infotorrent.es\/ca\/wp-json\/wp\/v2\/media?parent=8293"}],"wp:term":[{"taxonomy":"category","embeddable":true,"href":"https:\/\/infotorrent.es\/ca\/wp-json\/wp\/v2\/categories?post=8293"},{"taxonomy":"post_tag","embeddable":true,"href":"https:\/\/infotorrent.es\/ca\/wp-json\/wp\/v2\/tags?post=8293"}],"curies":[{"name":"wp","href":"https:\/\/api.w.org\/{rel}","templated":true}]}}