{"id":8292,"date":"2016-12-19T12:08:14","date_gmt":"2016-12-19T12:08:14","guid":{"rendered":"https:\/\/infotorrent.es\/uncategorized\/la-asociacion-mujeres-de-torrent-clausura-su-semana-cultural\/"},"modified":"2016-12-19T12:08:14","modified_gmt":"2016-12-19T12:08:14","slug":"la-asociacion-mujeres-de-torrent-clausura-su-semana-cultural","status":"publish","type":"post","link":"https:\/\/infotorrent.es\/ca\/uncategorized\/la-asociacion-mujeres-de-torrent-clausura-su-semana-cultural\/","title":{"rendered":"L&#8217;associaci\u00f3 Dones de Torrent clou la seua setmana cultural"},"content":{"rendered":"<p>L&#8217;associaci\u00f3 Dones de Torrent ha celebrat enguany el 26\u00e9 aniversari amb multitud d&#8217;activitats en la seua setmana cultural. Dilluns i dimarts tingueren dos vesprades gastron\u00f2miques amb berenar, dimecres la sala d&#8217;actes del consistori va acollir una jornada de \u201cplaybacks\u201d preparats per totes les components de l&#8217;associaci\u00f3 i ahir dijous es va cloure la setmana amb un dinar en la seu. L&#8217;alcalde Jes\u00fas Ros, al costat del regidor de l&#8217;\u00c0rea de Festes, Alfred Costa, i la regidora de Drets Personals, Encarna Lerma, va estar acompanyant les dones que amb tanta il\u00b7lusi\u00f3 i ganes organitzen cada any estes jornades festives.<\/p>\n","protected":false},"excerpt":{"rendered":"<p>L&#8217;associaci\u00f3 Dones de Torrent ha celebrat enguany el 26\u00e9 aniversari amb multitud d&#8217;activitats en la seua setmana cultural. Dilluns i dimarts tingueren dos vesprades gastron\u00f2miques amb berenar, dimecres la sala d&#8217;actes del consistori va acollir una jornada de \u201cplaybacks\u201d preparats per totes les components de l&#8217;associaci\u00f3 i ahir dijous es va cloure la setmana amb [&hellip;]<\/p>\n","protected":false},"author":13,"featured_media":1137,"comment_status":"open","ping_status":"open","sticky":false,"template":"","format":"standard","meta":{"_acf_changed":false,"footnotes":""},"categories":[126,127,25],"tags":[732],"class_list":["post-8292","post","type-post","status-publish","format-standard","has-post-thumbnail","hentry","category-cultura-es-2","category-noticias-2","category-uncategorized","tag-nadalsemana-culturalsetmana-cultural"],"acf":[],"_links":{"self":[{"href":"https:\/\/infotorrent.es\/ca\/wp-json\/wp\/v2\/posts\/8292","targetHints":{"allow":["GET"]}}],"collection":[{"href":"https:\/\/infotorrent.es\/ca\/wp-json\/wp\/v2\/posts"}],"about":[{"href":"https:\/\/infotorrent.es\/ca\/wp-json\/wp\/v2\/types\/post"}],"author":[{"embeddable":true,"href":"https:\/\/infotorrent.es\/ca\/wp-json\/wp\/v2\/users\/13"}],"replies":[{"embeddable":true,"href":"https:\/\/infotorrent.es\/ca\/wp-json\/wp\/v2\/comments?post=8292"}],"version-history":[{"count":0,"href":"https:\/\/infotorrent.es\/ca\/wp-json\/wp\/v2\/posts\/8292\/revisions"}],"wp:featuredmedia":[{"embeddable":true,"href":"https:\/\/infotorrent.es\/ca\/wp-json\/wp\/v2\/media\/1137"}],"wp:attachment":[{"href":"https:\/\/infotorrent.es\/ca\/wp-json\/wp\/v2\/media?parent=8292"}],"wp:term":[{"taxonomy":"category","embeddable":true,"href":"https:\/\/infotorrent.es\/ca\/wp-json\/wp\/v2\/categories?post=8292"},{"taxonomy":"post_tag","embeddable":true,"href":"https:\/\/infotorrent.es\/ca\/wp-json\/wp\/v2\/tags?post=8292"}],"curies":[{"name":"wp","href":"https:\/\/api.w.org\/{rel}","templated":true}]}}