{"id":8290,"date":"2016-12-19T12:04:45","date_gmt":"2016-12-19T12:04:45","guid":{"rendered":"https:\/\/infotorrent.es\/uncategorized\/els-majors-de-torrent-celebren-la-i-gala-de-nadal\/"},"modified":"2016-12-19T12:04:45","modified_gmt":"2016-12-19T12:04:45","slug":"els-majors-de-torrent-celebren-la-i-gala-de-nadal","status":"publish","type":"post","link":"https:\/\/infotorrent.es\/ca\/noticies\/els-majors-de-torrent-celebren-la-i-gala-de-nadal\/","title":{"rendered":"Els majors de Torrent celebren la I Gala de Nadal"},"content":{"rendered":"<div>La sala d\u2019actes de l&#8217;ajuntament de Torrent va acollir ahir a la vesprada la I Gala de Nadal dels Majors. L\u2019acte estava emmarcat en les diferents activitats de Nadal previstes per als majors del municipi, que van gaudir ahir a la vesprada d&#8217;una jornada de m\u00fasica i diversi\u00f3. L&#8217;alcalde Jes\u00fas Ros no volgu\u00e9 deixar passar este acte al costat del regidor d&#8217;Atenci\u00f3 a les Persones, Francesc Carbonell, la regidora d&#8217;Educaci\u00f3, Patricia S\u00e1ez, i el regidor de Seguretat Ciutadana, Jos\u00e9 Antonio Castillejo. En la gala hi van participar l&#8217;Escola Coral de Torrent, la coral de la CEAM i el mag Asdro.<\/div>\n","protected":false},"excerpt":{"rendered":"<p>La sala d\u2019actes de l&#8217;ajuntament de Torrent va acollir ahir a la vesprada la I Gala de Nadal dels Majors. L\u2019acte estava emmarcat en les diferents activitats de Nadal previstes per als majors del municipi, que van gaudir ahir a la vesprada d&#8217;una jornada de m\u00fasica i diversi\u00f3. L&#8217;alcalde Jes\u00fas Ros no volgu\u00e9 deixar passar [&hellip;]<\/p>\n","protected":false},"author":13,"featured_media":1137,"comment_status":"open","ping_status":"open","sticky":false,"template":"","format":"standard","meta":{"_acf_changed":false,"footnotes":""},"categories":[117,116],"tags":[731],"class_list":["post-8290","post","type-post","status-publish","format-standard","has-post-thumbnail","hentry","category-cultura","category-noticies","tag-mayoresnadal"],"acf":[],"_links":{"self":[{"href":"https:\/\/infotorrent.es\/ca\/wp-json\/wp\/v2\/posts\/8290","targetHints":{"allow":["GET"]}}],"collection":[{"href":"https:\/\/infotorrent.es\/ca\/wp-json\/wp\/v2\/posts"}],"about":[{"href":"https:\/\/infotorrent.es\/ca\/wp-json\/wp\/v2\/types\/post"}],"author":[{"embeddable":true,"href":"https:\/\/infotorrent.es\/ca\/wp-json\/wp\/v2\/users\/13"}],"replies":[{"embeddable":true,"href":"https:\/\/infotorrent.es\/ca\/wp-json\/wp\/v2\/comments?post=8290"}],"version-history":[{"count":0,"href":"https:\/\/infotorrent.es\/ca\/wp-json\/wp\/v2\/posts\/8290\/revisions"}],"wp:featuredmedia":[{"embeddable":true,"href":"https:\/\/infotorrent.es\/ca\/wp-json\/wp\/v2\/media\/1137"}],"wp:attachment":[{"href":"https:\/\/infotorrent.es\/ca\/wp-json\/wp\/v2\/media?parent=8290"}],"wp:term":[{"taxonomy":"category","embeddable":true,"href":"https:\/\/infotorrent.es\/ca\/wp-json\/wp\/v2\/categories?post=8290"},{"taxonomy":"post_tag","embeddable":true,"href":"https:\/\/infotorrent.es\/ca\/wp-json\/wp\/v2\/tags?post=8290"}],"curies":[{"name":"wp","href":"https:\/\/api.w.org\/{rel}","templated":true}]}}