{"id":82809,"date":"2025-06-16T14:14:18","date_gmt":"2025-06-16T12:14:18","guid":{"rendered":"https:\/\/infotorrent.es\/?p=82809"},"modified":"2025-06-16T14:20:30","modified_gmt":"2025-06-16T12:20:30","slug":"torrent-celebra-les-festes-en-honor-a-sant-antoni-de-padua-amb-actes-religiosos-culturals-i-festius","status":"publish","type":"post","link":"https:\/\/infotorrent.es\/ca\/cultura-es-2\/torrent-celebra-les-festes-en-honor-a-sant-antoni-de-padua-amb-actes-religiosos-culturals-i-festius\/","title":{"rendered":"Torrent celebra les festes en honor a Sant Antoni de P\u00e0dua amb actes religiosos, culturals i festius"},"content":{"rendered":"\n<p><strong>El Grup de Ball de l\u2019\u00da i Dos del Llar Antoni\u00e0 i el Grupo Salarejo de Villar del Arzobispo protagonitzen un intercanvi cultural al pati del Pare Deusa<\/strong><\/p>\n\n\n\n<p>Torrent ha celebrat este cap de setmana les tradicionals festes en honor a Sant Antoni de P\u00e0dua, organitzades per la Real P\u00eda Uni\u00f3n de San Antonio de Padua. Divendres passat, coincidint amb la festivitat del sant, va tindre lloc el tradicional sopar al c\u00e8lebre&nbsp;<strong>Pati del Pare Deusa<\/strong>, situat davant de la Parr\u00f2quia de Monte-Si\u00f3n. L\u2019acte va congregar nombrosos ve\u00efns i devots, i va comptar amb l\u2019assist\u00e8ncia de l\u2019alcaldessa&nbsp;<strong>Amparo Folgado<\/strong>, junt amb membres de l\u2019equip de govern i representants de la corporaci\u00f3 municipal.<\/p>\n\n\n\n<p>En finalitzar el sopar, es va celebrar el&nbsp;<strong>XXII Concert d\u2019intercanvi musical<\/strong>. En esta edici\u00f3 participaren el&nbsp;<strong>Grup de Ball de l\u2019\u00da i Dos del Llar Antoni\u00e0<\/strong>&nbsp;i el&nbsp;<strong>Grupo Salarejo de Villar del Arzobispo<\/strong>, que oferiren un variat repertori de m\u00fasica i danses tradicionals molt aplaudit pel p\u00fablic assistent.<\/p>\n\n\n\n<p>Els actes religiosos tingueren lloc diumenge. Al mat\u00ed, la&nbsp;<strong>Parr\u00f2quia de Monte-Si\u00f3n<\/strong>&nbsp;va acollir la solemne&nbsp;<strong>Missa Major<\/strong>, presidida pel frare&nbsp;<strong>Jos\u00e9 Vicente Miguel<\/strong>, amb la participaci\u00f3 dels clavaris, la Real P\u00eda Uni\u00f3n i nombrosos fidels. El&nbsp;<strong>clavari major d\u2019enguany \u00e9s \u00c1lvaro Capel Royo<\/strong>, qui tamb\u00e9 va estar acompanyat per l\u2019alcaldessa Amparo Folgado i altres membres de la corporaci\u00f3 municipal.<\/p>\n\n\n\n<p>Ja de vesprada, les celebracions continuaren amb la&nbsp;<strong>process\u00f3 en honor a Sant Antoni de P\u00e0dua<\/strong>, que va rec\u00f3rrer els carrers adjacents a la parr\u00f2quia i va reunir ve\u00efns i ve\u00efnes del barri. Com \u00e9s tradici\u00f3, la jornada festiva va concloure amb un&nbsp;<strong>espectacle de focs artificials<\/strong>, que va posar el colof\u00f3 final a un cap de setmana ple de devoci\u00f3, tradici\u00f3 i cultura popular.<\/p>\n\n\n\n<figure class=\"wp-block-gallery has-nested-images columns-default is-cropped wp-block-gallery-1 is-layout-flex wp-block-gallery-is-layout-flex\">\n<figure class=\"wp-block-image size-large\"><img fetchpriority=\"high\" decoding=\"async\" width=\"1024\" height=\"683\" data-id=\"82816\" src=\"https:\/\/infotorrent.es\/wp-content\/uploads\/2025\/06\/508348886_18506633233062066_8381215687040199551_n-1024x683.jpg\" alt=\"\" class=\"wp-image-82816\" srcset=\"https:\/\/infotorrent.es\/wp-content\/uploads\/2025\/06\/508348886_18506633233062066_8381215687040199551_n-1024x683.jpg 1024w, https:\/\/infotorrent.es\/wp-content\/uploads\/2025\/06\/508348886_18506633233062066_8381215687040199551_n-300x200.jpg 300w, https:\/\/infotorrent.es\/wp-content\/uploads\/2025\/06\/508348886_18506633233062066_8381215687040199551_n-768x512.jpg 768w, https:\/\/infotorrent.es\/wp-content\/uploads\/2025\/06\/508348886_18506633233062066_8381215687040199551_n.jpg 1080w\" sizes=\"(max-width: 1024px) 100vw, 1024px\" \/><\/figure>\n\n\n\n<figure class=\"wp-block-image size-large\"><img decoding=\"async\" width=\"1024\" height=\"683\" data-id=\"82814\" src=\"https:\/\/infotorrent.es\/wp-content\/uploads\/2025\/06\/508383601_18506712802062066_225776701368252126_n-1024x683.jpg\" alt=\"\" class=\"wp-image-82814\" srcset=\"https:\/\/infotorrent.es\/wp-content\/uploads\/2025\/06\/508383601_18506712802062066_225776701368252126_n-1024x683.jpg 1024w, https:\/\/infotorrent.es\/wp-content\/uploads\/2025\/06\/508383601_18506712802062066_225776701368252126_n-300x200.jpg 300w, https:\/\/infotorrent.es\/wp-content\/uploads\/2025\/06\/508383601_18506712802062066_225776701368252126_n-768x512.jpg 768w, https:\/\/infotorrent.es\/wp-content\/uploads\/2025\/06\/508383601_18506712802062066_225776701368252126_n.jpg 1080w\" sizes=\"(max-width: 1024px) 100vw, 1024px\" \/><\/figure>\n\n\n\n<figure class=\"wp-block-image size-large\"><img decoding=\"async\" width=\"1024\" height=\"683\" data-id=\"82812\" src=\"https:\/\/infotorrent.es\/wp-content\/uploads\/2025\/06\/508355456_18506633287062066_2899177266730437431_n-1024x683.jpg\" alt=\"\" class=\"wp-image-82812\" srcset=\"https:\/\/infotorrent.es\/wp-content\/uploads\/2025\/06\/508355456_18506633287062066_2899177266730437431_n-1024x683.jpg 1024w, https:\/\/infotorrent.es\/wp-content\/uploads\/2025\/06\/508355456_18506633287062066_2899177266730437431_n-300x200.jpg 300w, https:\/\/infotorrent.es\/wp-content\/uploads\/2025\/06\/508355456_18506633287062066_2899177266730437431_n-768x512.jpg 768w, https:\/\/infotorrent.es\/wp-content\/uploads\/2025\/06\/508355456_18506633287062066_2899177266730437431_n.jpg 1065w\" sizes=\"(max-width: 1024px) 100vw, 1024px\" \/><\/figure>\n\n\n\n<figure class=\"wp-block-image size-large\"><img loading=\"lazy\" decoding=\"async\" width=\"1024\" height=\"683\" data-id=\"82810\" src=\"https:\/\/infotorrent.es\/wp-content\/uploads\/2025\/06\/508349995_18506712856062066_2995171680380684307_n-1024x683.jpg\" alt=\"\" class=\"wp-image-82810\" srcset=\"https:\/\/infotorrent.es\/wp-content\/uploads\/2025\/06\/508349995_18506712856062066_2995171680380684307_n-1024x683.jpg 1024w, https:\/\/infotorrent.es\/wp-content\/uploads\/2025\/06\/508349995_18506712856062066_2995171680380684307_n-300x200.jpg 300w, https:\/\/infotorrent.es\/wp-content\/uploads\/2025\/06\/508349995_18506712856062066_2995171680380684307_n-768x512.jpg 768w, https:\/\/infotorrent.es\/wp-content\/uploads\/2025\/06\/508349995_18506712856062066_2995171680380684307_n.jpg 1080w\" sizes=\"(max-width: 1024px) 100vw, 1024px\" \/><\/figure>\n<\/figure>\n","protected":false},"excerpt":{"rendered":"<p>El Grup de Ball de l\u2019\u00da i Dos del Llar Antoni\u00e0 i el Grupo Salarejo de Villar del Arzobispo protagonitzen un intercanvi cultural al pati del Pare Deusa Torrent ha celebrat este cap de setmana les tradicionals festes en honor a Sant Antoni de P\u00e0dua, organitzades per la Real P\u00eda Uni\u00f3n de San Antonio de [&hellip;]<\/p>\n","protected":false},"author":15,"featured_media":82814,"comment_status":"open","ping_status":"open","sticky":false,"template":"","format":"standard","meta":{"_acf_changed":false,"footnotes":""},"categories":[126],"tags":[],"class_list":["post-82809","post","type-post","status-publish","format-standard","has-post-thumbnail","hentry","category-cultura-es-2"],"acf":[],"_links":{"self":[{"href":"https:\/\/infotorrent.es\/ca\/wp-json\/wp\/v2\/posts\/82809","targetHints":{"allow":["GET"]}}],"collection":[{"href":"https:\/\/infotorrent.es\/ca\/wp-json\/wp\/v2\/posts"}],"about":[{"href":"https:\/\/infotorrent.es\/ca\/wp-json\/wp\/v2\/types\/post"}],"author":[{"embeddable":true,"href":"https:\/\/infotorrent.es\/ca\/wp-json\/wp\/v2\/users\/15"}],"replies":[{"embeddable":true,"href":"https:\/\/infotorrent.es\/ca\/wp-json\/wp\/v2\/comments?post=82809"}],"version-history":[{"count":1,"href":"https:\/\/infotorrent.es\/ca\/wp-json\/wp\/v2\/posts\/82809\/revisions"}],"predecessor-version":[{"id":82821,"href":"https:\/\/infotorrent.es\/ca\/wp-json\/wp\/v2\/posts\/82809\/revisions\/82821"}],"wp:featuredmedia":[{"embeddable":true,"href":"https:\/\/infotorrent.es\/ca\/wp-json\/wp\/v2\/media\/82814"}],"wp:attachment":[{"href":"https:\/\/infotorrent.es\/ca\/wp-json\/wp\/v2\/media?parent=82809"}],"wp:term":[{"taxonomy":"category","embeddable":true,"href":"https:\/\/infotorrent.es\/ca\/wp-json\/wp\/v2\/categories?post=82809"},{"taxonomy":"post_tag","embeddable":true,"href":"https:\/\/infotorrent.es\/ca\/wp-json\/wp\/v2\/tags?post=82809"}],"curies":[{"name":"wp","href":"https:\/\/api.w.org\/{rel}","templated":true}]}}