{"id":8274,"date":"2016-12-09T11:35:30","date_gmt":"2016-12-09T11:35:30","guid":{"rendered":"https:\/\/infotorrent.es\/uncategorized\/el-ayuntamiento-de-torrent-y-red-electrica-firman-un-convenio-para-desarrollar-el-proyecto-de-plantacion-de-el-vedat\/"},"modified":"2016-12-09T11:35:30","modified_gmt":"2016-12-09T11:35:30","slug":"el-ayuntamiento-de-torrent-y-red-electrica-firman-un-convenio-para-desarrollar-el-proyecto-de-plantacion-de-el-vedat","status":"publish","type":"post","link":"https:\/\/infotorrent.es\/ca\/noticies\/el-ayuntamiento-de-torrent-y-red-electrica-firman-un-convenio-para-desarrollar-el-proyecto-de-plantacion-de-el-vedat\/","title":{"rendered":"L&#8217;Ajuntament de Torrent i Red El\u00e9ctrica de Espa\u00f1a signen un conveni per a desenvolupar el projecte de plantaci\u00f3 de El Vedat"},"content":{"rendered":"<div style=\"text-align: justify;\">El consistori torrent\u00ed ha signat un conveni de col\u00b7laboraci\u00f3 amb Red El\u00e9ctrica de Espa\u00f1a l\u2019objectiu del qual \u00e9s desenvolupar el projecte d&#8217;adequaci\u00f3 de la superf\u00edcie forestal de la zona del Vedat, millorar els espais p\u00fablics i tindre cura de l\u2019entorn municipal. De la mateixa manera, tamb\u00e9 hi figura el comprom\u00eds de promocionar el desenvolupament sostenible i fer valdre els recursos naturals i patrimonials. Per la seua banda, Red El\u00e9ctrica far\u00e0 una aportaci\u00f3 econ\u00f2mica de deu mil euros per a contribuir al finan\u00e7ament de l\u2019actuaci\u00f3 prevista en la mem\u00f2ria.<\/div>\n","protected":false},"excerpt":{"rendered":"<p>El consistori torrent\u00ed ha signat un conveni de col\u00b7laboraci\u00f3 amb Red El\u00e9ctrica de Espa\u00f1a l\u2019objectiu del qual \u00e9s desenvolupar el projecte d&#8217;adequaci\u00f3 de la superf\u00edcie forestal de la zona del Vedat, millorar els espais p\u00fablics i tindre cura de l\u2019entorn municipal. De la mateixa manera, tamb\u00e9 hi figura el comprom\u00eds de promocionar el desenvolupament sostenible [&hellip;]<\/p>\n","protected":false},"author":13,"featured_media":1137,"comment_status":"open","ping_status":"open","sticky":false,"template":"","format":"standard","meta":{"_acf_changed":false,"footnotes":""},"categories":[120,127,116],"tags":[721],"class_list":["post-8274","post","type-post","status-publish","format-standard","has-post-thumbnail","hentry","category-economia","category-noticias-2","category-noticies","tag-conveniconvenioconvenioel-vedatel-vedatred-electricared-electrica"],"acf":[],"_links":{"self":[{"href":"https:\/\/infotorrent.es\/ca\/wp-json\/wp\/v2\/posts\/8274","targetHints":{"allow":["GET"]}}],"collection":[{"href":"https:\/\/infotorrent.es\/ca\/wp-json\/wp\/v2\/posts"}],"about":[{"href":"https:\/\/infotorrent.es\/ca\/wp-json\/wp\/v2\/types\/post"}],"author":[{"embeddable":true,"href":"https:\/\/infotorrent.es\/ca\/wp-json\/wp\/v2\/users\/13"}],"replies":[{"embeddable":true,"href":"https:\/\/infotorrent.es\/ca\/wp-json\/wp\/v2\/comments?post=8274"}],"version-history":[{"count":0,"href":"https:\/\/infotorrent.es\/ca\/wp-json\/wp\/v2\/posts\/8274\/revisions"}],"wp:featuredmedia":[{"embeddable":true,"href":"https:\/\/infotorrent.es\/ca\/wp-json\/wp\/v2\/media\/1137"}],"wp:attachment":[{"href":"https:\/\/infotorrent.es\/ca\/wp-json\/wp\/v2\/media?parent=8274"}],"wp:term":[{"taxonomy":"category","embeddable":true,"href":"https:\/\/infotorrent.es\/ca\/wp-json\/wp\/v2\/categories?post=8274"},{"taxonomy":"post_tag","embeddable":true,"href":"https:\/\/infotorrent.es\/ca\/wp-json\/wp\/v2\/tags?post=8274"}],"curies":[{"name":"wp","href":"https:\/\/api.w.org\/{rel}","templated":true}]}}