{"id":8272,"date":"2016-12-09T11:31:31","date_gmt":"2016-12-09T11:31:31","guid":{"rendered":"https:\/\/infotorrent.es\/uncategorized\/la-coral-once-organitza-un-concert-amb-un-repertori-de-bandes-sonores-de-cinema\/"},"modified":"2016-12-09T11:31:31","modified_gmt":"2016-12-09T11:31:31","slug":"la-coral-once-organitza-un-concert-amb-un-repertori-de-bandes-sonores-de-cinema","status":"publish","type":"post","link":"https:\/\/infotorrent.es\/ca\/noticies\/la-coral-once-organitza-un-concert-amb-un-repertori-de-bandes-sonores-de-cinema\/","title":{"rendered":"La Coral ONCE organitza un concert amb un repertori de bandes sonores de cinema"},"content":{"rendered":"<div style=\"text-align: justify;\">La sala d&#8217;exposicions de l\u2019EMAT va acollir dissabte a la vesprada un concert oferit per la Coral Allegro ONCE. Amb motiu de l\u2019aniversari de l\u2019obertura del primer cinema de Torrent, el concert tingu\u00e9 un repertori musical basat en bandes sonores de conegudes i premiades pel\u00b7l\u00edcules. L\u2019alcalde Jes\u00fas Ros, acompanyat de diferents membres de la corporaci\u00f3 municipal van assistir al concert i van poder escoltar totes les can\u00e7ons, com ara les que componen la banda sonora de Ghost, que va emocionar tot el p\u00fablic, o \u201cOh Happy Day\u201d, que va fer que la gent s\u2019afegira a la lletra, entre moltes m\u00e9s. La Coral Allegro ONCE es va fundar l\u2019any 1982, en el si d\u2019un col\u00b7legi d\u2019educaci\u00f3 especial de xiquets cecs i deficients visuals, i es va ampliar en 1988 amb xiquets no afiliats a l\u2019ONCE. Des de llavors estan recorrent tot el m\u00f3n amb els seus meravellosos espectacles musicals.<\/div>\n","protected":false},"excerpt":{"rendered":"<p>La sala d&#8217;exposicions de l\u2019EMAT va acollir dissabte a la vesprada un concert oferit per la Coral Allegro ONCE. Amb motiu de l\u2019aniversari de l\u2019obertura del primer cinema de Torrent, el concert tingu\u00e9 un repertori musical basat en bandes sonores de conegudes i premiades pel\u00b7l\u00edcules. L\u2019alcalde Jes\u00fas Ros, acompanyat de diferents membres de la corporaci\u00f3 [&hellip;]<\/p>\n","protected":false},"author":13,"featured_media":1137,"comment_status":"open","ping_status":"open","sticky":false,"template":"","format":"standard","meta":{"_acf_changed":false,"footnotes":""},"categories":[117,116],"tags":[719],"class_list":["post-8272","post","type-post","status-publish","format-standard","has-post-thumbnail","hentry","category-cultura","category-noticies","tag-cinemusicaonce"],"acf":[],"_links":{"self":[{"href":"https:\/\/infotorrent.es\/ca\/wp-json\/wp\/v2\/posts\/8272","targetHints":{"allow":["GET"]}}],"collection":[{"href":"https:\/\/infotorrent.es\/ca\/wp-json\/wp\/v2\/posts"}],"about":[{"href":"https:\/\/infotorrent.es\/ca\/wp-json\/wp\/v2\/types\/post"}],"author":[{"embeddable":true,"href":"https:\/\/infotorrent.es\/ca\/wp-json\/wp\/v2\/users\/13"}],"replies":[{"embeddable":true,"href":"https:\/\/infotorrent.es\/ca\/wp-json\/wp\/v2\/comments?post=8272"}],"version-history":[{"count":0,"href":"https:\/\/infotorrent.es\/ca\/wp-json\/wp\/v2\/posts\/8272\/revisions"}],"wp:featuredmedia":[{"embeddable":true,"href":"https:\/\/infotorrent.es\/ca\/wp-json\/wp\/v2\/media\/1137"}],"wp:attachment":[{"href":"https:\/\/infotorrent.es\/ca\/wp-json\/wp\/v2\/media?parent=8272"}],"wp:term":[{"taxonomy":"category","embeddable":true,"href":"https:\/\/infotorrent.es\/ca\/wp-json\/wp\/v2\/categories?post=8272"},{"taxonomy":"post_tag","embeddable":true,"href":"https:\/\/infotorrent.es\/ca\/wp-json\/wp\/v2\/tags?post=8272"}],"curies":[{"name":"wp","href":"https:\/\/api.w.org\/{rel}","templated":true}]}}