{"id":8269,"date":"2016-12-07T11:13:54","date_gmt":"2016-12-07T11:13:54","guid":{"rendered":"https:\/\/infotorrent.es\/uncategorized\/la-gala-de-la-cultura-premia-a-la-falla-sant-roc-por-la-obra-de-teatro-me-esperaras\/"},"modified":"2016-12-07T11:13:54","modified_gmt":"2016-12-07T11:13:54","slug":"la-gala-de-la-cultura-premia-a-la-falla-sant-roc-por-la-obra-de-teatro-me-esperaras","status":"publish","type":"post","link":"https:\/\/infotorrent.es\/ca\/noticies\/la-gala-de-la-cultura-premia-a-la-falla-sant-roc-por-la-obra-de-teatro-me-esperaras\/","title":{"rendered":"La Gala de la Cultura premia la falla Sant Roc per l\u2019obra de teatre M\u2019esperar\u00e0s?"},"content":{"rendered":"<p style=\"text-align: center;\"><strong>La falla Antoni Pardo va guanyar el primer premi d\u2019obra llarga, en un acte presentat pel periodista Jos\u00e9 \u00c1ngel Ponsoda<\/strong><\/p>\n<p style=\"text-align: justify;\">Divendres passat va tindre lloc la Gala de la Cultura, inclosa en la Setmana Cultural de la Junta Local Fallera, on es van lliurar els premis del Concurs de Teatre en llengua valenciana, en les modalidats d\u2019obra curta i obra llarga. L\u2019Auditori va acollir este acte que va estar condu\u00eft pel periodista i presentador Jos\u00e9 \u00c1ngel Ponsoda. La Gala va comen\u00e7ar amb una recepci\u00f3 de la fallera major de Torrent, Carmen Sirvent. A continuaci\u00f3 es va representar l&#8217;obra de teatre M\u2019esperar\u00e0s?, obra guanyadora del Concurs de Teatre en la modalitat d&#8217;obra curta, ideada per la falla Pla\u00e7a de Sant Roc. El primer premi d\u2019obra llarga an\u00e0 a la falla Antoni Pardo.<br \/>\nEls actors i actrius, i directors i directores premiats van arreplegar els guardons, presentats pels nominats i nominades. En la gala hi va ser present el regidor d&#8217;Activitats L\u00fadiques i Tradicionals, Alfred Costa, que va manifestar el seu agra\u00efment a totes les comissions falleres participants per la seua tasca, el seu esfor\u00e7 i la seua dedicaci\u00f3 en estes activitats culturals. A m\u00e9s, va destacar la seua alegria per la declaraci\u00f3 de les Falles com a Patrimoni Cultural Immaterial de la Humanitat per la UNESCO.<br \/>\nEls guanyadors del Teatre Faller s\u00f3n els seg\u00fcents:<\/p>\n<p><strong>CONCURS DE TEATRE MODALITAT OBRA CURTA<\/strong><br \/>\nPrimer premi per a la falla Pla\u00e7a de Sant Roc<br \/>\nPrimer premi per a la falla Pla\u00e7a de Sant Roc<br \/>\nSegon premi per a la falla Carrer de Toledo<br \/>\nTercer premi per a la falla Antonio Pardo<br \/>\nPremi millor direcci\u00f3: Marivi Mora Almerich de la falla Pla\u00e7a de Sant Roc<br \/>\nPremi millor actriu: Laura G\u00f3mez Pedr\u00f3s de la falla Pla\u00e7a de Sant Roc<br \/>\nPremi millor actor: Santiago Barber\u00e1 Lahiguera de la falla Pla\u00e7a de Sant Roc<br \/>\nPremi millor actriu de repartiment: Conchin Benlloch Fenoll de la falla Antonio Pardo<br \/>\nPremi millor actor de repartiment: Iv\u00e1n Guzman Naranjo de la falla Carrer de Toledo<br \/>\nPremi millor decoraci\u00f3 per a la falla Pla\u00e7a de Sant Roc<br \/>\n<strong>CONCURS DE TEATRE MODALITAT OBRA LLARGA<\/strong><br \/>\nPrimer premi per a la falla Antoni Pardo<br \/>\nSegon premi per a la falla Carrer de la Benem\u00e8rita Gu\u00e0rdia Civil<br \/>\nTercer premi per a la falla Ram\u00f3n y Cajal<br \/>\nPremi millor direcci\u00f3: Vicent Vila Mart\u00ed i Ernesto Ruiz Cotillas de la falla Antonio Pardo<br \/>\nPremi millor actriu: Sandra Fas Momp\u00f3 de la falla Antonio Pardo<br \/>\nPremi millor actor: Vicent Vila Mart\u00ed de la falla Antonio Pardo<br \/>\nPremi millor actriu de repartiment: M\u00aa Dolores Contreras Maga\u00f1a de la falla Antonio Pardo<br \/>\nPremi millor actor de repartiment: Mario Navarro Marqu\u00e9s de la falla Carrer de la Benem\u00e8rita Gu\u00e0rdia Civil<br \/>\nPremi millor decoraci\u00f3 per a la falla Antonio Pardo<\/p>\n","protected":false},"excerpt":{"rendered":"<p>La falla Antoni Pardo va guanyar el primer premi d\u2019obra llarga, en un acte presentat pel periodista Jos\u00e9 \u00c1ngel Ponsoda Divendres passat va tindre lloc la Gala de la Cultura, inclosa en la Setmana Cultural de la Junta Local Fallera, on es van lliurar els premis del Concurs de Teatre en llengua valenciana, en les [&hellip;]<\/p>\n","protected":false},"author":13,"featured_media":1137,"comment_status":"open","ping_status":"open","sticky":false,"template":"","format":"standard","meta":{"_acf_changed":false,"footnotes":""},"categories":[126,117,127,116],"tags":[717],"class_list":["post-8269","post","type-post","status-publish","format-standard","has-post-thumbnail","hentry","category-cultura-es-2","category-cultura","category-noticias-2","category-noticies","tag-fallasfallas-2017gala-cultura"],"acf":[],"_links":{"self":[{"href":"https:\/\/infotorrent.es\/ca\/wp-json\/wp\/v2\/posts\/8269","targetHints":{"allow":["GET"]}}],"collection":[{"href":"https:\/\/infotorrent.es\/ca\/wp-json\/wp\/v2\/posts"}],"about":[{"href":"https:\/\/infotorrent.es\/ca\/wp-json\/wp\/v2\/types\/post"}],"author":[{"embeddable":true,"href":"https:\/\/infotorrent.es\/ca\/wp-json\/wp\/v2\/users\/13"}],"replies":[{"embeddable":true,"href":"https:\/\/infotorrent.es\/ca\/wp-json\/wp\/v2\/comments?post=8269"}],"version-history":[{"count":0,"href":"https:\/\/infotorrent.es\/ca\/wp-json\/wp\/v2\/posts\/8269\/revisions"}],"wp:featuredmedia":[{"embeddable":true,"href":"https:\/\/infotorrent.es\/ca\/wp-json\/wp\/v2\/media\/1137"}],"wp:attachment":[{"href":"https:\/\/infotorrent.es\/ca\/wp-json\/wp\/v2\/media?parent=8269"}],"wp:term":[{"taxonomy":"category","embeddable":true,"href":"https:\/\/infotorrent.es\/ca\/wp-json\/wp\/v2\/categories?post=8269"},{"taxonomy":"post_tag","embeddable":true,"href":"https:\/\/infotorrent.es\/ca\/wp-json\/wp\/v2\/tags?post=8269"}],"curies":[{"name":"wp","href":"https:\/\/api.w.org\/{rel}","templated":true}]}}