{"id":8261,"date":"2016-12-05T10:40:12","date_gmt":"2016-12-05T10:40:12","guid":{"rendered":"https:\/\/infotorrent.es\/uncategorized\/lassociacio-de-betlemistes-de-torrent-fa-75-anys\/"},"modified":"2016-12-05T10:40:12","modified_gmt":"2016-12-05T10:40:12","slug":"lassociacio-de-betlemistes-de-torrent-fa-75-anys","status":"publish","type":"post","link":"https:\/\/infotorrent.es\/ca\/noticies\/lassociacio-de-betlemistes-de-torrent-fa-75-anys\/","title":{"rendered":"L\u2019Associaci\u00f3 de Betlemistes de Torrent fa 75 anys"},"content":{"rendered":"<p style=\"text-align: justify;\">Dijous a la vesprada l\u2019Associaci\u00f3 de Betlemistes de Torrent va inaugurar com ja \u00e9s tradici\u00f3 el pesebre que cada any munta amb motiu de les festes nadalenques. Enguany l\u2019associaci\u00f3 commemora el seu 75\u00e9 aniversari i ha anunciat la intenci\u00f3 de recuperar el concurs de betlemistes, aix\u00ed com de publicar un llibre sobre la seua hist\u00f2ria. L&#8217;associaci\u00f3 ha mostrat tamb\u00e9 un pesebre desplegable solidari que es podr\u00e0 adquirir en benefici de C\u00e0rites. El regidor de l&#8217;\u00c0rea de Cultura, Alfred Costa, va ser present en esta inauguraci\u00f3 i benedicci\u00f3 del betlem que pot visitar-se en la pla\u00e7a Major, n\u00fam. 10 de 18.30 a 20.30 hores.<\/p>\n","protected":false},"excerpt":{"rendered":"<p>Dijous a la vesprada l\u2019Associaci\u00f3 de Betlemistes de Torrent va inaugurar com ja \u00e9s tradici\u00f3 el pesebre que cada any munta amb motiu de les festes nadalenques. Enguany l\u2019associaci\u00f3 commemora el seu 75\u00e9 aniversari i ha anunciat la intenci\u00f3 de recuperar el concurs de betlemistes, aix\u00ed com de publicar un llibre sobre la seua hist\u00f2ria. [&hellip;]<\/p>\n","protected":false},"author":13,"featured_media":1137,"comment_status":"open","ping_status":"open","sticky":false,"template":"","format":"standard","meta":{"_acf_changed":false,"footnotes":""},"categories":[126,116],"tags":[],"class_list":["post-8261","post","type-post","status-publish","format-standard","has-post-thumbnail","hentry","category-cultura-es-2","category-noticies"],"acf":[],"_links":{"self":[{"href":"https:\/\/infotorrent.es\/ca\/wp-json\/wp\/v2\/posts\/8261","targetHints":{"allow":["GET"]}}],"collection":[{"href":"https:\/\/infotorrent.es\/ca\/wp-json\/wp\/v2\/posts"}],"about":[{"href":"https:\/\/infotorrent.es\/ca\/wp-json\/wp\/v2\/types\/post"}],"author":[{"embeddable":true,"href":"https:\/\/infotorrent.es\/ca\/wp-json\/wp\/v2\/users\/13"}],"replies":[{"embeddable":true,"href":"https:\/\/infotorrent.es\/ca\/wp-json\/wp\/v2\/comments?post=8261"}],"version-history":[{"count":0,"href":"https:\/\/infotorrent.es\/ca\/wp-json\/wp\/v2\/posts\/8261\/revisions"}],"wp:featuredmedia":[{"embeddable":true,"href":"https:\/\/infotorrent.es\/ca\/wp-json\/wp\/v2\/media\/1137"}],"wp:attachment":[{"href":"https:\/\/infotorrent.es\/ca\/wp-json\/wp\/v2\/media?parent=8261"}],"wp:term":[{"taxonomy":"category","embeddable":true,"href":"https:\/\/infotorrent.es\/ca\/wp-json\/wp\/v2\/categories?post=8261"},{"taxonomy":"post_tag","embeddable":true,"href":"https:\/\/infotorrent.es\/ca\/wp-json\/wp\/v2\/tags?post=8261"}],"curies":[{"name":"wp","href":"https:\/\/api.w.org\/{rel}","templated":true}]}}