{"id":8259,"date":"2016-12-05T10:25:47","date_gmt":"2016-12-05T10:25:47","guid":{"rendered":"https:\/\/infotorrent.es\/uncategorized\/torrent-celebra-la-setmana-de-la-discapacitat-i-la-dependencia-a-ritme-de-batucada\/"},"modified":"2016-12-05T10:25:47","modified_gmt":"2016-12-05T10:25:47","slug":"torrent-celebra-la-setmana-de-la-discapacitat-i-la-dependencia-a-ritme-de-batucada","status":"publish","type":"post","link":"https:\/\/infotorrent.es\/ca\/noticies\/torrent-celebra-la-setmana-de-la-discapacitat-i-la-dependencia-a-ritme-de-batucada\/","title":{"rendered":"Torrent celebra la Setmana de la Discapacitat i la Depend\u00e8ncia a ritme de batucada"},"content":{"rendered":"<div style=\"text-align: center;\">\n<p><strong>Associacions, col\u00b7lectius i col\u00b7legis formaren una cadena humana que des de l&#8217;avinguda al Vedat fins a l&#8217;edifici Metro, on els esperava un concert de rock<\/strong><\/p>\n<\/div>\n<div style=\"text-align: justify;\">Divendres de mat\u00ed l&#8217;avinguda al Vedat es va omplir de m\u00fasica en un acte preparat per l&#8217;Ajuntament per a commemorar la Setmana de la Discapacitat i la Depend\u00e8ncia, que el mateix mat\u00ed va col\u00b7locar un lla\u00e7 taronja en la seua fa\u00e7ana. Un gran nombre d&#8217;associacions, col\u00b7lectius i col\u00b7legis es van unir en una cadena humana per la diversitat funcional, amb el punt d&#8217;eixida en el ficus, que va rec\u00f3rrer l&#8217;avinguda fins a arribar a l&#8217;edifici Metro. El recorregut estigu\u00e9 amenitzat per la Batukada Kultrum, que va animar els assistents a ballar al comp\u00e0s de la m\u00fasica. Una vegada en la pla\u00e7a de la Uni\u00f3 Musical, el grup Decubito prono &amp; the sup\u00ed\u00b4s Rock Avapace don\u00e0 un concert on el p\u00fablic va gaudir de les can\u00e7ons al ritme de rock. En esta activitat hi va estar present l&#8217;alcalde Jes\u00fas Ros i el regidor de Benestar Social, Francesc Carbonell, acompanyats de diferents membres de la corporaci\u00f3 municipal. Les activitats continuaran els dies 7 i 14 a la Casa de la Dona amb l&#8217;activitat del ioga del riure i culminaran en una gala organitzada per ADISTO el diumenge 18.<\/div>\n","protected":false},"excerpt":{"rendered":"<p>Associacions, col\u00b7lectius i col\u00b7legis formaren una cadena humana que des de l&#8217;avinguda al Vedat fins a l&#8217;edifici Metro, on els esperava un concert de rock Divendres de mat\u00ed l&#8217;avinguda al Vedat es va omplir de m\u00fasica en un acte preparat per l&#8217;Ajuntament per a commemorar la Setmana de la Discapacitat i la Depend\u00e8ncia, que el [&hellip;]<\/p>\n","protected":false},"author":13,"featured_media":1137,"comment_status":"open","ping_status":"open","sticky":false,"template":"","format":"standard","meta":{"_acf_changed":false,"footnotes":""},"categories":[128,116],"tags":[],"class_list":["post-8259","post","type-post","status-publish","format-standard","has-post-thumbnail","hentry","category-bienestar-social-2","category-noticies"],"acf":[],"_links":{"self":[{"href":"https:\/\/infotorrent.es\/ca\/wp-json\/wp\/v2\/posts\/8259","targetHints":{"allow":["GET"]}}],"collection":[{"href":"https:\/\/infotorrent.es\/ca\/wp-json\/wp\/v2\/posts"}],"about":[{"href":"https:\/\/infotorrent.es\/ca\/wp-json\/wp\/v2\/types\/post"}],"author":[{"embeddable":true,"href":"https:\/\/infotorrent.es\/ca\/wp-json\/wp\/v2\/users\/13"}],"replies":[{"embeddable":true,"href":"https:\/\/infotorrent.es\/ca\/wp-json\/wp\/v2\/comments?post=8259"}],"version-history":[{"count":0,"href":"https:\/\/infotorrent.es\/ca\/wp-json\/wp\/v2\/posts\/8259\/revisions"}],"wp:featuredmedia":[{"embeddable":true,"href":"https:\/\/infotorrent.es\/ca\/wp-json\/wp\/v2\/media\/1137"}],"wp:attachment":[{"href":"https:\/\/infotorrent.es\/ca\/wp-json\/wp\/v2\/media?parent=8259"}],"wp:term":[{"taxonomy":"category","embeddable":true,"href":"https:\/\/infotorrent.es\/ca\/wp-json\/wp\/v2\/categories?post=8259"},{"taxonomy":"post_tag","embeddable":true,"href":"https:\/\/infotorrent.es\/ca\/wp-json\/wp\/v2\/tags?post=8259"}],"curies":[{"name":"wp","href":"https:\/\/api.w.org\/{rel}","templated":true}]}}