{"id":8258,"date":"2016-12-02T10:22:35","date_gmt":"2016-12-02T10:22:35","guid":{"rendered":"https:\/\/infotorrent.es\/uncategorized\/torrent-recupera-imagenes-ineditas-de-la-ciudad\/"},"modified":"2016-12-02T10:22:35","modified_gmt":"2016-12-02T10:22:35","slug":"torrent-recupera-imagenes-ineditas-de-la-ciudad","status":"publish","type":"post","link":"https:\/\/infotorrent.es\/ca\/noticies\/torrent-recupera-imagenes-ineditas-de-la-ciudad\/","title":{"rendered":"Torrent recupera imatges in\u00e8dites de la ciutat"},"content":{"rendered":"<div style=\"text-align: justify;\">L&#8217;EMAT va acollir en la vesprada del dimecres la confer\u00e8ncia \u201cTorrent en la mem\u00f2ria: Imatges recuperades\u201d a c\u00e0rrec de la cap de Recuperaci\u00f3 de la Filmoteca de Val\u00e8ncia, Inma Trull, qui va explicar els diferents m\u00e8todes emprats per la Filmoteca a totes les pel\u00b7l\u00edcules, materials filmics, equipament o documentaci\u00f3 com ara guions o programes de m\u00e0. A m\u00e9s va convidar tots els assistents a proporcionar qualsevol material d&#8217;este tipus encara que siga de contingut dom\u00e8stic ja que el mateix contingut seria entregat a l\u2019usuari en format digital en el suport desitjat per\u00f2 l&#8217;original es quedaria en la Filmoteca per a assegurar-ne una conservaci\u00f3 correcta.<\/div>\n<div style=\"text-align: justify;\"><\/div>\n<div style=\"text-align: justify;\">A continuaci\u00f3 es van visualitzar unes imatges in\u00e8dites de la visita d&#8217;un cantant de primera l\u00ednia com Tom Jones a Torrent que va coincidir amb un dia de mercat. En eixes imatges es poden identificar racons de la ciutat i fins i tot algunes persones.Com va definir el regidor de Cultura, Alfred Costa, &#8220;es tracta d&#8217;un document etnogr\u00e0fic que ens pertany com a patrimoni de la ciutat&#8221;.<\/div>\n<div style=\"text-align: justify;\"><\/div>\n<div style=\"text-align: justify;\">Este acte en qu\u00e8 s\u2019entreg\u00e0 el llibre El cine en Torrent: 1911-1996 als inscrits, tamb\u00e9 va estar amenitzat per un piano fent homenatge a les antigues projeccions de cinema.<\/div>\n","protected":false},"excerpt":{"rendered":"<p>L&#8217;EMAT va acollir en la vesprada del dimecres la confer\u00e8ncia \u201cTorrent en la mem\u00f2ria: Imatges recuperades\u201d a c\u00e0rrec de la cap de Recuperaci\u00f3 de la Filmoteca de Val\u00e8ncia, Inma Trull, qui va explicar els diferents m\u00e8todes emprats per la Filmoteca a totes les pel\u00b7l\u00edcules, materials filmics, equipament o documentaci\u00f3 com ara guions o programes de [&hellip;]<\/p>\n","protected":false},"author":13,"featured_media":1137,"comment_status":"open","ping_status":"open","sticky":false,"template":"","format":"standard","meta":{"_acf_changed":false,"footnotes":""},"categories":[126,127,116],"tags":[],"class_list":["post-8258","post","type-post","status-publish","format-standard","has-post-thumbnail","hentry","category-cultura-es-2","category-noticias-2","category-noticies"],"acf":[],"_links":{"self":[{"href":"https:\/\/infotorrent.es\/ca\/wp-json\/wp\/v2\/posts\/8258","targetHints":{"allow":["GET"]}}],"collection":[{"href":"https:\/\/infotorrent.es\/ca\/wp-json\/wp\/v2\/posts"}],"about":[{"href":"https:\/\/infotorrent.es\/ca\/wp-json\/wp\/v2\/types\/post"}],"author":[{"embeddable":true,"href":"https:\/\/infotorrent.es\/ca\/wp-json\/wp\/v2\/users\/13"}],"replies":[{"embeddable":true,"href":"https:\/\/infotorrent.es\/ca\/wp-json\/wp\/v2\/comments?post=8258"}],"version-history":[{"count":0,"href":"https:\/\/infotorrent.es\/ca\/wp-json\/wp\/v2\/posts\/8258\/revisions"}],"wp:featuredmedia":[{"embeddable":true,"href":"https:\/\/infotorrent.es\/ca\/wp-json\/wp\/v2\/media\/1137"}],"wp:attachment":[{"href":"https:\/\/infotorrent.es\/ca\/wp-json\/wp\/v2\/media?parent=8258"}],"wp:term":[{"taxonomy":"category","embeddable":true,"href":"https:\/\/infotorrent.es\/ca\/wp-json\/wp\/v2\/categories?post=8258"},{"taxonomy":"post_tag","embeddable":true,"href":"https:\/\/infotorrent.es\/ca\/wp-json\/wp\/v2\/tags?post=8258"}],"curies":[{"name":"wp","href":"https:\/\/api.w.org\/{rel}","templated":true}]}}