{"id":8253,"date":"2016-12-01T08:40:01","date_gmt":"2016-12-01T08:40:01","guid":{"rendered":"https:\/\/infotorrent.es\/uncategorized\/una-historia-de-torrent-el-comic-que-dibuja-el-nacimiento-de-la-ciudad\/"},"modified":"2016-12-01T08:40:01","modified_gmt":"2016-12-01T08:40:01","slug":"una-historia-de-torrent-el-comic-que-dibuja-el-nacimiento-de-la-ciudad","status":"publish","type":"post","link":"https:\/\/infotorrent.es\/ca\/noticies\/una-historia-de-torrent-el-comic-que-dibuja-el-nacimiento-de-la-ciudad\/","title":{"rendered":"Una hist\u00f2ria de Torrent, el c\u00f2mic que dibuixa el naixement de la ciutat"},"content":{"rendered":"<div style=\"text-align: center;\">\n<div><strong>L\u2019Ajuntament ha presentat este document divulgatiu que arribar\u00e0 a m\u00e9s de 12.000 alumnes d\u2019educaci\u00f3 secund\u00e0ria de Torrent i la seua comarca<\/strong><\/div>\n<div><strong>\u00a0<\/strong><\/div>\n<div><strong>El projecte s\u2019emmarca dins del proc\u00e9s de muse\u00eftzaci\u00f3 de la Torre que comen\u00e7ar\u00e0 el 2017<\/strong><\/div>\n<div><\/div>\n<div style=\"text-align: justify;\">Este mat\u00ed el consistori torrent\u00ed ha presentat el c\u00f2mic que narra en sis actes i un ep\u00edleg la hist\u00f2ria de la Torre i de la ciutat amb el nom Una hist\u00f2ria de Torrent. El document, emmarcat dins del proc\u00e9s de muse\u00eftzaci\u00f3 de la Torre, marca el comen\u00e7ament de la nova fase del proc\u00e9s que iniciar\u00e0 en 2017 l\u2019estudi, catalogaci\u00f3 i recuperaci\u00f3 de les restes arqueol\u00f2gics trobades al voltant del monument medieval al llarg d\u2019estos anys.<\/div>\n<div style=\"text-align: justify;\"><\/div>\n<div style=\"text-align: justify;\">El c\u00f2mic est\u00e0 compost per sis actes: \u201cEdat del bronze i \u00e8poca ib\u00e8rica\u201d, \u201c\u00c8poca romana i tardoantiga\u201d, \u201c\u00c8poca andalusina\u201d, \u201c\u00c8poca medieval i cristiana\u201d, \u201c\u00c8poca moderna\u201d i \u201c\u00c8poca contempor\u00e0nia\u201d, a m\u00e9s de l\u2019ep\u00edleg \u201cL\u2019arqueologia \u00a0a Torrent\u201d. Tots s\u00f3n narrats per Godofred i la seua banda, un grup de ratolins que inicien cada acte i l\u2019expliquen amb un gran sentit de l\u2019humor per a fer el c\u00f2mic m\u00e9s atractiu als lectors potencials, els adolescents. Com ha explicat l\u2019arque\u00f2lega encarregada del proc\u00e9s investigador, Lourdes Roca, \u201cels personatges sempre han estat ac\u00ed, als racons, a les cases, als palaus i a les torres, tots ho hem vist i per aix\u00f2 ells ens contaran les hist\u00f2ries\u201d.<\/div>\n<div style=\"text-align: justify;\"><\/div>\n<div style=\"text-align: justify;\">Els c\u00f2mics seran repartits en tots els centres educatius de la ciutat per al alumnes de l\u2019ESO. Es tracta d\u2019un material did\u00e0ctic molt interessant per als professors d\u2019hist\u00f2ria, perqu\u00e8 poden tractar en les classes per primera vegada les arrels i l\u2019evoluci\u00f3 del municipi i aix\u00ed donar import\u00e0ncia a la hist\u00f2ria local i comarcal. Hi ha un total de 12.000 exemplars que arribaran als centres educatius, dels quals 9.000 estan en valenci\u00e0 i 3.000 en castell\u00e0. Els c\u00f2mics estaran disponibles en la p\u00e0gina web de l\u2019Ajuntament perqu\u00e8 qualsevol interessat puga descarregar-se\u2019ls i fer-ne \u00fas. El regidor d\u2019Activitats L\u00fadiques i Tradicionals, Alfred Costa ha destacat que \u201c\u00e9s important respectar i protegir el patrimoni, per\u00f2 cal difondre\u2019l. \u00c9s per aix\u00f2 que s\u2019ha presentat dins les activitats de la Carta de Poblament d\u2019enguany, que commemoren la data del 28 de novembre de 1248 en qu\u00e8 es va fundar la ciutat. Esta \u00e9s la primera hist\u00f2ria de les moltes que ens contar\u00e0 Godofred, un personatge que ens t\u00e9 preparades moltes sorpreses\u201d.<\/div>\n<div style=\"text-align: justify;\"><\/div>\n<div style=\"text-align: justify;\">L\u2019encarregat del gui\u00f3 i de les il\u00b7lustracions, l\u2019historiador Enrique D\u00edes, ha afirmat que el projecte continuar\u00e0 amb m\u00e9s publicacions de diferents formats. La Torre, icona de la capital de l\u2019Horta, ha rebut durant el 2016 la visita de milers de xiquets i xiquetes. A m\u00e9s, enguany m\u00e9s de 3.000 xiquetes i xiquets han visitat la Torre en les visites guiades que organitza l\u2019\u00c0rea de Cultura.<\/div>\n<div style=\"text-align: justify;\"><\/div>\n<\/div>\n","protected":false},"excerpt":{"rendered":"<p>L\u2019Ajuntament ha presentat este document divulgatiu que arribar\u00e0 a m\u00e9s de 12.000 alumnes d\u2019educaci\u00f3 secund\u00e0ria de Torrent i la seua comarca \u00a0 El projecte s\u2019emmarca dins del proc\u00e9s de muse\u00eftzaci\u00f3 de la Torre que comen\u00e7ar\u00e0 el 2017 Este mat\u00ed el consistori torrent\u00ed ha presentat el c\u00f2mic que narra en sis actes i un ep\u00edleg la [&hellip;]<\/p>\n","protected":false},"author":13,"featured_media":1137,"comment_status":"open","ping_status":"open","sticky":false,"template":"","format":"standard","meta":{"_acf_changed":false,"footnotes":""},"categories":[126,116],"tags":[],"class_list":["post-8253","post","type-post","status-publish","format-standard","has-post-thumbnail","hentry","category-cultura-es-2","category-noticies"],"acf":[],"_links":{"self":[{"href":"https:\/\/infotorrent.es\/ca\/wp-json\/wp\/v2\/posts\/8253","targetHints":{"allow":["GET"]}}],"collection":[{"href":"https:\/\/infotorrent.es\/ca\/wp-json\/wp\/v2\/posts"}],"about":[{"href":"https:\/\/infotorrent.es\/ca\/wp-json\/wp\/v2\/types\/post"}],"author":[{"embeddable":true,"href":"https:\/\/infotorrent.es\/ca\/wp-json\/wp\/v2\/users\/13"}],"replies":[{"embeddable":true,"href":"https:\/\/infotorrent.es\/ca\/wp-json\/wp\/v2\/comments?post=8253"}],"version-history":[{"count":0,"href":"https:\/\/infotorrent.es\/ca\/wp-json\/wp\/v2\/posts\/8253\/revisions"}],"wp:featuredmedia":[{"embeddable":true,"href":"https:\/\/infotorrent.es\/ca\/wp-json\/wp\/v2\/media\/1137"}],"wp:attachment":[{"href":"https:\/\/infotorrent.es\/ca\/wp-json\/wp\/v2\/media?parent=8253"}],"wp:term":[{"taxonomy":"category","embeddable":true,"href":"https:\/\/infotorrent.es\/ca\/wp-json\/wp\/v2\/categories?post=8253"},{"taxonomy":"post_tag","embeddable":true,"href":"https:\/\/infotorrent.es\/ca\/wp-json\/wp\/v2\/tags?post=8253"}],"curies":[{"name":"wp","href":"https:\/\/api.w.org\/{rel}","templated":true}]}}