{"id":8248,"date":"2016-10-04T08:36:00","date_gmt":"2016-10-04T08:36:00","guid":{"rendered":"https:\/\/infotorrent.es\/uncategorized\/tradicion-cultura-e-historia-en-la-pasarela-de-indumentaria-narci-garcia\/"},"modified":"2016-10-04T08:36:00","modified_gmt":"2016-10-04T08:36:00","slug":"tradicion-cultura-e-historia-en-la-pasarela-de-indumentaria-narci-garcia","status":"publish","type":"post","link":"https:\/\/infotorrent.es\/ca\/noticies\/tradicion-cultura-e-historia-en-la-pasarela-de-indumentaria-narci-garcia\/","title":{"rendered":"Tradici\u00f3, cultura i hist\u00f2ria en \u2018la passarel\u00b7la\u2019 d\u2019indument\u00e0ria Narci Garcia"},"content":{"rendered":"<div style=\"text-align: center;\"><\/div>\n<p style=\"text-align: center;\"><strong>Per primera vegada l\u2019Antic Mercat va acollir este concurs organitzat per la falla Barri Cotxera que ha arribat enguany a la 27a edici\u00f3<\/strong><\/p>\n<p style=\"text-align: center;\"><strong>Els participants desfilaren mostrant les peces dels seus avantpassats davant de mig miler d\u2019assistents<\/strong><\/p>\n<p style=\"text-align: center;\"><strong>Les falles Avinguda, Sants Patrons i Saragossa-Parc Central obtingueren els primers premis<\/strong><\/p>\n<p style=\"text-align: center;\"><strong>El concurs recupera els valors i les peces fidedignes de la indument\u00e0ria valenciana tradicional\u00a0<\/strong><\/p>\n<p style=\"text-align: justify;\">El m\u00f3n de la indument\u00e0ria valenciana tradicional va celebrar la seua cita biennal dissabte a Torrent, en un dels concursos m\u00e9s importants del g\u00e8nere. Per primera volta la sala c\u00edvica de l\u2019Antic Mercat va acollir esta jornada dedicada a les peces que vestien els nostres avantpassats amb c\u00f2pies fidedignes i troballes de la riquesa indument\u00e0ria. La falla Barri Cotxera torn\u00e0 a organitzar el concurs que porta el nom de Narci Garcia i que ha arribat enguany a la 27a edici\u00f3. Les falles Avinguda, Sants Patrons, i Saragossa-Parc Central van obtindre els primers premis en les modalitats masculina i femenina en una jornada amenitzada pel Grup de Ball de Torrent.<\/p>\n<p style=\"text-align: justify;\">Un total de 18 persones van participar enguany en el concurs, que enguany ha tingut premis valorats en m\u00e9s de 6.000 euros. Vora mig miler de persones assistiren a esta cita que enguany tenia per primera vegada una passarel\u00b7la i un muntatge audiovisual que donava un \u00a0car\u00e0cter m\u00e9s elegant a l\u2019acte. A m\u00e9s, el jurat format per experts en l\u2019\u00e0rea estava compost en esta edici\u00f3 per Josep Olmos Carrillo, president del Grup de Ball de l\u2019Altar de Russafa, Fernando Vila, gerent de la firma Mar de Seda, Mar\u00eda Cantos, llicenciada en Hist\u00f2ria per la Universitat de Val\u00e8ncia i investigadora en indument\u00e0ria de Torrent, i Javier Bayllot, gerent de la firma Vives i Mar\u00ed.<\/p>\n<p style=\"text-align: justify;\">Els guanyadors s\u2019emporten, a m\u00e9s del seu palet, un gens menyspreable aparador de teles per a confeccionar el seu pr\u00f2xim jupet\u00ed, gip\u00f3 o guardapeu i complements valencians donats per les firmes col\u00b7laboradores com ara Sergio Esteve Indument\u00e0ria Valenciana, Mar de Seda, Artesania Aurora, Viana, Mercedes Romero, El Torrent\u00ed o Vives y Mar\u00ed.<\/p>\n<p style=\"text-align: justify;\">Al concurs hi assistiren les falleres majors de Torrent de 2017, Carmen Sirvent i Paula Gim\u00e9nez, aix\u00ed com els m\u00e0xims representants de la falla organitzadora, l\u2019alcalde Jes\u00fas Ros i el regidor de l\u2019\u00c0rea de Festes, Alfred Costa. \u00a0Els premis en les diferentes modalitats han sigut:<\/p>\n<p style=\"text-align: justify;\"><span style=\"color: #000000;\"><strong>Modalitat Dona:<\/strong><\/span><\/p>\n<p style=\"text-align: justify;\">1r premi: \u00a0Cristina Peris &#8211; Falla Toledo<\/p>\n<p style=\"text-align: justify;\">2n premi: Ver\u00f3nica Viamonte &#8211; Falla Saragossa<\/p>\n<p style=\"text-align: justify;\">3r premi: \u00a0Susi Ure\u00f1a &#8211; Falla II Tram Avinguda<\/p>\n<p style=\"text-align: justify;\"><strong>Premi Especial:<\/strong> Mireia Peinado &#8211; Falla Nicolau Andreu<\/p>\n<p style=\"text-align: justify;\"><span style=\"color: #000000;\"><strong>Modalitat Home:<\/strong><\/span><\/p>\n<p style=\"text-align: justify;\">1r premi:Ramon Sorn\u00ed &#8211; Falla II Tram<\/p>\n<p style=\"text-align: justify;\">2n premi: Jos\u00e9 Miguel Peris &#8211; Falla Avinguda<\/p>\n<p style=\"text-align: justify;\">3r premi: Vicent Burguera &#8211; Falla Cronista<\/p>\n<p style=\"text-align: justify;\"><span style=\"color: #000000;\"><strong>Modalitat Xiqueta:<\/strong><\/span><\/p>\n<p style=\"text-align: justify;\">1r premi: Ver\u00f3nica Aguilar &#8211; Falla Saragossa<\/p>\n<p style=\"text-align: justify;\">2n premi: Claudia Gonzalez &#8211; Falla Sants Patrons<\/p>\n<p style=\"text-align: justify;\">3r premi: Desert<\/p>\n<p style=\"text-align: justify;\"><span style=\"color: #000000;\"><strong>Modalitat Xiquet:<\/strong><\/span><\/p>\n<p style=\"text-align: justify;\">1r premi: Ricardo Cervera &#8211; Falla Sants Patrons<\/p>\n<p style=\"text-align: justify;\">2n premi: Antonio Almansa &#8211; Falla Escultor Vte. Pallardo<\/p>\n<p style=\"text-align: justify;\">3r premi: Alejandro Vilata -Falla Benem\u00e8rita<\/p>\n","protected":false},"excerpt":{"rendered":"<p>Per primera vegada l\u2019Antic Mercat va acollir este concurs organitzat per la falla Barri Cotxera que ha arribat enguany a la 27a edici\u00f3 Els participants desfilaren mostrant les peces dels seus avantpassats davant de mig miler d\u2019assistents Les falles Avinguda, Sants Patrons i Saragossa-Parc Central obtingueren els primers premis El concurs recupera els valors i [&hellip;]<\/p>\n","protected":false},"author":4,"featured_media":1137,"comment_status":"open","ping_status":"open","sticky":false,"template":"","format":"standard","meta":{"_acf_changed":false,"footnotes":""},"categories":[117,116],"tags":[],"class_list":["post-8248","post","type-post","status-publish","format-standard","has-post-thumbnail","hentry","category-cultura","category-noticies"],"acf":[],"_links":{"self":[{"href":"https:\/\/infotorrent.es\/ca\/wp-json\/wp\/v2\/posts\/8248","targetHints":{"allow":["GET"]}}],"collection":[{"href":"https:\/\/infotorrent.es\/ca\/wp-json\/wp\/v2\/posts"}],"about":[{"href":"https:\/\/infotorrent.es\/ca\/wp-json\/wp\/v2\/types\/post"}],"author":[{"embeddable":true,"href":"https:\/\/infotorrent.es\/ca\/wp-json\/wp\/v2\/users\/4"}],"replies":[{"embeddable":true,"href":"https:\/\/infotorrent.es\/ca\/wp-json\/wp\/v2\/comments?post=8248"}],"version-history":[{"count":0,"href":"https:\/\/infotorrent.es\/ca\/wp-json\/wp\/v2\/posts\/8248\/revisions"}],"wp:featuredmedia":[{"embeddable":true,"href":"https:\/\/infotorrent.es\/ca\/wp-json\/wp\/v2\/media\/1137"}],"wp:attachment":[{"href":"https:\/\/infotorrent.es\/ca\/wp-json\/wp\/v2\/media?parent=8248"}],"wp:term":[{"taxonomy":"category","embeddable":true,"href":"https:\/\/infotorrent.es\/ca\/wp-json\/wp\/v2\/categories?post=8248"},{"taxonomy":"post_tag","embeddable":true,"href":"https:\/\/infotorrent.es\/ca\/wp-json\/wp\/v2\/tags?post=8248"}],"curies":[{"name":"wp","href":"https:\/\/api.w.org\/{rel}","templated":true}]}}