{"id":8245,"date":"2016-10-05T08:50:17","date_gmt":"2016-10-05T08:50:17","guid":{"rendered":"https:\/\/infotorrent.es\/uncategorized\/abierto-el-plazo-de-solicitud-de-las-ayudas-al-alquiler-de-emergencia-social\/"},"modified":"2016-10-05T08:50:17","modified_gmt":"2016-10-05T08:50:17","slug":"abierto-el-plazo-de-solicitud-de-las-ayudas-al-alquiler-de-emergencia-social","status":"publish","type":"post","link":"https:\/\/infotorrent.es\/ca\/noticies\/abierto-el-plazo-de-solicitud-de-las-ayudas-al-alquiler-de-emergencia-social\/","title":{"rendered":"Obert el termini de sol\u00b7licitud de les ajudes al lloguer d&#8217;emerg\u00e8ncia social"},"content":{"rendered":"<p style=\"text-align: center;\"><strong>La Conselleria d&#8217;Habitatge destinar\u00e0 3.100.000 euros per a la concessi\u00f3 de les ajudes a fam\u00edlies en risc d&#8217;exclusi\u00f3 social de tota la Comunitat\u00a0<\/strong><\/p>\n<p style=\"text-align: center;\"><strong>Les sol\u00b7licituds es tramitaran a trav\u00e9s dels serveis socials municipals de Torrent i es gestionaran a trav\u00e9s de l&#8217;empresa municipal Nous Espais\u00a0<\/strong><\/p>\n<p style=\"text-align: justify;\">La Generalitat Valenciana a trav\u00e9s de la Conselleria d&#8217;Habitatge ha obert el termini de sol\u00b7licitud d&#8217;ajudes d&#8217;emerg\u00e8ncia en el pagament de lloguers a les persones amb risc d&#8217;exclusi\u00f3 social. Es destinar\u00e0 un total de 3.100.000 d&#8217;euros per a la concessi\u00f3 d&#8217;estes ajudes de lloguer a totes les fam\u00edlies en situaci\u00f3 d&#8217;emerg\u00e8ncia social a la Comunitat Valenciana. \u00c9s objecte d&#8217;esta convocat\u00f2ria facilitar l&#8217;acc\u00e9s a l&#8217;habitatge a les persones que m\u00e9s ho necessiten.<\/p>\n<p style=\"text-align: justify;\">Les ajudes per als residents en el nostre municipi es tramitaran a trav\u00e9s de l&#8217;Ajuntament de Torrent i es podr\u00e0 subvencionar fins a un total del 50% de la renda mensual del lloguer de 2016 (sempre que els rebuts estiguen pagats per banc), i amb un m\u00e0xim de 1.800 \u20ac a l&#8217;any (l\u00edmit de rendes de 300 \u20ac al mes).<\/p>\n<p style=\"text-align: justify;\">La sol\u00b7licitud es podr\u00e0 tramitar fins al dia <strong>31 d&#8217;octubre<\/strong> en les oficines de Serveis Socials de l&#8217;Ajuntament de Torrent situades en el <strong>c\/ Sant Dom\u00e9nec, 22<\/strong>, i la gesti\u00f3 i tramitaci\u00f3 posterior de la sol\u00b7licitud es realitzar\u00e0 a trav\u00e9s de l&#8217;empresa municipal Nous Espais.<\/p>\n<p style=\"text-align: justify;\">Per a m\u00e9s informaci\u00f3 consulteu en les oficines de Serveis Socials de l&#8217;Ajuntament de Torrent.<\/p>\n","protected":false},"excerpt":{"rendered":"<p>La Conselleria d&#8217;Habitatge destinar\u00e0 3.100.000 euros per a la concessi\u00f3 de les ajudes a fam\u00edlies en risc d&#8217;exclusi\u00f3 social de tota la Comunitat\u00a0 Les sol\u00b7licituds es tramitaran a trav\u00e9s dels serveis socials municipals de Torrent i es gestionaran a trav\u00e9s de l&#8217;empresa municipal Nous Espais\u00a0 La Generalitat Valenciana a trav\u00e9s de la Conselleria d&#8217;Habitatge ha [&hellip;]<\/p>\n","protected":false},"author":4,"featured_media":1137,"comment_status":"open","ping_status":"open","sticky":false,"template":"","format":"standard","meta":{"_acf_changed":false,"footnotes":""},"categories":[122,116],"tags":[],"class_list":["post-8245","post","type-post","status-publish","format-standard","has-post-thumbnail","hentry","category-benestar-social","category-noticies"],"acf":[],"_links":{"self":[{"href":"https:\/\/infotorrent.es\/ca\/wp-json\/wp\/v2\/posts\/8245","targetHints":{"allow":["GET"]}}],"collection":[{"href":"https:\/\/infotorrent.es\/ca\/wp-json\/wp\/v2\/posts"}],"about":[{"href":"https:\/\/infotorrent.es\/ca\/wp-json\/wp\/v2\/types\/post"}],"author":[{"embeddable":true,"href":"https:\/\/infotorrent.es\/ca\/wp-json\/wp\/v2\/users\/4"}],"replies":[{"embeddable":true,"href":"https:\/\/infotorrent.es\/ca\/wp-json\/wp\/v2\/comments?post=8245"}],"version-history":[{"count":0,"href":"https:\/\/infotorrent.es\/ca\/wp-json\/wp\/v2\/posts\/8245\/revisions"}],"wp:featuredmedia":[{"embeddable":true,"href":"https:\/\/infotorrent.es\/ca\/wp-json\/wp\/v2\/media\/1137"}],"wp:attachment":[{"href":"https:\/\/infotorrent.es\/ca\/wp-json\/wp\/v2\/media?parent=8245"}],"wp:term":[{"taxonomy":"category","embeddable":true,"href":"https:\/\/infotorrent.es\/ca\/wp-json\/wp\/v2\/categories?post=8245"},{"taxonomy":"post_tag","embeddable":true,"href":"https:\/\/infotorrent.es\/ca\/wp-json\/wp\/v2\/tags?post=8245"}],"curies":[{"name":"wp","href":"https:\/\/api.w.org\/{rel}","templated":true}]}}