{"id":8241,"date":"2016-09-30T12:00:10","date_gmt":"2016-09-30T12:00:10","guid":{"rendered":"https:\/\/infotorrent.es\/uncategorized\/este-cap-de-setmana-la-indumentaria-valenciana-sera-la-protagonista-a-lantic-mercat\/"},"modified":"2016-09-30T12:00:42","modified_gmt":"2016-09-30T12:00:42","slug":"este-cap-de-setmana-la-indumentaria-valenciana-sera-la-protagonista-a-lantic-mercat","status":"publish","type":"post","link":"https:\/\/infotorrent.es\/ca\/noticies\/este-cap-de-setmana-la-indumentaria-valenciana-sera-la-protagonista-a-lantic-mercat\/","title":{"rendered":"Este cap de setmana la indument\u00e0ria valenciana ser\u00e0 la protagonista a l\u2019Antic Mercat"},"content":{"rendered":"<p style=\"text-align: center;\"><strong>La solidaritat hi ser\u00e0 present amb una recollida d\u2019aliments als quatre establiments de Mercadona de la ciutat<\/strong><\/p>\n<p style=\"text-align: justify;\">L\u2019Antic Mercat acull per primera vegada el 27\u00e9 Concurs d\u2019Indument\u00e0ria Valenciana Narci Garc\u00eda, que organitza cada dos anys la falla Cotxera. L\u2019Ajuntament ha cedit la sala polivalent de l\u2019Antic Mercat per a donar un car\u00e0cter m\u00e9s elegant a l\u2019acte. El certamen es desenvolupa en dos temps. Primer tindr\u00e0 lloc la modalitat infantil en la versi\u00f3 femenina i masculina, i despr\u00e9s la modalitat adulta. En acabar, el jurat es retirar\u00e0 a deliberar, mentre la falla organitzadora delectar\u00e0 els assistents amb un vi d\u2019honor.<\/p>\n<p style=\"text-align: justify;\">L&#8217;activitat solid\u00e0ria del cap de setmana est\u00e0 organitzada pel Punt d&#8217;Aliments de Torrent, que dissabte des de les 9.15 h fins a les 21.15 h arreplegar\u00e0 aliments no peribles en els quatre establiments de Mercadona que hi ha en la ciutat.<\/p>\n<p style=\"text-align: justify;\">A m\u00e9s durant el mes de setembre s\u2019est\u00e0 celebrant el Mes de la Mobilitat Sostenible. Un gran nombre d&#8217;actes s&#8217;han dut a terme al llarg d&#8217;esta setmana que es clou divendres a la vesprada amb un sopar i una projecci\u00f3 documental. A les 20 h en el Parc de Tr\u00e9nor.<\/p>\n<p style=\"text-align: justify;\">L\u2019Auditori comen\u00e7a una temporada carregada d&#8217;un gran nombre d&#8217;espectacles de tots els g\u00e8neres i per a totes les edats. Este dissabte a les 20 h \u00e9s el torn dels riures, que estan assegurats amb el mon\u00f2leg Las am\u00edgdalas de mis am\u00edgdalas son mis am\u00edgdalas. Este espectacle ens ensenya que la vida \u00e9s com un hotel: un lloc en el qual estarem poc temps del qual ens hem d\u2019emportar tot el que puguem.<\/p>\n<p style=\"text-align: justify;\">La pla\u00e7a Major acollir\u00e0 la Nit Estell\u00e9s organitzada per la Gavella. La festa comen\u00e7ar\u00e0 a les 20 h amb una lectura de poemes, a continuaci\u00f3 un sopar popular i per a acabar una actuaci\u00f3 de Grup de Corda i Veu CSA Al Vent cantant a Vicent A. Estell\u00e9s.<\/p>\n","protected":false},"excerpt":{"rendered":"<p>La solidaritat hi ser\u00e0 present amb una recollida d\u2019aliments als quatre establiments de Mercadona de la ciutat L\u2019Antic Mercat acull per primera vegada el 27\u00e9 Concurs d\u2019Indument\u00e0ria Valenciana Narci Garc\u00eda, que organitza cada dos anys la falla Cotxera. L\u2019Ajuntament ha cedit la sala polivalent de l\u2019Antic Mercat per a donar un car\u00e0cter m\u00e9s elegant a [&hellip;]<\/p>\n","protected":false},"author":4,"featured_media":1137,"comment_status":"open","ping_status":"open","sticky":false,"template":"","format":"standard","meta":{"_acf_changed":false,"footnotes":""},"categories":[117,156,116],"tags":[245],"class_list":["post-8241","post","type-post","status-publish","format-standard","has-post-thumbnail","hentry","category-cultura","category-festes-i-tradicions-2","category-noticies","tag-fallasfalles"],"acf":[],"_links":{"self":[{"href":"https:\/\/infotorrent.es\/ca\/wp-json\/wp\/v2\/posts\/8241","targetHints":{"allow":["GET"]}}],"collection":[{"href":"https:\/\/infotorrent.es\/ca\/wp-json\/wp\/v2\/posts"}],"about":[{"href":"https:\/\/infotorrent.es\/ca\/wp-json\/wp\/v2\/types\/post"}],"author":[{"embeddable":true,"href":"https:\/\/infotorrent.es\/ca\/wp-json\/wp\/v2\/users\/4"}],"replies":[{"embeddable":true,"href":"https:\/\/infotorrent.es\/ca\/wp-json\/wp\/v2\/comments?post=8241"}],"version-history":[{"count":0,"href":"https:\/\/infotorrent.es\/ca\/wp-json\/wp\/v2\/posts\/8241\/revisions"}],"wp:featuredmedia":[{"embeddable":true,"href":"https:\/\/infotorrent.es\/ca\/wp-json\/wp\/v2\/media\/1137"}],"wp:attachment":[{"href":"https:\/\/infotorrent.es\/ca\/wp-json\/wp\/v2\/media?parent=8241"}],"wp:term":[{"taxonomy":"category","embeddable":true,"href":"https:\/\/infotorrent.es\/ca\/wp-json\/wp\/v2\/categories?post=8241"},{"taxonomy":"post_tag","embeddable":true,"href":"https:\/\/infotorrent.es\/ca\/wp-json\/wp\/v2\/tags?post=8241"}],"curies":[{"name":"wp","href":"https:\/\/api.w.org\/{rel}","templated":true}]}}