{"id":8240,"date":"2016-09-30T12:13:25","date_gmt":"2016-09-30T12:13:25","guid":{"rendered":"https:\/\/infotorrent.es\/uncategorized\/harghita-agermanada-amb-torrent-a-favor-de-la-integracio-de-letnia-gitana-visita-la-nostra-localitat\/"},"modified":"2016-09-30T12:13:25","modified_gmt":"2016-09-30T12:13:25","slug":"harghita-agermanada-amb-torrent-a-favor-de-la-integracio-de-letnia-gitana-visita-la-nostra-localitat","status":"publish","type":"post","link":"https:\/\/infotorrent.es\/ca\/noticies\/harghita-agermanada-amb-torrent-a-favor-de-la-integracio-de-letnia-gitana-visita-la-nostra-localitat\/","title":{"rendered":"Harghita, agermanada amb Torrent a favor de la integraci\u00f3 de l&#8217;\u00e8tnia gitana, visita la nostra localitat"},"content":{"rendered":"<div><\/div>\n<div style=\"text-align: center;\"><span style=\"color: #000000;\"><strong>Els representants romanesos han visitat el nostre municipi per a intercanviar bones pr\u00e0ctiques en mat\u00e8ria de Benestar Social<br \/>\n<\/strong><\/span><\/div>\n<p style=\"text-align: center;\"><span style=\"color: #000000;\"><strong>L&#8217;agermanament de les ciutats s&#8217;ha dut a terme en el marc del programa europeu For Roma, with Roma de la Comissi\u00f3 Europea<\/strong><\/span><\/p>\n<p style=\"text-align: justify;\">El municipi de Torrent ha rebut esta setmana els representants de la ciutat romanesa de Harghita, ciutat amb la qual el nostre municipi s&#8217;ha germanat en el marc del projecte europeu For Roma, with Roma, l\u2019objectiu principal del qual \u00e9s l&#8217;intercanvi de bones pr\u00e0ctiques en benestar social amb la poblaci\u00f3 gitana de la localitat per a eliminar la discriminaci\u00f3 d&#8217;esta \u00e8tnia.<\/p>\n<p style=\"text-align: justify;\">La sala de juntes de l&#8217;Ajuntament va acollir la recepci\u00f3 oficial dels representants romanesos, on Francesc Carbonell, regidor de Benestar Social els va donar la benvinguda acompanyat de diversos membres de la corporaci\u00f3 municipal.<\/p>\n<p style=\"text-align: justify;\">Durant els tres dies de visita a Torrent la comitiva ha visitat diferents escoles municipals i el centre social del barri del Xenillet, on m\u00e9s poblaci\u00f3 gitana residix. Gloria, la dona gitana que ha seguit un proc\u00e9s de tutoritzaci\u00f3 i apoderament este estiu a trav\u00e9s d&#8217;un itinerari sociolaboral integrat d&#8217;IDEA\u2019t, els va acompanyar en les visites al Xenillet per a explicar-los la seua experi\u00e8ncia personal en el barri.<\/p>\n<p style=\"text-align: justify;\">Visitaren el col\u00b7legi Joan XXIII, centre educatiu p\u00fablic d&#8217;atenci\u00f3 singular, que t\u00e9 com un dels fins principals garantir l\u2019escolaritzaci\u00f3 en condicions d\u2019igualtat d\u2019oportunitats de l\u2019alumnat amb necessitats de compensaci\u00f3 educativa. Cada classe t\u00e9 el doble de professors, adaptats als diferents nivells dels alumnes de l&#8217;aula, per a aconseguir una educaci\u00f3 m\u00e9s efica\u00e7. Els representants de la ciutat de Harghita van poder veure de primera m\u00e0 el funcionament d\u2019este col\u00b7legi, el sistema de treball del qual incidix en la col\u00b7laboraci\u00f3 i la participaci\u00f3 de les fam\u00edlies en l&#8217;educaci\u00f3 dels fills i els fa comprendre que l&#8217;escola \u00e9s una cosa positiva.<\/p>\n<p style=\"text-align: justify;\">Este mateix sistema de treball \u00e9s l&#8217;utilitzat en l&#8217;escola infantil municipal Ciutat Jard\u00ed gestionada per Casa de la Caritat, les instal\u00b7lacions de la qual tamb\u00e9 van ser visitades. Esta ONG gestiona un total de quatre escoles, dos de les quals es troben a Torrent, i cadascuna at\u00e9n 30 xiquets i xiquetes del barri amb la col\u00b7laboraci\u00f3 econ\u00f2mica de la Delegaci\u00f3 de Benestar Social de l&#8217;Ajuntament.<\/p>\n<p style=\"text-align: justify;\">Tota l&#8217;educaci\u00f3 p\u00fablica obligat\u00f2ria es complementa amb les activitats extraescolars que es duen a terme en el Centre Social Municipal del Xenillet. Este centre social \u00e9s el cor del barri, ja que la majoria de les persones que hi residixen van al centre per a fer diferents tr\u00e0mits, sol\u00b7licitar ajudes o rebre cursos de formaci\u00f3. El Centre Social del Xenillet at\u00e9n vora 6.000 persones l&#8217;any i t\u00e9 unes instal\u00b7lacions polivalents preparades per a tot tipus d&#8217;activitats.<\/p>\n<p style=\"text-align: justify;\">Ahir de vesprada els representants de Harghita juntament amb la Delegaci\u00f3 de Benestar Social i IDEA\u2019T de Torrent van assistir a un acte organitzat a la Casa de la Dona, on el secretari auton\u00f2mic d&#8217;Inclusi\u00f3 Social, Alberto Ib\u00e1\u00f1ez, hi va voler ser present per a exposar les pol\u00edtiques en mat\u00e8ria d&#8217;inclusi\u00f3 social que es posen en pr\u00e0ctica per la Generalitat Valenciana. Durant la seua intervenci\u00f3 va destacar el valor del poble gitano per a la nostra societat: \u201cEl poble valenci\u00e0 no es pot entendre sense la comunitat gitana. Forma part de la nostra societat, que \u00e9s plural i diversa\u201d. El regidor de l&#8217;\u00c0rea d&#8217;Atenci\u00f3 a les Persones Francesc Carbonell els va transmetre la intenci\u00f3 del consistori de participar en tota classe d&#8217;iniciatives que afavorisquen la inclusi\u00f3 social i tamb\u00e9 present\u00e0 a Gloria Torres, dona gitana torrentina que representar\u00e0 Torrent a la fi d\u2019octubre en la confer\u00e8ncia final del projecte For Roma, with Roma, que tindr\u00e0 lloc a Brussel\u00b7les.<\/p>\n<p style=\"text-align: justify;\">Durant la confer\u00e8ncia es va explicar el funcionament dels servicis socials de la ciutat aix\u00ed com les actuacions del programa For Roma with Roma, els resultats de les quals ja havien observat en les diferents visites al Xenillet. En acabant es va projectar el v\u00eddeo que es va gravar sobre Gloria, en qu\u00e8 es mostrava el seu dia a dia, i despr\u00e9s contest\u00e0 algunes preguntes dels assistents. A la Casa de la Dona tamb\u00e9 s\u2019hi exposaren els diferents treballs d\u2019artesania t\u00e8xtil realitzats per grup de dones Roma Intercultural Women, que han participat en els tallers de les accions locals emmarcades en este programa europeu.<\/p>\n<p style=\"text-align: justify;\">Segons el que s\u2019havia previst, el Centre Integra&#8217;t va donar la benvinguda als visitants de Harghita, que van comprovar en persona les activitats que s\u2019executen en este centre i interactuaren amb els participants de les classes d&#8217;angl\u00e9s i els membres de la Xenillet Band. Despr\u00e9s d&#8217;una visita a l&#8217;esgl\u00e9sia evangelista situada en el barri es van dirigir al camp de futbol de l&#8217;Alter, on, gr\u00e0cies a l\u2019esport, es du a terme una important tasca social a trav\u00e9s d&#8217;uns valors de respecte, esportivitat i germanor.<\/p>\n<p style=\"text-align: justify;\">Esta reuni\u00f3 de treball i d&#8217;intercanvi de bones pr\u00e0ctiques a Torrent tamb\u00e9 els va oferir l&#8217;oportunitat de con\u00e9ixer la ciutat i la seua gastronomia. Els representats de Romania van rebre una visita guiada a la Torre, on van poder contemplar tota la ciutat des d&#8217;un dels monuments amb m\u00e9s hist\u00f2ria de Torrent.<strong><br \/>\n<\/strong><\/p>\n","protected":false},"excerpt":{"rendered":"<p>Els representants romanesos han visitat el nostre municipi per a intercanviar bones pr\u00e0ctiques en mat\u00e8ria de Benestar Social L&#8217;agermanament de les ciutats s&#8217;ha dut a terme en el marc del programa europeu For Roma, with Roma de la Comissi\u00f3 Europea El municipi de Torrent ha rebut esta setmana els representants de la ciutat romanesa de [&hellip;]<\/p>\n","protected":false},"author":4,"featured_media":1137,"comment_status":"open","ping_status":"open","sticky":false,"template":"","format":"standard","meta":{"_acf_changed":false,"footnotes":""},"categories":[122,116],"tags":[],"class_list":["post-8240","post","type-post","status-publish","format-standard","has-post-thumbnail","hentry","category-benestar-social","category-noticies"],"acf":[],"_links":{"self":[{"href":"https:\/\/infotorrent.es\/ca\/wp-json\/wp\/v2\/posts\/8240","targetHints":{"allow":["GET"]}}],"collection":[{"href":"https:\/\/infotorrent.es\/ca\/wp-json\/wp\/v2\/posts"}],"about":[{"href":"https:\/\/infotorrent.es\/ca\/wp-json\/wp\/v2\/types\/post"}],"author":[{"embeddable":true,"href":"https:\/\/infotorrent.es\/ca\/wp-json\/wp\/v2\/users\/4"}],"replies":[{"embeddable":true,"href":"https:\/\/infotorrent.es\/ca\/wp-json\/wp\/v2\/comments?post=8240"}],"version-history":[{"count":0,"href":"https:\/\/infotorrent.es\/ca\/wp-json\/wp\/v2\/posts\/8240\/revisions"}],"wp:featuredmedia":[{"embeddable":true,"href":"https:\/\/infotorrent.es\/ca\/wp-json\/wp\/v2\/media\/1137"}],"wp:attachment":[{"href":"https:\/\/infotorrent.es\/ca\/wp-json\/wp\/v2\/media?parent=8240"}],"wp:term":[{"taxonomy":"category","embeddable":true,"href":"https:\/\/infotorrent.es\/ca\/wp-json\/wp\/v2\/categories?post=8240"},{"taxonomy":"post_tag","embeddable":true,"href":"https:\/\/infotorrent.es\/ca\/wp-json\/wp\/v2\/tags?post=8240"}],"curies":[{"name":"wp","href":"https:\/\/api.w.org\/{rel}","templated":true}]}}