{"id":82064,"date":"2025-05-30T11:59:07","date_gmt":"2025-05-30T09:59:07","guid":{"rendered":"https:\/\/infotorrent.es\/?p=82064"},"modified":"2025-05-30T11:59:31","modified_gmt":"2025-05-30T09:59:31","slug":"torrent-acull-lexposicio-goya-llums-i-ombres-una-fusio-de-moda-sostenible-i-art-pictoric","status":"publish","type":"post","link":"https:\/\/infotorrent.es\/ca\/cultura-ca\/torrent-acull-lexposicio-goya-llums-i-ombres-una-fusio-de-moda-sostenible-i-art-pictoric\/","title":{"rendered":"Torrent acull l&#8217;exposici\u00f3 \u201cGoya: Llums i Ombres\u201d, una fusi\u00f3 de moda sostenible i art pict\u00f2ric"},"content":{"rendered":"\n<p><strong>Del llen\u00e7 al vestit: Alba Garc\u00eda reinterpreta al geni aragon\u00e9s, amb teixits reciclats pintats a m\u00e0, en una mostra \u00fanica a Torrent<\/strong><\/p>\n\n\n\n<p><strong>La dissenyadora ja va captivar en 2024 amb la seua col\u00b7lecci\u00f3 de vestits \u201cSorolla: Llum i Expressi\u00f3\u201d<\/strong><\/p>\n\n\n\n<p><strong>La inauguraci\u00f3 se celebrar\u00e0 amb una desfilada el 3 de juny i la mostra romandr\u00e0 oberta fins al 20 de juny en l&#8217;Espai Sant Gregori<\/strong><\/p>\n\n\n\n<p>Del 3 al 20 de juny, la ciutat de Torrent ser\u00e0 seu d&#8217;una experi\u00e8ncia cultural \u00fanica que unix la moda, la sostenibilitat i l&#8217;art pict\u00f2ric a trav\u00e9s de l&#8217;exposici\u00f3 \u201cGoya: Llums i Ombres\u201d. Una mostra encap\u00e7alada per la reconeguda dissenyadora valenciana Alba Garc\u00eda, fundadora de la firma de moda sostenible Cache Croch\u00e9, que ret homenatge al llegat de Francisco de Goya des d&#8217;una perspectiva contempor\u00e0nia, cr\u00edtica i conscient amb el medi ambient.<\/p>\n\n\n\n<p>La inauguraci\u00f3 de l&#8217;exposici\u00f3 tindr\u00e0 lloc el 3 de juny a les 19.00 hores en l&#8217;Espai Sant Gregori, un espai emblem\u00e0tic de la ciutat i constar\u00e0 d&#8217;una doble proposta art\u00edstica: una desfilada inaugural que presentar\u00e0 les peces m\u00e9s destacades de la col\u00b7lecci\u00f3 i una exposici\u00f3 demostrativa.<\/p>\n\n\n\n<p>Un dels moments m\u00e9s emotius i significatius de l&#8217;acte inaugural ser\u00e0 la desfilada de presentaci\u00f3, que comen\u00e7ar\u00e0 en l&#8217;exterior de l&#8217;espai expositiu i continuar\u00e0 en el seu interior, generant aix\u00ed un recorregut esc\u00e8nic de doble ambient. Esta desfilada no sols ser\u00e0 una mostra de creativitat i disseny, sin\u00f3 tamb\u00e9 un clar gest d&#8217;inclusi\u00f3 social. Participaran en ell dos persones pertanyents a la Fundaci\u00f3 Espurna i a l&#8217;Associaci\u00f3 de Discapacitats de Torrent (ADISTO), els qui compartiran passarel\u00b7la amb models professionals. Amb esta decisi\u00f3, la dissenyadora Alba Garc\u00eda ha volgut posar de manifest que la moda tamb\u00e9 pot i deu ser un espai per a la integraci\u00f3, la diversitat i la dignitat, d&#8217;acord amb els valors humans i socials que tamb\u00e9 van inspirar al mateix Goya en el seu temps.<\/p>\n\n\n\n<p>Esta col\u00b7lecci\u00f3, ja aplaudida en la seua presentaci\u00f3 en Fitur 2025 al costat de Turisme Val\u00e8ncia, conjuga el talent t\u00e8xtil d&#8217;Alba Garc\u00eda amb interpretacions pict\u00f2riques d&#8217;artistes valencians sobre les grans obres del geni aragon\u00e9s.<\/p>\n\n\n\n<p><strong>La dissenyadora torna a Torrent despr\u00e9s de l&#8217;\u00e8xit de \u201cSorolla: Llum i expressi\u00f3\u201d<\/strong><\/p>\n\n\n\n<p>Cal destacar que esta no \u00e9s la primera vegada que Alba Garc\u00eda exposa a Torrent. Al maig de 2024, va presentar la col\u00b7lecci\u00f3 \u201cSorolla: Llum i Expressi\u00f3\u201d en el mateix Espai Sant Gregori, una mostra composta per 13 vestits sostenibles pintats a m\u00e0, inspirats en obres emblem\u00e0tiques de Joaqu\u00edn Sorolla com \u201cLa pesca de la tonyina\u201d o \u201cClotilde i Elena en les roques de X\u00e0bia\u201d. L&#8217;exposici\u00f3, que va combinar moda, poesia i dansa en la seua inauguraci\u00f3, va ser un \u00e8xit de p\u00fablic.<\/p>\n\n\n\n<p><strong>Moda lenta, art etern<\/strong><\/p>\n\n\n\n<p>Cada una de les peces, d&#8217;esta nova col\u00b7lecci\u00f3, ha sigut confeccionada artesanalment amb teixit reciclat de lli de la firma Teixits Royo, i pintades a m\u00e0 per artistes locals que, a m\u00e9s del seu talent, han compartit un fort vincle emocional amb el projecte en haver sigut afectats per la DANA. Esta sinergia entre dissenyadora i pintors dota a la mostra d&#8217;una profunditat humana que transcendix l&#8217;est\u00e8tic.<\/p>\n\n\n\n<p>Entre les huit obres reinterpretades en format t\u00e8xtil destaquen ic\u00f2nics quadres com La Guapa Nua, La Duquessa d&#8217;Alba, L&#8217;Aquelarre, Saturn devorant al seu fill, autoretrat Francisco de Goya, La Verema, El Quitasol i El somni de la ra\u00f3 produ\u00efx monstres. Estes peces reflectixen la influ\u00e8ncia de Goya com a precursor de les avantguardes pict\u00f2riques del segle XX i el romanticisme neocl\u00e0ssic. A trav\u00e9s d&#8217;estos vestits.<\/p>\n\n\n\n<p>Alba Garc\u00eda projecta una visi\u00f3 actualitzada de l&#8217;esperit goyesco, realitzant una cr\u00edtica als vicis socials, la desigualtat o la viol\u00e8ncia, entre altres temes, de manera molt similar a com ho feia Goya des del seu pinzell. \u201cVull demostrar que es pot fer alta costura sense danyar el planeta ni explotar a les persones. Goya va ser un revolucionari, un visionari, i el seu llegat mereix una mirada nova i compromesa\u201d, assenyala la dissenyadora.<\/p>\n\n\n\n<p><strong>Un viatge del llen\u00e7 al teixit<\/strong><\/p>\n\n\n\n<p>La mostra &#8220;Llums i Ombres&#8221; no sols visibilitza l&#8217;enorme potencial del disseny sostenible, sin\u00f3 que tamb\u00e9 refor\u00e7a la import\u00e0ncia de l&#8217;economia circular i la moda lenta com a pilars del futur t\u00e8xtil. Enfront del fast-fashion, esta col\u00b7lecci\u00f3 reivindica la durabilitat, l&#8217;\u00e8tica i la bellesa conscient.<\/p>\n\n\n\n<p>Cada disseny, a m\u00e9s de reinterpretar una obra de Goya, transmet un missatge de den\u00fancia, reflexi\u00f3 o esperan\u00e7a. La col\u00b7lecci\u00f3 va anar seleccionada per a participar en els prestigiosos Premis de l&#8217;Agulla Goyesca, que es va celebrar a Saragossa \u2014ciutat natal del pintor\u2014 el passat 26 d&#8217;abril, i que suposen un recolzament a l&#8217;enfocament innovador i \u00e8tic d&#8217;esta proposta.<\/p>\n\n\n\n<p><strong>Talent valenci\u00e0 amb projecci\u00f3 europea<\/strong><\/p>\n\n\n\n<p>Alba Garc\u00eda \u00e9s una figura reconeguda en el m\u00f3n del disseny sostenible. Amb formaci\u00f3 en Disseny, Moda i Empresarials per l&#8217;EASD de Val\u00e8ncia, \u00e9s tamb\u00e9 fundadora de l&#8217;associaci\u00f3 \u201cLa nostra Lluita\u201d, centrada en la promoci\u00f3 d&#8217;iniciatives a favor de la sostenibilitat i la protecci\u00f3 de la mar Mediterr\u00e0nia enfront de la contaminaci\u00f3 pl\u00e0stica.<\/p>\n\n\n\n<p>La seua marca Cache Croch\u00e9 ha vestit celebritats com Anne Igartiburu i Chenoa, i ha sigut guardonada tant a nivell nacional com europeu per la seua innovaci\u00f3 en moda ecol\u00f2gica. A m\u00e9s, impartix formaci\u00f3 en escoles especialitzades i col\u00b7labora amb centres com AITEX o el Corte Ingl\u00e9s en confer\u00e8ncies de sensibilitzaci\u00f3 sobre ecodisseny, economia circular i teixits sostenibles.<\/p>\n\n\n\n<p><strong>Comprom\u00eds amb l&#8217;art i la cultura a Torrent<\/strong><\/p>\n\n\n\n<p>L&#8217;Ajuntament de Torrent continua amb la seua ferma aposta per atraure propostes art\u00edstiques de primer nivell que posen en valor la cultura, el talent local i la sostenibilitat com a valors estrat\u00e8gics. Esta exposici\u00f3 s&#8217;emmarca dins d&#8217;eixa l\u00ednia de treball, acostant al gran p\u00fablic una proposta pionera que ja ha captat l&#8217;atenci\u00f3 de nombrosos mitjans de comunicaci\u00f3.<\/p>\n\n\n\n<p>La ciutat es convertix aix\u00ed en un aparador per a l&#8217;art contemporani amb arrels cl\u00e0ssiques, per a la cr\u00edtica social amb ferramentes art\u00edstiques i per a la moda que respira futur. Una fusi\u00f3 entre art i teixit que convida a mirar amb nous ulls a Goya, i a comprendre com el seu missatge continua m\u00e9s vigent que mai, ara transformat en fils, textures i consci\u00e8ncia ecol\u00f2gica.<\/p>\n\n\n\n<p>L&#8217;alcaldessa Amparo Folgado ha explicat que&nbsp;<strong>\u201cTorrent t\u00e9 l&#8217;orgull d&#8217;acollir una exposici\u00f3 que transcendix l&#8217;art i la moda per a convertir-se en un acte de reflexi\u00f3 i comprom\u00eds amb la cultura, el medi ambient i la societat. Goya va utilitzar el seu art per a denunciar els vicis i defectes del seu temps. Hui, esta exposici\u00f3 repr\u00e9n eixe missatge des de la moda, per a parlar-nos de sostenibilitat, de cr\u00edtica social i de la necessitat de repensar els nostres h\u00e0bits com a societat. \u00c9s un privilegi que la nostra ciutat forme part d&#8217;este homenatge a Goya des d&#8217;una mirada tan innovadora\u201d.<\/strong><\/p>\n\n\n\n<p><strong>\u201cEsta mostra representa la Torrent que volem construir: una ciutat que impulsa el talent valenci\u00e0, la sostenibilitat i la creaci\u00f3 art\u00edstica compromesa. L&#8217;obra d&#8217;Alba Garc\u00eda i dels artistes participants \u00e9s un clar exemple de com podem fusionar tradici\u00f3 i innovaci\u00f3 amb consci\u00e8ncia\u201d<\/strong>, ha subratllat Folgado.<\/p>\n\n\n\n<p>La regidora de Participaci\u00f3 Ciutadana, Ana Penella ha indicat que&nbsp;<strong>\u201cens sentim profundament agra\u00efts de comptar amb una dissenyadora del prestigi i sensibilitat d&#8217;Alba Garc\u00eda, que ha sabut donar una nova vida a l&#8217;obra de Goya des de la moda \u00e8tica.\u201d<\/strong><\/p>\n\n\n\n<p><strong>\u201cContinuarem treballant perqu\u00e8 Torrent aculla propostes culturals que emocionen, que transmeten valors i que acosten l&#8217;art a tota la ciutadania. Esta exposici\u00f3 demostra que la cultura \u00e9s tamb\u00e9 motor de canvi i de consci\u00e8ncia\u201d,<\/strong>&nbsp;ha indicat la regidora.<\/p>\n\n\n\n<figure class=\"wp-block-gallery has-nested-images columns-default is-cropped wp-block-gallery-1 is-layout-flex wp-block-gallery-is-layout-flex\">\n<figure class=\"wp-block-image size-large\"><img fetchpriority=\"high\" decoding=\"async\" width=\"683\" height=\"1024\" data-id=\"82062\" src=\"https:\/\/infotorrent.es\/wp-content\/uploads\/2025\/05\/1-2-1-683x1024.jpg\" alt=\"\" class=\"wp-image-82062\" srcset=\"https:\/\/infotorrent.es\/wp-content\/uploads\/2025\/05\/1-2-1-683x1024.jpg 683w, https:\/\/infotorrent.es\/wp-content\/uploads\/2025\/05\/1-2-1-200x300.jpg 200w, https:\/\/infotorrent.es\/wp-content\/uploads\/2025\/05\/1-2-1-768x1152.jpg 768w, https:\/\/infotorrent.es\/wp-content\/uploads\/2025\/05\/1-2-1-1024x1536.jpg 1024w, https:\/\/infotorrent.es\/wp-content\/uploads\/2025\/05\/1-2-1.jpg 1067w\" sizes=\"(max-width: 683px) 100vw, 683px\" \/><\/figure>\n\n\n\n<figure class=\"wp-block-image size-large\"><img decoding=\"async\" width=\"683\" height=\"1024\" data-id=\"82060\" src=\"https:\/\/infotorrent.es\/wp-content\/uploads\/2025\/05\/3-24-683x1024.jpg\" alt=\"\" class=\"wp-image-82060\" srcset=\"https:\/\/infotorrent.es\/wp-content\/uploads\/2025\/05\/3-24-683x1024.jpg 683w, https:\/\/infotorrent.es\/wp-content\/uploads\/2025\/05\/3-24-200x300.jpg 200w, https:\/\/infotorrent.es\/wp-content\/uploads\/2025\/05\/3-24-768x1152.jpg 768w, https:\/\/infotorrent.es\/wp-content\/uploads\/2025\/05\/3-24-1024x1536.jpg 1024w, https:\/\/infotorrent.es\/wp-content\/uploads\/2025\/05\/3-24.jpg 1067w\" sizes=\"(max-width: 683px) 100vw, 683px\" \/><\/figure>\n<\/figure>\n\n\n\n<figure class=\"wp-block-image size-large\"><img decoding=\"async\" width=\"683\" height=\"1024\" src=\"https:\/\/infotorrent.es\/wp-content\/uploads\/2025\/05\/2-1-2-683x1024.jpg\" alt=\"\" class=\"wp-image-82066\" srcset=\"https:\/\/infotorrent.es\/wp-content\/uploads\/2025\/05\/2-1-2-683x1024.jpg 683w, https:\/\/infotorrent.es\/wp-content\/uploads\/2025\/05\/2-1-2-200x300.jpg 200w, https:\/\/infotorrent.es\/wp-content\/uploads\/2025\/05\/2-1-2-768x1152.jpg 768w, https:\/\/infotorrent.es\/wp-content\/uploads\/2025\/05\/2-1-2-1024x1536.jpg 1024w, https:\/\/infotorrent.es\/wp-content\/uploads\/2025\/05\/2-1-2.jpg 1067w\" sizes=\"(max-width: 683px) 100vw, 683px\" \/><\/figure>\n","protected":false},"excerpt":{"rendered":"<p>Del llen\u00e7 al vestit: Alba Garc\u00eda reinterpreta al geni aragon\u00e9s, amb teixits reciclats pintats a m\u00e0, en una mostra \u00fanica a Torrent La dissenyadora ja va captivar en 2024 amb la seua col\u00b7lecci\u00f3 de vestits \u201cSorolla: Llum i Expressi\u00f3\u201d La inauguraci\u00f3 se celebrar\u00e0 amb una desfilada el 3 de juny i la mostra romandr\u00e0 oberta [&hellip;]<\/p>\n","protected":false},"author":15,"featured_media":82062,"comment_status":"open","ping_status":"open","sticky":false,"template":"","format":"standard","meta":{"_acf_changed":false,"footnotes":""},"categories":[1132,1149],"tags":[],"class_list":["post-82064","post","type-post","status-publish","format-standard","has-post-thumbnail","hentry","category-cultura-ca","category-participacio-ciutadana"],"acf":[],"_links":{"self":[{"href":"https:\/\/infotorrent.es\/ca\/wp-json\/wp\/v2\/posts\/82064","targetHints":{"allow":["GET"]}}],"collection":[{"href":"https:\/\/infotorrent.es\/ca\/wp-json\/wp\/v2\/posts"}],"about":[{"href":"https:\/\/infotorrent.es\/ca\/wp-json\/wp\/v2\/types\/post"}],"author":[{"embeddable":true,"href":"https:\/\/infotorrent.es\/ca\/wp-json\/wp\/v2\/users\/15"}],"replies":[{"embeddable":true,"href":"https:\/\/infotorrent.es\/ca\/wp-json\/wp\/v2\/comments?post=82064"}],"version-history":[{"count":1,"href":"https:\/\/infotorrent.es\/ca\/wp-json\/wp\/v2\/posts\/82064\/revisions"}],"predecessor-version":[{"id":82068,"href":"https:\/\/infotorrent.es\/ca\/wp-json\/wp\/v2\/posts\/82064\/revisions\/82068"}],"wp:featuredmedia":[{"embeddable":true,"href":"https:\/\/infotorrent.es\/ca\/wp-json\/wp\/v2\/media\/82062"}],"wp:attachment":[{"href":"https:\/\/infotorrent.es\/ca\/wp-json\/wp\/v2\/media?parent=82064"}],"wp:term":[{"taxonomy":"category","embeddable":true,"href":"https:\/\/infotorrent.es\/ca\/wp-json\/wp\/v2\/categories?post=82064"},{"taxonomy":"post_tag","embeddable":true,"href":"https:\/\/infotorrent.es\/ca\/wp-json\/wp\/v2\/tags?post=82064"}],"curies":[{"name":"wp","href":"https:\/\/api.w.org\/{rel}","templated":true}]}}