{"id":81681,"date":"2025-05-19T12:44:42","date_gmt":"2025-05-19T10:44:42","guid":{"rendered":"https:\/\/infotorrent.es\/?p=81681"},"modified":"2025-05-19T12:44:47","modified_gmt":"2025-05-19T10:44:47","slug":"torrent-reafirma-el-seu-lideratge-en-la-moda-fallera-amb-mes-de-11-000-visitants-en-lii-showroom-faller","status":"publish","type":"post","link":"https:\/\/infotorrent.es\/ca\/fallas-ca\/torrent-reafirma-el-seu-lideratge-en-la-moda-fallera-amb-mes-de-11-000-visitants-en-lii-showroom-faller\/","title":{"rendered":"Torrent reafirma el seu lideratge en la moda fallera amb m\u00e9s de 11.000 visitants en l&#8217;II Showroom Faller"},"content":{"rendered":"\n<p><strong>El retard estrat\u00e8gic de l&#8217;esdeveniment impulsa la participaci\u00f3 i millora els resultats d&#8217;assist\u00e8ncia i vendes, que assegura la continu\u00eftat del Showroom Faller en 2026<\/strong><\/p>\n\n\n\n<p>L&#8217;Antic Mercat de Torrent ha acollit durant el passat cap de setmana l&#8217;II Showroom Faller, un esdeveniment que no sols ha revalidat l&#8217;\u00e8xit de la seua primera edici\u00f3, sin\u00f3 que ha superat totes les expectatives, atraient a m\u00e9s de 11.000 visitants al llarg de tres intensos dies dedicats a la moda tradicional valenciana. Un assoliment que cobra encara major valor al no estar en funcionament la l\u00ednia de metro afectada per la DANA, la qual cosa demostra el gran inter\u00e9s que suscita esta cita entre amants de les Falles, professionals del sector i p\u00fablic general.<\/p>\n\n\n\n<p>El divendres el certamen va comptar amb la visita de l&#8217;alcaldessa de Torrent, Amparo Folgado, acompanyada de les Falleres Majors de Torrent 2025, Alicia Moreno i Ana Barber\u00e1, i les seues respectives Corts d&#8217;Honor. Tamb\u00e9 van assistir el Mestre Major del Gremi Artes\u00e0 de Sastres i Modistes, Fran Tochena, aix\u00ed com regidors de la corporaci\u00f3 municipal. La comitiva va rec\u00f3rrer els expositors saludant als indumentaristas i artesans, mostrant el seu suport a un sector que \u00e9s sin\u00f2nim d&#8217;identitat cultural, creativitat i desenrotllament econ\u00f2mic.<\/p>\n\n\n\n<p><strong>\u00c8xit de participaci\u00f3 i gran acolliment de les noves dates<\/strong><\/p>\n\n\n\n<p>Una de les claus de l&#8217;\u00e8xit d&#8217;esta edici\u00f3 ha sigut el retard estrat\u00e8gic de les dates respecte a la primera edici\u00f3, la qual cosa ha perm\u00e9s una major participaci\u00f3 tant d&#8217;expositors com de p\u00fablic faller, especialment de les noves Falleres Majors de les comissions de Torrent i de diferents municipis de la prov\u00edncia. Gr\u00e0cies a aix\u00f2, el nombre d&#8217;expositors va augmentar fins a 22 firmes de primer nivell, que van mostrar les noves col\u00b7leccions i van consolidar relacions comercials amb visitants i professionals del sector.<\/p>\n\n\n\n<p>El Mestre Major del Gremi de Sastres i Modistes, Fran Tochena, \u201c<strong>ha valorat molt positivament tant l&#8217;espai com el desenrotllament de l&#8217;esdeveniment, afirmant que l&#8217;Antic Mercat i el seu entorn \u00e9s un encert absolut, amb un acolliment magn\u00edfic tant per part del p\u00fablic com dels expositors.&nbsp;<\/strong>Segons Tochena<strong>, la ubicaci\u00f3 en ple centre de Torrent facilita i contribu\u00efx a la nombrosa aflu\u00e8ncia de visitants, la satisfacci\u00f3 entre els participants \u00e9s total, ha subratllat. Hem pogut presentar les nostres novetats, fer nous contactes comercials i, sobretot, s&#8217;ha venut molt. Les empreses ja estan desitjant repetir l&#8217;any que ve\u201d<\/strong>. Estes paraules reflectixen el suport un\u00e0nime del sector al format i l&#8217;organitzaci\u00f3 de l&#8217;esdeveniment, i reafirmen el comprom\u00eds del Gremi amb futures edicions.<\/p>\n\n\n\n<p><strong>Tallers de refer\u00e8ncia<\/strong><\/p>\n\n\n\n<p>La programaci\u00f3 formativa va incloure dos tallers d&#8217;alt nivell que van rebre un excel\u00b7lent acolliment: una classe magistral sobre l&#8217;elaboraci\u00f3 del ca-ca faller impartida per Margarita Vercher, i un taller de pentinat tradicional a c\u00e0rrec de l&#8217;estilista \u00c1lvaro Peris, que va atraure a nombrosos assistents gr\u00e0cies a les seues demostracions en directe, consells t\u00e8cnics i professionalitat.<\/p>\n\n\n\n<p><strong>Una rifa amb m\u00e9s de vint premis i gran participaci\u00f3<\/strong><\/p>\n\n\n\n<p>Com a novetat d&#8217;esta edici\u00f3, l&#8217;esdeveniment va incloure una gran rifa de lots d&#8217;indument\u00e0ria fallera, amb participaci\u00f3 gratu\u00efta per cada 100 euros de compra, o mitjan\u00e7ant paperetes simb\u00f2liques a 5 euros. El sorteig, celebrat el diumenge 18 al tancament del certamen, va repartir m\u00e9s de 20 premis entre els assistents, incloent mantillas, pintes, ventalls, corts de tela, adre\u00e7os, dessuadores i altres accessoris oferits pels comer\u00e7os participants.<\/p>\n\n\n\n<p><strong>Un aparador cultural i comercial de primer nivell<\/strong><\/p>\n\n\n\n<p>L&#8217;esdeveniment va transc\u00f3rrer en un ambient festiu, elegant i carregat d&#8217;identitat valenciana, on les Falleres Majors van compartir moments amb el p\u00fablic, van posar amb els expositors i van mostrar la seua proximitat al sector de la indument\u00e0ria.<\/p>\n\n\n\n<p>L&#8217;alcaldessa Amparo Folgado va subratllar que&nbsp;<strong>\u201ceste esdeveniment no sols celebra les nostres tradicions, sin\u00f3 que impulsa de manera decidida al comer\u00e7 local i reconeix l&#8217;esfor\u00e7 constant dels nostres artesans i dissenyadors, que mantenen visca l&#8217;ess\u00e8ncia de la indument\u00e0ria valenciana amb esfor\u00e7, talent i dedicaci\u00f3. Torrent \u00e9s tradici\u00f3, \u00e9s cultura, \u00e9s innovaci\u00f3 aplicada a les nostres arrels, i aix\u00f2 es reflectix en cada expositor, en cada taller i en cada detall, al costat del millor i professional assessorament que el visitant ha trobat en esta segona edici\u00f3 del Showroom\u201d.<\/strong><\/p>\n\n\n\n<p><strong>Tercera edici\u00f3 en marxa<\/strong><\/p>\n\n\n\n<p>Despr\u00e9s de l&#8217;\u00e8xit aconseguit, ja s&#8217;est\u00e0 treballant en la tercera edici\u00f3 del Showroom Faller de Torrent, les dates del qual s&#8217;anunciaran la pr\u00f2xima tardor.<\/p>\n\n\n\n<p>L&#8217;Ajuntament de Torrent i el Gremi Artes\u00e0 de Sastres i Modistes de la Comunitat Valenciana han pres nota de les valoracions rebudes per a continuar consolidant esta cita com una de les m\u00e9s importants del calendari faller.<\/p>\n\n\n\n<p>Folgado va concloure que&nbsp;<strong>\u201cdes de l&#8217;Ajuntament continuarem treballant per a fer d&#8217;este Showroom un aparador d&#8217;excel\u00b7l\u00e8ncia i de futur. L&#8217;\u00e8xit de la primera edici\u00f3 i l&#8217;aposta per esta segona demostra que estem en el cam\u00ed adequat per a consolidar-nos com a referent del sector faller. Torrent t\u00e9 molt a dir en el mapa de la indument\u00e0ria tradicional valenciana i continuarem fent-lo amb determinaci\u00f3 i orgull\u201d.<\/strong><\/p>\n\n\n\n<p>\ud835\udde1\ud835\ude02\u0301\ud835\uddfa\ud835\uddf2\ud835\uddff\ud835\uddfc\ud835\ude00&nbsp;\ud835\uddf4\ud835\uddee\ud835\uddfb\ud835\uddee\ud835\uddf1\ud835\uddfc\ud835\uddff\ud835\uddf2\ud835\ude00&nbsp;\ud835\uddf1\ud835\uddf2\ud835\uddf9&nbsp;\ud835\ude00\ud835\uddfc\ud835\uddff\ud835\ude01\ud835\uddf2\ud835\uddfc&nbsp;\ud835\uddf1\ud835\uddf2&nbsp;\ud835\uddf9\ud835\uddee&nbsp;\ud835\uddff\ud835\uddf6\ud835\uddf3\ud835\uddee&nbsp;\ud835\uddf1\ud835\uddf2&nbsp;\ud835\udddc\ud835\uddfb\ud835\uddf1\ud835\ude02\ud835\uddfa\ud835\uddf2\ud835\uddfb\ud835\ude01\ud835\uddee\ud835\uddff\ud835\uddf6\ud835\uddee&nbsp;\ud835\uddd9\ud835\uddee\ud835\uddf9\ud835\uddf9\ud835\uddf2\ud835\uddff\ud835\uddee&nbsp;&#8211;&nbsp;\ud835\udddc\ud835\udddc&nbsp;\ud835\udde6\ud835\uddf5\ud835\uddfc\ud835\ude04\ud835\uddff\ud835\uddfc\ud835\uddfc\ud835\uddfa&nbsp;\ud835\uddd9\ud835\uddee\ud835\uddf9\ud835\uddf9\ud835\uddf2\ud835\uddff\ud835\uddfc<\/p>\n\n\n\n<p>N\u00fam. 1706 &#8211; Mantilla Crua, de Vestits Regionals Amparo Galvez<\/p>\n\n\n\n<p>N\u00fam. 4704 &#8211; Lligacames, Caramba i calcetins, de Merceria Rosa Tom\u00e1s &#8211; VLC<\/p>\n\n\n\n<p>N\u00fam. 568 &#8211; Cort gip\u00f3 granat, del Vestidor Faller<\/p>\n\n\n\n<p>N\u00fam. 703 &#8211; Pintes daurades, de L&#8217;o i dos indument\u00e0ria valenciana<\/p>\n\n\n\n<p>N\u00fam. 620 &#8211; Adre\u00e7, de La Barraca d&#8217; Alaquas, S.L.<\/p>\n\n\n\n<p>N\u00fam. 2009 &#8211; Cort de tela negre, d&#8217;Andrea Indumentaria Valenciana i Confecci\u00f3 a mesura<\/p>\n\n\n\n<p>N\u00fam. 4702 &#8211; Pintes bronze, de La Clau Indumentaristes Valencians<\/p>\n\n\n\n<p>N\u00fam. 3774 &#8211; Mantilla negra, d&#8217;Empar del Remei<\/p>\n\n\n\n<p>N\u00ba 2947 &#8211; Randa i puntes, de Nicolina Merceria T\u00e8cnica<\/p>\n\n\n\n<p>N\u00fam. 2971 &#8211; Pinta, de PUA Artesania<\/p>\n\n\n\n<p>N\u00fam. 4025 &#8211; Ventall, de Princeses amb Ventall<\/p>\n\n\n\n<p>N\u00fam. 3991 &#8211; Brusa, de Bruses Coco-Luis<\/p>\n\n\n\n<p>N\u00ba 731 &#8211; Mocador morat, de Carlos Salvador Indument\u00e0ria Valenciana<\/p>\n\n\n\n<p>N\u00fam. 612 &#8211; Cort de tela llaurat negre, de L&#8217;Atelier de la Seda<\/p>\n\n\n\n<p>N\u00fam. 476 &#8211; Pintes, d&#8217;Alan Indumentaria<\/p>\n\n\n\n<p>N\u00fam. 499 &#8211; Dessuadora i calcetins, de La Merceria By Anitas i Koketos<\/p>\n\n\n\n<p>N\u00fam. 4743 &#8211; Pa\u00f1ol\u00f3n i funda cancan, d&#8217;Artesania Fidela<\/p>\n\n\n\n<p>N\u00fam. 4010 &#8211; Bossa i llibres de patronatge, del Tabalet &#8211; Isabel Reig<\/p>\n\n\n\n<p>N\u00fam. 3864 &#8211; Cort de tela rosa, de SC Indument\u00e0ria<\/p>\n\n\n\n<p>N\u00fam. 2927 &#8211; Cort de tela roig, de 25 AGULLES<\/p>\n\n\n\n<p>N\u00fam. 22 &#8211; Medall\u00f3 cor, de M\u00e9s Q Pintes<\/p>\n\n\n\n<p>N\u00fam. 857 &#8211; Medall\u00f3 ovalat, de M\u00e9s Q Pintes<\/p>\n\n\n\n<p>N\u00fam. 2366 &#8211; Cort gip\u00f3 gris\/blau i mocador roig, de Sergio Esteve Essencia Valenciana<\/p>\n\n\n\n<p>N\u00fam. 816 &#8211; Mantilla i Davantal de ball, d&#8217;Amparo Fabra Indumentaria<\/p>\n\n\n\n<p>Els guanyadors del sorteig tenen un termini m\u00e0xim de 30 dies per a arreplegar els seus premis. Per a aix\u00f2, han d&#8217;escriure en privat al compte del comer\u00e7 que realitza el regal, i concretar l&#8217;horari de recollida del premi a la botiga.<\/p>\n\n\n\n<figure class=\"wp-block-gallery has-nested-images columns-default is-cropped wp-block-gallery-1 is-layout-flex wp-block-gallery-is-layout-flex\">\n<figure class=\"wp-block-image\"><img fetchpriority=\"high\" decoding=\"async\" width=\"1600\" height=\"1066\" data-id=\"81677\" src=\"https:\/\/infotorrent.es\/wp-content\/uploads\/2025\/05\/3-28-1.jpg\" alt=\"\" class=\"wp-image-81677\" srcset=\"https:\/\/infotorrent.es\/wp-content\/uploads\/2025\/05\/3-28-1.jpg 1600w, https:\/\/infotorrent.es\/wp-content\/uploads\/2025\/05\/3-28-1-300x200.jpg 300w, https:\/\/infotorrent.es\/wp-content\/uploads\/2025\/05\/3-28-1-1024x682.jpg 1024w, https:\/\/infotorrent.es\/wp-content\/uploads\/2025\/05\/3-28-1-768x512.jpg 768w, https:\/\/infotorrent.es\/wp-content\/uploads\/2025\/05\/3-28-1-1536x1023.jpg 1536w\" sizes=\"(max-width: 1600px) 100vw, 1600px\" \/><\/figure>\n\n\n\n<figure class=\"wp-block-image\"><img decoding=\"async\" width=\"1600\" height=\"1200\" data-id=\"81675\" src=\"https:\/\/infotorrent.es\/wp-content\/uploads\/2025\/05\/100-1.jpg\" alt=\"\" class=\"wp-image-81675\" srcset=\"https:\/\/infotorrent.es\/wp-content\/uploads\/2025\/05\/100-1.jpg 1600w, https:\/\/infotorrent.es\/wp-content\/uploads\/2025\/05\/100-1-300x225.jpg 300w, https:\/\/infotorrent.es\/wp-content\/uploads\/2025\/05\/100-1-1024x768.jpg 1024w, https:\/\/infotorrent.es\/wp-content\/uploads\/2025\/05\/100-1-768x576.jpg 768w, https:\/\/infotorrent.es\/wp-content\/uploads\/2025\/05\/100-1-1536x1152.jpg 1536w\" sizes=\"(max-width: 1600px) 100vw, 1600px\" \/><\/figure>\n\n\n\n<figure class=\"wp-block-image\"><img decoding=\"async\" width=\"1080\" height=\"1350\" data-id=\"81673\" src=\"https:\/\/infotorrent.es\/wp-content\/uploads\/2025\/05\/20.jpg\" alt=\"\" class=\"wp-image-81673\" srcset=\"https:\/\/infotorrent.es\/wp-content\/uploads\/2025\/05\/20.jpg 1080w, https:\/\/infotorrent.es\/wp-content\/uploads\/2025\/05\/20-240x300.jpg 240w, https:\/\/infotorrent.es\/wp-content\/uploads\/2025\/05\/20-819x1024.jpg 819w, https:\/\/infotorrent.es\/wp-content\/uploads\/2025\/05\/20-768x960.jpg 768w\" sizes=\"(max-width: 1080px) 100vw, 1080px\" \/><\/figure>\n\n\n\n<figure class=\"wp-block-image\"><img loading=\"lazy\" decoding=\"async\" width=\"1079\" height=\"719\" data-id=\"81671\" src=\"https:\/\/infotorrent.es\/wp-content\/uploads\/2025\/05\/5-10.jpg\" alt=\"\" class=\"wp-image-81671\" srcset=\"https:\/\/infotorrent.es\/wp-content\/uploads\/2025\/05\/5-10.jpg 1079w, https:\/\/infotorrent.es\/wp-content\/uploads\/2025\/05\/5-10-300x200.jpg 300w, https:\/\/infotorrent.es\/wp-content\/uploads\/2025\/05\/5-10-1024x682.jpg 1024w, https:\/\/infotorrent.es\/wp-content\/uploads\/2025\/05\/5-10-768x512.jpg 768w\" sizes=\"(max-width: 1079px) 100vw, 1079px\" \/><\/figure>\n\n\n\n<figure class=\"wp-block-image\"><img loading=\"lazy\" decoding=\"async\" width=\"1079\" height=\"719\" data-id=\"81669\" src=\"https:\/\/infotorrent.es\/wp-content\/uploads\/2025\/05\/11-2.jpg\" alt=\"\" class=\"wp-image-81669\" srcset=\"https:\/\/infotorrent.es\/wp-content\/uploads\/2025\/05\/11-2.jpg 1079w, https:\/\/infotorrent.es\/wp-content\/uploads\/2025\/05\/11-2-300x200.jpg 300w, https:\/\/infotorrent.es\/wp-content\/uploads\/2025\/05\/11-2-1024x682.jpg 1024w, https:\/\/infotorrent.es\/wp-content\/uploads\/2025\/05\/11-2-768x512.jpg 768w\" sizes=\"(max-width: 1079px) 100vw, 1079px\" \/><\/figure>\n\n\n\n<figure class=\"wp-block-image\"><img loading=\"lazy\" decoding=\"async\" width=\"1079\" height=\"719\" data-id=\"81667\" src=\"https:\/\/infotorrent.es\/wp-content\/uploads\/2025\/05\/1-41-2.jpg\" alt=\"\" class=\"wp-image-81667\" srcset=\"https:\/\/infotorrent.es\/wp-content\/uploads\/2025\/05\/1-41-2.jpg 1079w, https:\/\/infotorrent.es\/wp-content\/uploads\/2025\/05\/1-41-2-300x200.jpg 300w, https:\/\/infotorrent.es\/wp-content\/uploads\/2025\/05\/1-41-2-1024x682.jpg 1024w, https:\/\/infotorrent.es\/wp-content\/uploads\/2025\/05\/1-41-2-768x512.jpg 768w\" sizes=\"(max-width: 1079px) 100vw, 1079px\" \/><\/figure>\n\n\n\n<figure class=\"wp-block-image\"><img loading=\"lazy\" decoding=\"async\" width=\"1079\" height=\"719\" data-id=\"81665\" src=\"https:\/\/infotorrent.es\/wp-content\/uploads\/2025\/05\/8-6.jpg\" alt=\"\" class=\"wp-image-81665\" srcset=\"https:\/\/infotorrent.es\/wp-content\/uploads\/2025\/05\/8-6.jpg 1079w, https:\/\/infotorrent.es\/wp-content\/uploads\/2025\/05\/8-6-300x200.jpg 300w, https:\/\/infotorrent.es\/wp-content\/uploads\/2025\/05\/8-6-1024x682.jpg 1024w, https:\/\/infotorrent.es\/wp-content\/uploads\/2025\/05\/8-6-768x512.jpg 768w\" sizes=\"(max-width: 1079px) 100vw, 1079px\" \/><\/figure>\n\n\n\n<figure class=\"wp-block-image\"><img loading=\"lazy\" decoding=\"async\" width=\"808\" height=\"1014\" data-id=\"81663\" src=\"https:\/\/infotorrent.es\/wp-content\/uploads\/2025\/05\/23.jpg\" alt=\"\" class=\"wp-image-81663\" srcset=\"https:\/\/infotorrent.es\/wp-content\/uploads\/2025\/05\/23.jpg 808w, https:\/\/infotorrent.es\/wp-content\/uploads\/2025\/05\/23-239x300.jpg 239w, https:\/\/infotorrent.es\/wp-content\/uploads\/2025\/05\/23-768x964.jpg 768w\" sizes=\"(max-width: 808px) 100vw, 808px\" \/><\/figure>\n\n\n\n<figure class=\"wp-block-image\"><img loading=\"lazy\" decoding=\"async\" width=\"769\" height=\"960\" data-id=\"81661\" src=\"https:\/\/infotorrent.es\/wp-content\/uploads\/2025\/05\/25-1.jpg\" alt=\"\" class=\"wp-image-81661\" srcset=\"https:\/\/infotorrent.es\/wp-content\/uploads\/2025\/05\/25-1.jpg 769w, https:\/\/infotorrent.es\/wp-content\/uploads\/2025\/05\/25-1-240x300.jpg 240w\" sizes=\"(max-width: 769px) 100vw, 769px\" \/><\/figure>\n<\/figure>\n","protected":false},"excerpt":{"rendered":"<p>El retard estrat\u00e8gic de l&#8217;esdeveniment impulsa la participaci\u00f3 i millora els resultats d&#8217;assist\u00e8ncia i vendes, que assegura la continu\u00eftat del Showroom Faller en 2026 L&#8217;Antic Mercat de Torrent ha acollit durant el passat cap de setmana l&#8217;II Showroom Faller, un esdeveniment que no sols ha revalidat l&#8217;\u00e8xit de la seua primera edici\u00f3, sin\u00f3 que ha [&hellip;]<\/p>\n","protected":false},"author":15,"featured_media":81667,"comment_status":"open","ping_status":"open","sticky":false,"template":"","format":"standard","meta":{"_acf_changed":false,"footnotes":""},"categories":[1171,1190,1132],"tags":[],"class_list":["post-81681","post","type-post","status-publish","format-standard","has-post-thumbnail","hentry","category-fallas-ca","category-ayuntamiento-de-torrent-ca","category-cultura-ca"],"acf":[],"_links":{"self":[{"href":"https:\/\/infotorrent.es\/ca\/wp-json\/wp\/v2\/posts\/81681","targetHints":{"allow":["GET"]}}],"collection":[{"href":"https:\/\/infotorrent.es\/ca\/wp-json\/wp\/v2\/posts"}],"about":[{"href":"https:\/\/infotorrent.es\/ca\/wp-json\/wp\/v2\/types\/post"}],"author":[{"embeddable":true,"href":"https:\/\/infotorrent.es\/ca\/wp-json\/wp\/v2\/users\/15"}],"replies":[{"embeddable":true,"href":"https:\/\/infotorrent.es\/ca\/wp-json\/wp\/v2\/comments?post=81681"}],"version-history":[{"count":1,"href":"https:\/\/infotorrent.es\/ca\/wp-json\/wp\/v2\/posts\/81681\/revisions"}],"predecessor-version":[{"id":81683,"href":"https:\/\/infotorrent.es\/ca\/wp-json\/wp\/v2\/posts\/81681\/revisions\/81683"}],"wp:featuredmedia":[{"embeddable":true,"href":"https:\/\/infotorrent.es\/ca\/wp-json\/wp\/v2\/media\/81667"}],"wp:attachment":[{"href":"https:\/\/infotorrent.es\/ca\/wp-json\/wp\/v2\/media?parent=81681"}],"wp:term":[{"taxonomy":"category","embeddable":true,"href":"https:\/\/infotorrent.es\/ca\/wp-json\/wp\/v2\/categories?post=81681"},{"taxonomy":"post_tag","embeddable":true,"href":"https:\/\/infotorrent.es\/ca\/wp-json\/wp\/v2\/tags?post=81681"}],"curies":[{"name":"wp","href":"https:\/\/api.w.org\/{rel}","templated":true}]}}