{"id":81506,"date":"2025-05-16T10:33:40","date_gmt":"2025-05-16T08:33:40","guid":{"rendered":"https:\/\/infotorrent.es\/uncategorized\/torrent-trabaja-en-la-regularizacion-de-direcciones-y-senalizacion-en-viviendas-en-rustica-y-diseminados\/"},"modified":"2025-05-16T10:35:23","modified_gmt":"2025-05-16T08:35:23","slug":"torrent-trabaja-en-la-regularizacion-de-direcciones-y-senalizacion-en-viviendas-en-rustica-y-diseminados","status":"publish","type":"post","link":"https:\/\/infotorrent.es\/ca\/urbanismo-noticias-ca\/torrent-trabaja-en-la-regularizacion-de-direcciones-y-senalizacion-en-viviendas-en-rustica-y-diseminados\/","title":{"rendered":"Torrent treballa en la regularitzaci\u00f3 de direccions i senyalitzaci\u00f3 en vivendes en r\u00fastica i disseminats"},"content":{"rendered":"\n<p><strong>Amb la finalitat d&#8217;actualitzar i millorar el padr\u00f3, el cadastre, informaci\u00f3 fiscal i el repartiment de correspond\u00e8ncia i paqueteria<\/strong><\/p>\n\n\n\n<p><strong>La Dana revela una gran diversitat de casos i situacions entre els afectats<\/strong><\/p>\n\n\n\n<p><strong>L&#8217;ajuntament ha animat als ve\u00efns de disseminats a presentar les seues sol\u00b7licituds per a l&#8217;assignaci\u00f3 de n\u00fameros de vivenda o per a la modificaci\u00f3 de les dades.<\/strong><\/p>\n\n\n\n<p>L&#8217;Ajuntament de Torrent avan\u00e7a en una l\u00ednia de treball amb associacions ve\u00efnals per a donar resposta a les necessitats hist\u00f2riques d&#8217;identificaci\u00f3 i normalitzaci\u00f3 de direccions en les vivendes en r\u00fastiques i disseminats del terme municipal. En este context, s&#8217;ha mantingut una reuni\u00f3 de coordinaci\u00f3 t\u00e8cnica, a petici\u00f3 de l&#8217;Associaci\u00f3 de Ve\u00efns Agost de Torrent, en la qual han participat responsables de diverses \u00e0rees municipals, refor\u00e7ant el comprom\u00eds municipal per dotar de solucions concretes als problemes derivats de la falta de numeraci\u00f3, denominaci\u00f3 i senyalitzaci\u00f3 en molts camins i vivendes d&#8217;estes zones.<\/p>\n\n\n\n<p><strong>L&#8217;Ajuntament de Torrent complix el seu comprom\u00eds amb els disseminats afectats per la DANA<\/strong><\/p>\n\n\n\n<p>A l&#8217;inici de la reuni\u00f3, l&#8217;associaci\u00f3 va voler traslladar el seu agra\u00efment a l&#8217;Ajuntament de Torrent pel comprom\u00eds adquirit en l&#8217;anterior trobada.<\/p>\n\n\n\n<p>L&#8217;Ajuntament ha complit amb els acords i ja ha elaborat un informe t\u00e8cnic en el qual es reconeix als disseminats del terme municipal com a zona afectada per la DANA. Este document arreplega un total de 6.570 refer\u00e8ncies cadastrals, la qual cosa suposa un important pas avant en el reconeixement oficial dels danys patits per nombroses vivendes i parcel\u00b7les del terme.<\/p>\n\n\n\n<p>Cada ve\u00ed o ve\u00efna podr\u00e0 sol\u00b7licitar, de manera individual, el corresponent certificat de zona afectada per la DANA. Per a aix\u00f2, hauran de presentar una sol\u00b7licitud a trav\u00e9s del registre d&#8217;entrada de l&#8217;Ajuntament, b\u00e9 de manera presencial o b\u00e9 per seu electr\u00f2nica. Sent imprescindible que en la sol\u00b7licitud s&#8217;indique expressament la refer\u00e8ncia cadastral de l&#8217;immoble o parcel\u00b7la per a la qual se sol\u00b7licita el certificat. A m\u00e9s, per a agilitzar el procediment, es recomana que els sol\u00b7licitants incloguen una adre\u00e7a de correu electr\u00f2nic, la qual cosa facilitar\u00e0 una tramitaci\u00f3 m\u00e9s r\u00e0pida i eficient.<\/p>\n\n\n\n<p>Amb este certificat municipal, els ve\u00efns i ve\u00efnes podran formular al\u00b7legacions en els procediments de concessi\u00f3 d&#8217;ajudes, aportant com a suport documental la data d&#8217;emissi\u00f3 del certificat expedit per l&#8217;Ajuntament.<\/p>\n\n\n\n<p>Des de l&#8217;associaci\u00f3 es va valorar molt positivament este avan\u00e7, que suposa un suport fonamental en el proc\u00e9s de justificaci\u00f3 de danys i sol\u00b7licitud d&#8217;ajudes despr\u00e9s de la DANA, i es va reiterar l&#8217;agra\u00efment al consistori per la seua col\u00b7laboraci\u00f3 i comprom\u00eds amb els afectats.<\/p>\n\n\n\n<p>Despr\u00e9s de la reuni\u00f3 del passat 3 d&#8217;abril amb l&#8217;alcaldessa, i com a continuaci\u00f3 a les trobades i di\u00e0leg comen\u00e7ats amb l&#8217;Associaci\u00f3 de Ve\u00efns Agost, associaci\u00f3 que representa a gran part de les vivendes en zones r\u00fastiques i disseminats. S&#8217;ha produ\u00eft una nova reuni\u00f3, en este cas m\u00e9s t\u00e8cnica, on han sigut presents el regidor de l&#8217;\u00c0rea d&#8217;Urbanisme i Medi Ambient, el president de l&#8217;Associaci\u00f3, Rafael Gil, i els caps d&#8217;unitat municipals d&#8217;Estad\u00edstica, Cadastre, Informaci\u00f3 Geogr\u00e0fica i el Gerent de Retosa de l&#8217;ajuntament de Torrent.<\/p>\n\n\n\n<p><strong>Problema aguditzat despr\u00e9s de la Dana<\/strong><\/p>\n\n\n\n<p>Esta trobada \u00e9s continuaci\u00f3 d&#8217;una din\u00e0mica iniciada amb trobades pr\u00e8vies i pret\u00e9n posar orde en una realitat molt diversa i complexa: moltes de les vivendes situades en partides rurals, disseminats o camins i passos que manquen d&#8217;una adre\u00e7a oficial, la qual cosa genera confusi\u00f3 tant en el padr\u00f3 municipal com en el cadastre, en la gesti\u00f3 tribut\u00e0ria, en Correus i empreses de paqueteria.<\/p>\n\n\n\n<p>Esta situaci\u00f3 es va fer visible despr\u00e9s de la pand\u00e8mia, quan molts propietaris es van traslladar a les seues segones resid\u00e8ncies. I especialment, despr\u00e9s de la passada Dana, que ha actuat com un catalitzador que ha tret a la llum la necessitat de comptar amb direccions clares, correctament registrades i f\u00e0cilment localitzables es va tornar urgent davant la gesti\u00f3 d&#8217;ajudes, l&#8217;atenci\u00f3 d&#8217;emerg\u00e8ncies i la coordinaci\u00f3 de servicis b\u00e0sics.<\/p>\n\n\n\n<p>Nombrosos ve\u00efns es van veure obligats a regularitzar la seua situaci\u00f3 administrativa en descobrir que les seues vivendes no figuraven correctament en el padr\u00f3, el cadastre o els registres municipals, dificultant tr\u00e0mits fonamentals en la sol\u00b7licitud i tramitaci\u00f3 de les ajudes. Esta situaci\u00f3 ha posat de manifest la import\u00e0ncia d&#8217;abordar amb car\u00e0cter estructural i urgent esta problem\u00e0tica hist\u00f2rica, la soluci\u00f3 de la qual \u00e9s essencial no sols per a la correcta prestaci\u00f3 de servicis p\u00fablics, sin\u00f3 tamb\u00e9 per a la seguretat, la planificaci\u00f3 urbana i l&#8217;actualitzaci\u00f3 fiscal.<\/p>\n\n\n\n<p><strong>\u00c0mplia i variada casu\u00edstica<\/strong><\/p>\n\n\n\n<p>L&#8217;Ajuntament ha constatat que existixen diferents casu\u00edstiques. Des de vivendes sense n\u00famero oficial perqu\u00e8 mai es va sol\u00b7licitar, fins a altres construccions edificades en parcel\u00b7les amb accessos independents per\u00f2 sense segregaci\u00f3 cadastral, o camins privats oberts entre parcel\u00b7les que, malgrat el seu \u00fas consolidat, no poden ser reconeguts com a carrers p\u00fablics. Tamb\u00e9 s&#8217;ha detectat que alguns immobles figuren en cadastre amb dades poc \u00fatils per al repartiment postal, com a refer\u00e8ncies del tipus \u201cPol\u00edgon 8, parcel\u00b7la 35\u201d, sense equival\u00e8ncia amb un carrer o n\u00famero que puguen utilitzar els servicis de missatgeria o el sistema de Google Maps, entre altres.<\/p>\n\n\n\n<p>Per a abordar esta problem\u00e0tica, el consistori treballa en la unificaci\u00f3 de criteris entre el padr\u00f3 d&#8217;habitants, el cadastre, i la gesti\u00f3 tribut\u00e0ria municipal, de manera que totes les bases de dades coincidisquen en la direcci\u00f3 registrada de cada contribuent. L&#8217;objectiu \u00e9s garantir que la direcci\u00f3 fiscal, la direcci\u00f3 estad\u00edstica i la direcci\u00f3 tribut\u00e0ria siguen coherents i \u00fatils, tant per al ciutad\u00e0 com per als servicis p\u00fablics i privats.<\/p>\n\n\n\n<p>Tamb\u00e9 s&#8217;ha fet refer\u00e8ncia a la necessitat de diferenciar entre el domicili real (la vivenda o caseta on es residix) i el domicili fiscal (on es reben les notificacions), que no sempre coincidixen. Existixen molts casos en els quals el titular d&#8217;una vivenda paga l&#8217;IBI d&#8217;un immoble en el qual no residix, i per tant sol\u00b7licita rebre la documentaci\u00f3 tribut\u00e0ria en la seua resid\u00e8ncia habitual. L&#8217;Ajuntament adapta esta informaci\u00f3 a petici\u00f3 de l&#8217;interessat, mantenint la refer\u00e8ncia cadastral per\u00f2 modificant l&#8217;adre\u00e7a d&#8217;enviament en funci\u00f3 del padr\u00f3.<\/p>\n\n\n\n<p>Aix\u00ed mateix, s&#8217;ha recordat que moltes zones r\u00fastiques i disseminats disposen de b\u00fasties concentrades. Estes b\u00fasties, encara que \u00fatils, requerixen d&#8217;una correcta correspond\u00e8ncia amb la direcci\u00f3 registrada per a evitar p\u00e8rdues de notificacions. La coordinaci\u00f3 amb Correus en estos casos \u00e9s clau per a garantir un repartiment efica\u00e7.<\/p>\n\n\n\n<p>Un dels grans reptes identificats \u00e9s la incapacitat dels sistemes de navegaci\u00f3 comercials, com Google Maps, per a recon\u00e9ixer adreces que no estiguen oficialment registrades com a carrers. Encara que l&#8217;Ajuntament ha gestionat en el passat algunes actualitzacions en estes plataformes, el marge d&#8217;actuaci\u00f3 \u00e9s limitat quan es tracta de camins o partides que no s\u00f3n de titularitat p\u00fablica. Per aix\u00f2, la soluci\u00f3 passa per refor\u00e7ar la llista de carrers municipal, atorgar numeracions oficials i consolidar un sistema que permeta al ciutad\u00e0 tindre una direcci\u00f3 completa, real i operativa.<\/p>\n\n\n\n<p>Paral\u00b7lelament, l&#8217;ajuntament ha anunciat que es refor\u00e7ar\u00e0 la senyalitzaci\u00f3 vertical en camins, creus i accessos, la qual cosa facilitar\u00e0 el reconeixement de les ubicacions tant per als propis residents com per als servicis de repartiment de correus, empreses de missatgeria o emerg\u00e8ncies. Esta mesura tamb\u00e9 contribuir\u00e0 a millorar la visibilitat cartogr\u00e0fica i el posicionament geogr\u00e0fic d&#8217;estes zones, integrant-les de forma m\u00e9s efectiva en l&#8217;estructura urbana i administrativa de Torrent.<\/p>\n\n\n\n<p>Amb estes actuacions, Torrent assumix el repte de regularitzar una situaci\u00f3 heretada de d\u00e8cades de creixement urban\u00edstic dispers i construccions irregulars. La voluntat municipal \u00e9s establir orde, homogene\u00eftat i legalitat en l&#8217;assignaci\u00f3 de direccions, ajudant els ve\u00efns a integrar-se plenament en els registres oficials i millorant els servicis que depenen d&#8217;una correcta identificaci\u00f3 geogr\u00e0fica i administrativa.<\/p>\n\n\n\n<p><strong>Missatge a propietaris afectats<\/strong><\/p>\n\n\n\n<p>Des de l&#8217;Ajuntament s&#8217;ha animat a tots els propietaris interessats a acudir al consistori davant qualsevol dubte o situaci\u00f3 relacionada amb la identificaci\u00f3 de les seues vivendes. S&#8217;ha explicat que, de manera general, existixen dos grans suposats: d&#8217;una banda, aquells propietaris que no tenen assignat un n\u00famero de carrer o mai l&#8217;han sol\u00b7licitat, han de registrar la seua petici\u00f3 a l&#8217;ajuntament, dirigida a l&#8217;\u00e0rea d&#8217;Estad\u00edstica-Padr\u00f3 d&#8217;habitants, que despr\u00e9s d&#8217;assignar el n\u00famero el traslladar\u00e0 a Cadastre per a la seua coordinaci\u00f3 i registre tamb\u00e9; i per un altre, aquells casos en els quals es requerisca l&#8217;assignaci\u00f3 d&#8217;un nou n\u00famero, la sol\u00b7licitud del qual haur\u00e0 de tramitar-se mitjan\u00e7ant registre d&#8217;entrada dirigit directament a l&#8217;\u00e0rea de Cadastre.<\/p>\n\n\n\n<p>Amb estes vies, l&#8217;Ajuntament facilita un procediment clar i accessible per a continuar avan\u00e7ant en la regularitzaci\u00f3 administrativa del terme municipal.<\/p>\n\n\n\n<p>El regidor de l&#8217;\u00c0rea d&#8217;Urbanisme i Medi Ambient, Jos\u00e9 Gozalvo ha manifestat que\u201c<strong>volem agrair la col\u00b7laboraci\u00f3 de l&#8217;Associaci\u00f3 de Ve\u00efns Agost, el paper dels quals est\u00e0 sent fonamental per a unir i traslladar les demandes ve\u00efnals i construir solucions compartides. La seua implicaci\u00f3 demostra que quan les administracions i el teixit ve\u00efnal treballen junts, es poden resoldre problemes estructurals que portaven anys sense abordar-se\u201d.<\/strong><\/p>\n\n\n\n<p><strong>\u201cAmb esta iniciativa donem resposta a una necessitat hist\u00f2rica que afecta nombroses zones rurals i disseminades de Torrent. La falta de numeraci\u00f3 oficial, senyalitzaci\u00f3 adequada o coincid\u00e8ncia entre els registres administratius ha generat durant anys problemes als ve\u00efns a l&#8217;hora de rebre notificacions, gestionar ajudes, entre altres. La DANA va evidenciar encara m\u00e9s estes car\u00e8ncies, i des de l&#8217;Ajuntament hem assumit el comprom\u00eds de posar orde mitjan\u00e7ant un treball t\u00e8cnic coordinat entre les \u00e0rees d&#8217;Urbanisme, Cadastre, Estad\u00edstica i Padr\u00f3, Informaci\u00f3 Geogr\u00e0fica i retusa, amb l&#8217;objectiu d&#8217;aconseguir que totes les dades administratives reflectisquen la realitat del municipi i estiguen al servici dels ciutadans\u201d,&nbsp;<\/strong>ha afegit el regidor.<\/p>\n\n\n\n<p>Gozalvo ha concl\u00f2s<strong>&nbsp;\u201che de destacar i agrair la implicaci\u00f3 i esfor\u00e7 dels t\u00e8cnics de les \u00e0rees municipals implicades que treballen conjunta i coordinadament en este proc\u00e9s de regularitzaci\u00f3. La seua labor t\u00e8cnica, el seu comprom\u00eds i la seua capacitat per a afrontar una problem\u00e0tica tan complexa com la falta de direccions oficials en disseminats i zones r\u00fastiques estan sent fonamentals per a avan\u00e7ar cap a una soluci\u00f3 efica\u00e7, ordenada i duradora que beneficiar\u00e0 directament a centenars de fam\u00edlies torrentinas que estaran plenament integrats en l&#8217;estructura urbana i administrativa del municipi. La creaci\u00f3 d&#8217;un sistema clar, accessible i \u00fatil per a registrar direccions reals i operatives \u00e9s una prioritat per a nosaltres\u201d.<\/strong><\/p>\n\n\n\n<figure class=\"wp-block-image size-large\"><img fetchpriority=\"high\" decoding=\"async\" width=\"1024\" height=\"669\" src=\"https:\/\/infotorrent.es\/wp-content\/uploads\/2025\/05\/1-41-1024x669.jpg\" alt=\"\" class=\"wp-image-81502\" srcset=\"https:\/\/infotorrent.es\/wp-content\/uploads\/2025\/05\/1-41-1024x669.jpg 1024w, https:\/\/infotorrent.es\/wp-content\/uploads\/2025\/05\/1-41-300x196.jpg 300w, https:\/\/infotorrent.es\/wp-content\/uploads\/2025\/05\/1-41-768x502.jpg 768w, https:\/\/infotorrent.es\/wp-content\/uploads\/2025\/05\/1-41-1536x1003.jpg 1536w, https:\/\/infotorrent.es\/wp-content\/uploads\/2025\/05\/1-41.jpg 1600w\" sizes=\"(max-width: 1024px) 100vw, 1024px\" \/><\/figure>\n","protected":false},"excerpt":{"rendered":"<p>Amb la finalitat d&#8217;actualitzar i millorar el padr\u00f3, el cadastre, informaci\u00f3 fiscal i el repartiment de correspond\u00e8ncia i paqueteria La Dana revela una gran diversitat de casos i situacions entre els afectats L&#8217;ajuntament ha animat als ve\u00efns de disseminats a presentar les seues sol\u00b7licituds per a l&#8217;assignaci\u00f3 de n\u00fameros de vivenda o per a la [&hellip;]<\/p>\n","protected":false},"author":15,"featured_media":81507,"comment_status":"open","ping_status":"open","sticky":false,"template":"","format":"standard","meta":{"_acf_changed":false,"footnotes":""},"categories":[1160],"tags":[],"class_list":["post-81506","post","type-post","status-publish","format-standard","has-post-thumbnail","hentry","category-urbanismo-noticias-ca"],"acf":[],"_links":{"self":[{"href":"https:\/\/infotorrent.es\/ca\/wp-json\/wp\/v2\/posts\/81506","targetHints":{"allow":["GET"]}}],"collection":[{"href":"https:\/\/infotorrent.es\/ca\/wp-json\/wp\/v2\/posts"}],"about":[{"href":"https:\/\/infotorrent.es\/ca\/wp-json\/wp\/v2\/types\/post"}],"author":[{"embeddable":true,"href":"https:\/\/infotorrent.es\/ca\/wp-json\/wp\/v2\/users\/15"}],"replies":[{"embeddable":true,"href":"https:\/\/infotorrent.es\/ca\/wp-json\/wp\/v2\/comments?post=81506"}],"version-history":[{"count":1,"href":"https:\/\/infotorrent.es\/ca\/wp-json\/wp\/v2\/posts\/81506\/revisions"}],"predecessor-version":[{"id":81508,"href":"https:\/\/infotorrent.es\/ca\/wp-json\/wp\/v2\/posts\/81506\/revisions\/81508"}],"wp:featuredmedia":[{"embeddable":true,"href":"https:\/\/infotorrent.es\/ca\/wp-json\/wp\/v2\/media\/81507"}],"wp:attachment":[{"href":"https:\/\/infotorrent.es\/ca\/wp-json\/wp\/v2\/media?parent=81506"}],"wp:term":[{"taxonomy":"category","embeddable":true,"href":"https:\/\/infotorrent.es\/ca\/wp-json\/wp\/v2\/categories?post=81506"},{"taxonomy":"post_tag","embeddable":true,"href":"https:\/\/infotorrent.es\/ca\/wp-json\/wp\/v2\/tags?post=81506"}],"curies":[{"name":"wp","href":"https:\/\/api.w.org\/{rel}","templated":true}]}}