{"id":81429,"date":"2025-05-15T09:25:16","date_gmt":"2025-05-15T07:25:16","guid":{"rendered":"https:\/\/infotorrent.es\/?p=81429"},"modified":"2025-05-15T09:25:20","modified_gmt":"2025-05-15T07:25:20","slug":"torrent-posa-en-marxa-lescola-destiu-i-lescola-destiu-especial-2025","status":"publish","type":"post","link":"https:\/\/infotorrent.es\/ca\/uncategorized\/torrent-posa-en-marxa-lescola-destiu-i-lescola-destiu-especial-2025\/","title":{"rendered":"Torrent posa en marxa l&#8217;Escola d&#8217;Estiu i l&#8217;Escola d&#8217;Estiu Especial 2025"},"content":{"rendered":"\n<p><strong>La inclusi\u00f3 i les intel\u00b7lig\u00e8ncies m\u00faltiples seran aspectes clau en les escoles d\u2019estiu<\/strong><\/p>\n\n\n\n<p><strong>Les inscripcions estaran obertes fins a l\u20191 de juny o fins a completar places, i es podran fer de manera en l\u00ednia mitjan\u00e7ant formulari<\/strong><\/p>\n\n\n\n<p>L\u2019Ajuntament de Torrent, a trav\u00e9s de la Regidoria d\u2019Educaci\u00f3, ha anunciat l\u2019obertura d\u2019inscripcions per a l\u2019Escola d\u2019Estiu 2025 i l\u2019Escola d\u2019Estiu Especial 2025, dos programes educatius i l\u00fadics dirigits a xiquets i joves per als mesos d\u2019estiu, que se celebraran del 23 de juny al 25 de juliol gr\u00e0cies a EDUCO.<\/p>\n\n\n\n<p><strong>Escola d\u2019Estiu: Escola de les Intel\u00b7lig\u00e8ncies M\u00faltiples<\/strong><\/p>\n\n\n\n<p>Sota el lema&nbsp;<em>Escola de les Intel\u00b7lig\u00e8ncies M\u00faltiples 2025<\/em>, els xiquets d\u2019entre 3 i 12 anys escolaritzats en Infantil i Prim\u00e0ria podran disfrutar d\u2019un estiu ple d\u2019aprenentatge, diversi\u00f3 i desenvolupament personal. Les activitats estaran centrades en el treball de les huit intel\u00b7lig\u00e8ncies m\u00faltiples (musical, ling\u00fc\u00edstica, naturalista, interpersonal, intrapersonal, l\u00f2gic-matem\u00e0tica, espacial\/visual i corporal-cinest\u00e8sica), guiats per uns simp\u00e0tics personatges anomenats&nbsp;<em>Boogies<\/em>.<\/p>\n\n\n\n<p>Es dur\u00e0 a terme en els centres educatius CEIP El Mol\u00ed i CEIP Federico Maicas, en horari de 9:00 a 14:00 hores, amb servei de matinera opcional de 7:30 a 9:00 hores. Entre les activitats previstes s\u2019inclouen animaci\u00f3 lectora i teatre, tallers de cuina, esports, piscina setmanal, noves tecnologies i jocs populars, entre moltes altres.<\/p>\n\n\n\n<p>El preu del mes complet ser\u00e0 de 110\u202f\u20ac, i el servei de matinera tindr\u00e0 un cost addicional de 48\u202f\u20ac sense esmorzar o 60\u202f\u20ac amb esmorzar. S\u2019aplicar\u00e0 un descompte del 10% a partir del segon germ\u00e0 inscrit. Les inscripcions estaran obertes fins a l\u20191 de juny o fins a esgotar places, a trav\u00e9s del seg\u00fcent formulari:<br><img decoding=\"async\" alt=\"\ud83d\udc49\" src=\"https:\/\/fonts.gstatic.com\/s\/e\/notoemoji\/16.0\/1f449\/32.png\">&nbsp;<a href=\"https:\/\/forms.gle\/JuWyE1S95jP9UJR26\" target=\"_blank\" rel=\"noreferrer noopener\">Formulari Escola d\u2019Estiu<\/a><\/p>\n\n\n\n<p><strong>Escola d\u2019Estiu Especial<\/strong><\/p>\n\n\n\n<p>Per la seua banda, l\u2019Escola d\u2019Estiu Especial est\u00e0 dirigida a xiquets i joves de 3 a 20 anys matriculats en centres d\u2019educaci\u00f3 especial de Torrent, com L\u2019Encarnaci\u00f3, La Uni\u00f3, Squema o Torre Pinos.<\/p>\n\n\n\n<p>Tindr\u00e0 lloc al CEIP La Encarnaci\u00f3n, tamb\u00e9 del 23 de juny al 25 de juliol, en horari de 9:00 a 14:00 hores, i tindr\u00e0 un cost de 150\u202f\u20ac per tot el per\u00edode. Les inscripcions, que es poden realitzar fins a l\u20191 de juny, hauran de formalitzar-se a trav\u00e9s del seg\u00fcent formulari:<\/p>\n\n\n\n<p><img decoding=\"async\" alt=\"\ud83d\udc49\" src=\"https:\/\/fonts.gstatic.com\/s\/e\/notoemoji\/16.0\/1f449\/32.png\">&nbsp;<a href=\"https:\/\/forms.gle\/y78tUnxA5D1VHS4o6\" target=\"_blank\" rel=\"noreferrer noopener\">Formulari Escola d&#8217;Estiu Especial<\/a><\/p>\n\n\n\n<p>Les activitats estaran adaptades i orientades a cada alumne, i inclouran tallers, visites culturals, activitats esportives i grans jocs. Es donar\u00e0 prefer\u00e8ncia a l\u2019alumnat empadronat a Torrent.<\/p>\n\n\n\n<p>La regidora d\u2019Educaci\u00f3, Mar\u00eda Fern\u00e1ndez, ha assenyalat que \u201cun any m\u00e9s, des de l\u2019Ajuntament de Torrent posem tots els recursos necessaris perqu\u00e8 els xiquets disfruten d\u2019un estiu educatiu, inclusiu i ple d\u2019experi\u00e8ncies enriquidores\u201d. A m\u00e9s, ha destacat que \u201cl\u2019aposta per treballar les intel\u00b7lig\u00e8ncies m\u00faltiples ajuda a desenvolupar el talent individual des de la inf\u00e0ncia, mentre que l\u2019Escola d\u2019Estiu Especial garanteix que tots tinguen el seu espai, amb activitats adaptades a les seues necessitats\u201d.<\/p>\n\n\n\n<p>Fern\u00e1ndez tamb\u00e9 ha animat les fam\u00edlies a inscriure\u2019s com m\u00e9s prompte millor: \u201cSabem que \u00e9s una proposta molt esperada pels pares de Torrent, per aix\u00f2 recomanem formalitzar la inscripci\u00f3 abans de l\u20191 de juny, ja que les places s\u00f3n limitades\u201d.<\/p>\n\n\n\n<p>Amb esta iniciativa, un any m\u00e9s Torrent referma el seu comprom\u00eds amb l\u2019educaci\u00f3, la conciliaci\u00f3 familiar i la inclusi\u00f3, oferint propostes de qualitat perqu\u00e8 cap xiquet ni jove es quede sense estiu.<\/p>\n\n\n\n<figure class=\"wp-block-gallery has-nested-images columns-default is-cropped wp-block-gallery-1 is-layout-flex wp-block-gallery-is-layout-flex\">\n<figure class=\"wp-block-image size-large\"><img fetchpriority=\"high\" decoding=\"async\" width=\"707\" height=\"1024\" data-id=\"81425\" src=\"https:\/\/infotorrent.es\/wp-content\/uploads\/2025\/05\/WhatsApp-Image-2025-05-14-at-14.53.44-707x1024.jpeg\" alt=\"\" class=\"wp-image-81425\" srcset=\"https:\/\/infotorrent.es\/wp-content\/uploads\/2025\/05\/WhatsApp-Image-2025-05-14-at-14.53.44-707x1024.jpeg 707w, https:\/\/infotorrent.es\/wp-content\/uploads\/2025\/05\/WhatsApp-Image-2025-05-14-at-14.53.44-207x300.jpeg 207w, https:\/\/infotorrent.es\/wp-content\/uploads\/2025\/05\/WhatsApp-Image-2025-05-14-at-14.53.44-768x1112.jpeg 768w, https:\/\/infotorrent.es\/wp-content\/uploads\/2025\/05\/WhatsApp-Image-2025-05-14-at-14.53.44.jpeg 884w\" sizes=\"(max-width: 707px) 100vw, 707px\" \/><\/figure>\n\n\n\n<figure class=\"wp-block-image size-large\"><img decoding=\"async\" width=\"707\" height=\"1024\" data-id=\"81423\" src=\"https:\/\/infotorrent.es\/wp-content\/uploads\/2025\/05\/WhatsApp-Image-2025-05-14-at-14.53.441-707x1024.jpeg\" alt=\"\" class=\"wp-image-81423\" srcset=\"https:\/\/infotorrent.es\/wp-content\/uploads\/2025\/05\/WhatsApp-Image-2025-05-14-at-14.53.441-707x1024.jpeg 707w, https:\/\/infotorrent.es\/wp-content\/uploads\/2025\/05\/WhatsApp-Image-2025-05-14-at-14.53.441-207x300.jpeg 207w, https:\/\/infotorrent.es\/wp-content\/uploads\/2025\/05\/WhatsApp-Image-2025-05-14-at-14.53.441-768x1112.jpeg 768w, https:\/\/infotorrent.es\/wp-content\/uploads\/2025\/05\/WhatsApp-Image-2025-05-14-at-14.53.441.jpeg 884w\" sizes=\"(max-width: 707px) 100vw, 707px\" \/><\/figure>\n<\/figure>\n","protected":false},"excerpt":{"rendered":"<p>La inclusi\u00f3 i les intel\u00b7lig\u00e8ncies m\u00faltiples seran aspectes clau en les escoles d\u2019estiu Les inscripcions estaran obertes fins a l\u20191 de juny o fins a completar places, i es podran fer de manera en l\u00ednia mitjan\u00e7ant formulari L\u2019Ajuntament de Torrent, a trav\u00e9s de la Regidoria d\u2019Educaci\u00f3, ha anunciat l\u2019obertura d\u2019inscripcions per a l\u2019Escola d\u2019Estiu 2025 [&hellip;]<\/p>\n","protected":false},"author":15,"featured_media":81423,"comment_status":"open","ping_status":"open","sticky":false,"template":"","format":"standard","meta":{"_acf_changed":false,"footnotes":""},"categories":[25],"tags":[],"class_list":["post-81429","post","type-post","status-publish","format-standard","has-post-thumbnail","hentry","category-uncategorized"],"acf":[],"_links":{"self":[{"href":"https:\/\/infotorrent.es\/ca\/wp-json\/wp\/v2\/posts\/81429","targetHints":{"allow":["GET"]}}],"collection":[{"href":"https:\/\/infotorrent.es\/ca\/wp-json\/wp\/v2\/posts"}],"about":[{"href":"https:\/\/infotorrent.es\/ca\/wp-json\/wp\/v2\/types\/post"}],"author":[{"embeddable":true,"href":"https:\/\/infotorrent.es\/ca\/wp-json\/wp\/v2\/users\/15"}],"replies":[{"embeddable":true,"href":"https:\/\/infotorrent.es\/ca\/wp-json\/wp\/v2\/comments?post=81429"}],"version-history":[{"count":1,"href":"https:\/\/infotorrent.es\/ca\/wp-json\/wp\/v2\/posts\/81429\/revisions"}],"predecessor-version":[{"id":81431,"href":"https:\/\/infotorrent.es\/ca\/wp-json\/wp\/v2\/posts\/81429\/revisions\/81431"}],"wp:featuredmedia":[{"embeddable":true,"href":"https:\/\/infotorrent.es\/ca\/wp-json\/wp\/v2\/media\/81423"}],"wp:attachment":[{"href":"https:\/\/infotorrent.es\/ca\/wp-json\/wp\/v2\/media?parent=81429"}],"wp:term":[{"taxonomy":"category","embeddable":true,"href":"https:\/\/infotorrent.es\/ca\/wp-json\/wp\/v2\/categories?post=81429"},{"taxonomy":"post_tag","embeddable":true,"href":"https:\/\/infotorrent.es\/ca\/wp-json\/wp\/v2\/tags?post=81429"}],"curies":[{"name":"wp","href":"https:\/\/api.w.org\/{rel}","templated":true}]}}