{"id":81320,"date":"2025-05-13T09:41:40","date_gmt":"2025-05-13T07:41:40","guid":{"rendered":"https:\/\/infotorrent.es\/?p=81320"},"modified":"2025-05-13T09:41:42","modified_gmt":"2025-05-13T07:41:42","slug":"torrent-redescobrix-el-seu-passat-amb-una-nova-edicio-de-la-ruta-torrent-modernista-dins-de-les-rutes-del-temps","status":"publish","type":"post","link":"https:\/\/infotorrent.es\/ca\/cultura-es-2\/torrent-redescobrix-el-seu-passat-amb-una-nova-edicio-de-la-ruta-torrent-modernista-dins-de-les-rutes-del-temps\/","title":{"rendered":"Torrent redescobrix el seu passat amb una nova edici\u00f3 de la ruta &#8220;Torrent Modernista&#8221; dins de les &#8220;Rutes del Temps&#8221;"},"content":{"rendered":"\n<p><strong>Els personatges hist\u00f2rics del Torrent modernista i la seua arquitectura cobren vida als carrers de la ciutat el 17 i 18 de maig<\/strong><\/p>\n\n\n\n<p>La ciutat de Torrent tornar\u00e0 a viatjar en el temps amb una nova edici\u00f3 de les&nbsp;<em>\u201cRutes del Temps per Torrent\u201d<\/em>, una iniciativa de la Regidoria de Cultura que, en esta ocasi\u00f3, permetr\u00e0 als participants endinsar-se en el&nbsp;<em>Torrent Modernista<\/em>. L\u2019activitat se celebrar\u00e0 en dues sessions perqu\u00e8 m\u00e9s ve\u00efns i ve\u00efnes tinguen l\u2019oportunitat de disfrutar-la: el dissabte&nbsp;<strong>17 de maig a les 19.00 hores<\/strong>&nbsp;i el diumenge&nbsp;<strong>18 de maig a les 10.00 hores<\/strong>.<\/p>\n\n\n\n<p>Guiats per l\u2019investigador, arquitecte t\u00e8cnic i M\u00e0ster en Patrimoni,&nbsp;<strong>Tom\u00e1s Rosell\u00f3<\/strong>, i acompanyats per les representacions teatrals del&nbsp;<strong>GTI Grup de Teatre<\/strong>, els assistents podran disfrutar d\u2019un passeig \u00fanic per l\u2019arquitectura modernista de Torrent, detenint-se en alguns dels espais m\u00e9s representatius d\u2019este estil art\u00edstic que marc\u00e0 la fi del segle XIX i l\u2019inici del segle XX.<\/p>\n\n\n\n<p>La ruta partir\u00e0 del&nbsp;<strong>Museu Comarcal de l\u2019Horta Sud<\/strong>, on els visitants assistiran a una escena costumista que retratar\u00e0 la vida d\u2019una&nbsp;<strong>fam\u00edlia agr\u00e0ria acomodada<\/strong>, incloent la figura del&nbsp;<em>granerer<\/em>. Durant el recorregut tamb\u00e9 cobraran vida personatges hist\u00f2rics com&nbsp;<strong>els alcaldes torrentins de finals del segle XIX<\/strong>&nbsp;davant de l\u2019actual Casa de la Cultura, aix\u00ed com les visites del c\u00e8lebre pianista&nbsp;<strong>Jos\u00e9 Iturbi<\/strong>&nbsp;a la casa dels seus sogres al carrer&nbsp;<strong>Cervantes<\/strong>.<\/p>\n\n\n\n<p>La iniciativa forma part del projecte&nbsp;<em>\u201cRutes del Temps per Torrent\u201d<\/em>, impulsat per la&nbsp;<strong>Regidoria de Cultura de l\u2019Ajuntament de Torrent<\/strong>, que dirigix&nbsp;<strong>Aitor S\u00e1nchez<\/strong>. Des del seu llan\u00e7ament a finals de 2023, les rutes han despertat un notable inter\u00e9s entre la ciutadania, esgotant en cada ocasi\u00f3 totes les places disponibles en q\u00fcesti\u00f3 de minuts des de la seua publicaci\u00f3 a la web municipal.<\/p>\n\n\n\n<p>El mateix regidor&nbsp;<strong>Aitor S\u00e1nchez<\/strong>&nbsp;ha destacat que&nbsp;<strong><em>\u201cla hist\u00f2ria de Torrent mereix ser coneguda i viscuda d\u2019una manera pr\u00f2xima i atractiva, i estes rutes ens permeten aconseguir-ho. La gran acollida per part del p\u00fablic demostra l\u2019inter\u00e9s dels nostres ve\u00efns per descobrir el seu patrimoni i el seu passat\u201d<\/em>.<\/strong>&nbsp;Aix\u00ed mateix, ha animat tots els torrentins i torrentines a inscriure\u2019s en esta nova edici\u00f3:&nbsp;<strong><em>\u201cEstem conven\u00e7uts que tornar\u00e0 a ser un \u00e8xit i que les persones que hi participen gaudiran d\u2019una experi\u00e8ncia cultural diferent i enriquidora\u201d<\/em>.<\/strong><\/p>\n\n\n\n<p>Des de la seua posada en marxa, les&nbsp;<em>\u201cRutes del Temps per Torrent\u201d<\/em>&nbsp;han oferit propostes tan variades com&nbsp;<strong><em>\u201cUn Torrent misteri\u00f3s\u201d<\/em>,&nbsp;<em>\u201cLa senda dels Hospitalaris i els misteris de la Torre\u201d<\/em>,&nbsp;<em>\u201cEl Reg Mil\u00b7lenari del Barranc de l\u2019Horteta\u201d<\/em>&nbsp;o la&nbsp;<em>\u201cRuta de l\u2019Aigua i el seu passat agr\u00edcola\u201d<\/em>,<\/strong>&nbsp;consolidant-se com una activitat cultural de refer\u00e8ncia en la programaci\u00f3 municipal.<\/p>\n\n\n\n<p>La participaci\u00f3 en les rutes \u00e9s&nbsp;<strong>gratu\u00efta<\/strong>, i permet als assistents con\u00e9ixer la&nbsp;<strong>hist\u00f2ria, la cultura i les tradicions de Torrent<\/strong>&nbsp;de la m\u00e0 d\u2019un guia especialitzat i amb el valor afegit de les teatralitzacions de grups locals.<\/p>\n\n\n\n<p>La Regidoria de Cultura convida tota la ciutadania a sumar-se a esta iniciativa i&nbsp;<strong>descobrir Torrent amb una altra mirada<\/strong>, a trav\u00e9s dels seus carrers, els seus edificis i els personatges que marcaren la seua hist\u00f2ria.<\/p>\n\n\n\n<p>Les inscripcions es podran realitzar a partir del<strong>&nbsp;<\/strong>dimecres 14 de maig&nbsp;a trav\u00e9s de la web&nbsp;<a href=\"https:\/\/inscripciones.torrent.es\/\" target=\"_blank\" rel=\"noreferrer noopener\">https:\/\/inscripciones.torrent.es\/<\/a>&nbsp;i fins a completar les places.<\/p>\n\n\n\n<figure class=\"wp-block-gallery has-nested-images columns-default is-cropped wp-block-gallery-1 is-layout-flex wp-block-gallery-is-layout-flex\">\n<figure class=\"wp-block-image\"><img fetchpriority=\"high\" decoding=\"async\" width=\"2048\" height=\"1536\" data-id=\"81316\" src=\"https:\/\/infotorrent.es\/wp-content\/uploads\/2025\/05\/WhatsApp-Image-2024-04-27-at-21.24.123.jpeg\" alt=\"\" class=\"wp-image-81316\" srcset=\"https:\/\/infotorrent.es\/wp-content\/uploads\/2025\/05\/WhatsApp-Image-2024-04-27-at-21.24.123.jpeg 2048w, https:\/\/infotorrent.es\/wp-content\/uploads\/2025\/05\/WhatsApp-Image-2024-04-27-at-21.24.123-300x225.jpeg 300w, https:\/\/infotorrent.es\/wp-content\/uploads\/2025\/05\/WhatsApp-Image-2024-04-27-at-21.24.123-1024x768.jpeg 1024w, https:\/\/infotorrent.es\/wp-content\/uploads\/2025\/05\/WhatsApp-Image-2024-04-27-at-21.24.123-768x576.jpeg 768w, https:\/\/infotorrent.es\/wp-content\/uploads\/2025\/05\/WhatsApp-Image-2024-04-27-at-21.24.123-1536x1152.jpeg 1536w\" sizes=\"(max-width: 2048px) 100vw, 2048px\" \/><\/figure>\n\n\n\n<figure class=\"wp-block-image\"><img decoding=\"async\" width=\"2048\" height=\"1536\" data-id=\"81314\" src=\"https:\/\/infotorrent.es\/wp-content\/uploads\/2025\/05\/WhatsApp-Image-2024-04-27-at-21.24.1211.jpeg\" alt=\"\" class=\"wp-image-81314\" srcset=\"https:\/\/infotorrent.es\/wp-content\/uploads\/2025\/05\/WhatsApp-Image-2024-04-27-at-21.24.1211.jpeg 2048w, https:\/\/infotorrent.es\/wp-content\/uploads\/2025\/05\/WhatsApp-Image-2024-04-27-at-21.24.1211-300x225.jpeg 300w, https:\/\/infotorrent.es\/wp-content\/uploads\/2025\/05\/WhatsApp-Image-2024-04-27-at-21.24.1211-1024x768.jpeg 1024w, https:\/\/infotorrent.es\/wp-content\/uploads\/2025\/05\/WhatsApp-Image-2024-04-27-at-21.24.1211-768x576.jpeg 768w, https:\/\/infotorrent.es\/wp-content\/uploads\/2025\/05\/WhatsApp-Image-2024-04-27-at-21.24.1211-1536x1152.jpeg 1536w\" sizes=\"(max-width: 2048px) 100vw, 2048px\" \/><\/figure>\n\n\n\n<figure class=\"wp-block-image\"><img decoding=\"async\" width=\"1097\" height=\"1600\" data-id=\"81312\" src=\"https:\/\/infotorrent.es\/wp-content\/uploads\/2025\/05\/WhatsApp-Image-2025-05-13-at-09.28.35.jpeg\" alt=\"\" class=\"wp-image-81312\" srcset=\"https:\/\/infotorrent.es\/wp-content\/uploads\/2025\/05\/WhatsApp-Image-2025-05-13-at-09.28.35.jpeg 1097w, https:\/\/infotorrent.es\/wp-content\/uploads\/2025\/05\/WhatsApp-Image-2025-05-13-at-09.28.35-206x300.jpeg 206w, https:\/\/infotorrent.es\/wp-content\/uploads\/2025\/05\/WhatsApp-Image-2025-05-13-at-09.28.35-702x1024.jpeg 702w, https:\/\/infotorrent.es\/wp-content\/uploads\/2025\/05\/WhatsApp-Image-2025-05-13-at-09.28.35-768x1120.jpeg 768w, https:\/\/infotorrent.es\/wp-content\/uploads\/2025\/05\/WhatsApp-Image-2025-05-13-at-09.28.35-1053x1536.jpeg 1053w\" sizes=\"(max-width: 1097px) 100vw, 1097px\" \/><\/figure>\n<\/figure>\n","protected":false},"excerpt":{"rendered":"<p>Els personatges hist\u00f2rics del Torrent modernista i la seua arquitectura cobren vida als carrers de la ciutat el 17 i 18 de maig La ciutat de Torrent tornar\u00e0 a viatjar en el temps amb una nova edici\u00f3 de les&nbsp;\u201cRutes del Temps per Torrent\u201d, una iniciativa de la Regidoria de Cultura que, en esta ocasi\u00f3, permetr\u00e0 [&hellip;]<\/p>\n","protected":false},"author":15,"featured_media":81312,"comment_status":"open","ping_status":"open","sticky":false,"template":"","format":"standard","meta":{"_acf_changed":false,"footnotes":""},"categories":[126],"tags":[],"class_list":["post-81320","post","type-post","status-publish","format-standard","has-post-thumbnail","hentry","category-cultura-es-2"],"acf":[],"_links":{"self":[{"href":"https:\/\/infotorrent.es\/ca\/wp-json\/wp\/v2\/posts\/81320","targetHints":{"allow":["GET"]}}],"collection":[{"href":"https:\/\/infotorrent.es\/ca\/wp-json\/wp\/v2\/posts"}],"about":[{"href":"https:\/\/infotorrent.es\/ca\/wp-json\/wp\/v2\/types\/post"}],"author":[{"embeddable":true,"href":"https:\/\/infotorrent.es\/ca\/wp-json\/wp\/v2\/users\/15"}],"replies":[{"embeddable":true,"href":"https:\/\/infotorrent.es\/ca\/wp-json\/wp\/v2\/comments?post=81320"}],"version-history":[{"count":1,"href":"https:\/\/infotorrent.es\/ca\/wp-json\/wp\/v2\/posts\/81320\/revisions"}],"predecessor-version":[{"id":81322,"href":"https:\/\/infotorrent.es\/ca\/wp-json\/wp\/v2\/posts\/81320\/revisions\/81322"}],"wp:featuredmedia":[{"embeddable":true,"href":"https:\/\/infotorrent.es\/ca\/wp-json\/wp\/v2\/media\/81312"}],"wp:attachment":[{"href":"https:\/\/infotorrent.es\/ca\/wp-json\/wp\/v2\/media?parent=81320"}],"wp:term":[{"taxonomy":"category","embeddable":true,"href":"https:\/\/infotorrent.es\/ca\/wp-json\/wp\/v2\/categories?post=81320"},{"taxonomy":"post_tag","embeddable":true,"href":"https:\/\/infotorrent.es\/ca\/wp-json\/wp\/v2\/tags?post=81320"}],"curies":[{"name":"wp","href":"https:\/\/api.w.org\/{rel}","templated":true}]}}