{"id":81307,"date":"2025-05-12T14:37:51","date_gmt":"2025-05-12T12:37:51","guid":{"rendered":"https:\/\/infotorrent.es\/?p=81307"},"modified":"2025-05-12T14:38:52","modified_gmt":"2025-05-12T12:38:52","slug":"torrent-consolida-la-seua-aposta-amb-la-ii-edicio-del-showroom-faller-al-maig-de-2025-convertint-se-en-la-capital-valenciana-de-la-moda-fallera","status":"publish","type":"post","link":"https:\/\/infotorrent.es\/ca\/ayuntamiento-de-torrent-ca\/torrent-consolida-la-seua-aposta-amb-la-ii-edicio-del-showroom-faller-al-maig-de-2025-convertint-se-en-la-capital-valenciana-de-la-moda-fallera\/","title":{"rendered":"Torrent consolida la seua aposta amb la II edici\u00f3 del Showroom Faller al maig de 2025, convertint-se en la capital valenciana de la moda fallera"},"content":{"rendered":"\n<p><strong>M\u00e9s de 10.000 visitants en 2024 avalen el retorn de l&#8217;esdeveniment<\/strong><\/p>\n\n\n\n<p><strong>L&#8217;Antic Mercat tornar\u00e0 a brillar amb la millor indument\u00e0ria valenciana, moda, artesania fallera i tradici\u00f3, a m\u00e9s de complements, descomptes especials i novetats, es donaran cita els dies 16, 17 i 18 de maig<\/strong><\/p>\n\n\n\n<p>Despr\u00e9s de l&#8217;\u00e8xit rotund de la primera edici\u00f3 en 2024, amb m\u00e9s de 10.000 assistents, avalen que Torrent torne a convertir-se en el centre de totes les mirades de la indument\u00e0ria tradicional valenciana amb la celebraci\u00f3 de la II edici\u00f3 del Showroom Faller, que tindr\u00e0 lloc els dies 16, 17 i 18 de maig de 2025 en l&#8217;emblem\u00e0tica Sala C\u00edvica de l&#8217;Antic Mercat.<\/p>\n\n\n\n<p>Este esdeveniment, organitzat pel Gremi Artes\u00e0 de Sastres i Modistes de la Comunitat Valenciana fundat en 1247, amb la col\u00b7laboraci\u00f3 de l&#8217;Ajuntament de Torrent i la Diputaci\u00f3 de Val\u00e8ncia, es consolida com a referent anual en el calendari de la cultura, tradici\u00f3 i moda valenciana. Durant tres dies, amb entrada gratu\u00efta, els visitants podran gaudir novament d&#8217;importants descomptes i novetats en vestits, teles, mantillas, adre\u00e7os i altres complements relacionats amb la indument\u00e0ria fallera. Una oportunitat \u00fanica per a descobrir les \u00faltimes tend\u00e8ncies en indument\u00e0ria fallera i connectar amb l&#8217;ess\u00e8ncia de les nostres festes.<\/p>\n\n\n\n<p>La inauguraci\u00f3 oficial de l&#8217;II Showroom Faller ser\u00e0 el divendres 16 de maig a les 17.30 hores i comptar\u00e0 amb la pres\u00e8ncia destacada de les Falleres Majors de Torrent de 2025, Alicia Moreno i Ana Barber\u00e1 acompanyades per les seues Corts d&#8217;Honor, l&#8217;alcaldessa Amparo Folgado al costat del Mestre Major del Gremi, Fran Tochena i membres de l&#8217;equip de govern i la corporaci\u00f3, i associacions i comer\u00e7os locals.<\/p>\n\n\n\n<p><strong>Homenatge al talent dels artesans valencians<\/strong><\/p>\n\n\n\n<p>Igual que en l&#8217;exitosa primera edici\u00f3, el programa d&#8217;activitats estar\u00e0 replet de confer\u00e8ncies i tallers pr\u00e0ctics impartits per prestigiosos professionals del sector. Destacats indumentaristas, dissenyadors, historiadors i experts en teixits assessoraran i compartiran el seu coneixement amb els assistents, oferint una perspectiva profunda sobre l&#8217;evoluci\u00f3 del vestit regional, la import\u00e0ncia de preservar l&#8217;artesania i les claus per a seleccionar complements aut\u00e8ntics i de qualitat. Entre els tallers previstos, s&#8217;impartiran sessions pr\u00e0ctiques sobre com col\u00b7locar correctament el \u2018mocador de pit\u2019, t\u00e8cniques de col\u00b7locaci\u00f3 de mantillas, mocadors de valenci\u00e0, aix\u00ed com l&#8217;ajust d&#8217;adre\u00e7os tradicionals, entre altres complements.<\/p>\n\n\n\n<p>L&#8217;\u00e0mplia oferta comercial tornar\u00e0 a reunir les millors firmes del sector, torrentinas i valencianes agremiades, referents en la qualitat i autenticitat dels seus productes. Algunes de les empreses confirmades, fins ara, s\u00f3n:<\/p>\n\n\n\n<p>\u2022&nbsp;&nbsp;&nbsp;&nbsp;&nbsp;&nbsp;&nbsp; Vestits Regionals Amparo G\u00e1lvez<\/p>\n\n\n\n<p>\u2022&nbsp;&nbsp;&nbsp;&nbsp;&nbsp;&nbsp;&nbsp; El Vestidor Faller<\/p>\n\n\n\n<p>\u2022&nbsp;&nbsp;&nbsp;&nbsp;&nbsp;&nbsp;&nbsp; L\u00b4\u00da I Dos Indument\u00e0ria Valenciana<\/p>\n\n\n\n<p>\u2022&nbsp;&nbsp;&nbsp;&nbsp;&nbsp;&nbsp;&nbsp; La Barraca D&#8217;Alaqu\u00e0s<\/p>\n\n\n\n<p>\u2022&nbsp;&nbsp;&nbsp;&nbsp;&nbsp;&nbsp;&nbsp; Andrea Indumentaria<\/p>\n\n\n\n<p>\u2022&nbsp;&nbsp;&nbsp;&nbsp;&nbsp;&nbsp;&nbsp; Merceria Rosa Tom\u00e1s<\/p>\n\n\n\n<p>\u2022&nbsp;&nbsp;&nbsp;&nbsp;&nbsp;&nbsp;&nbsp; La Clau Indument\u00e0ria<\/p>\n\n\n\n<p>\u2022&nbsp;&nbsp;&nbsp;&nbsp;&nbsp;&nbsp;&nbsp; Empar Del Remei<\/p>\n\n\n\n<p>\u2022&nbsp;&nbsp;&nbsp;&nbsp;&nbsp;&nbsp;&nbsp; Nicolina Merceria T\u00e8cnica<\/p>\n\n\n\n<p>\u2022&nbsp;&nbsp;&nbsp;&nbsp;&nbsp;&nbsp;&nbsp; Pua Artesania<\/p>\n\n\n\n<p>\u2022&nbsp;&nbsp;&nbsp;&nbsp;&nbsp;&nbsp;&nbsp; Princeses Amb Ventall<\/p>\n\n\n\n<p>\u2022&nbsp;&nbsp;&nbsp;&nbsp;&nbsp;&nbsp;&nbsp; Bruses Cocoliso<\/p>\n\n\n\n<p>\u2022&nbsp;&nbsp;&nbsp;&nbsp;&nbsp;&nbsp;&nbsp; Carlos Salvador Indument\u00e0ria<\/p>\n\n\n\n<p>\u2022&nbsp;&nbsp;&nbsp;&nbsp;&nbsp;&nbsp;&nbsp; Arturo Torremocha<\/p>\n\n\n\n<p>\u2022&nbsp;&nbsp;&nbsp;&nbsp;&nbsp;&nbsp;&nbsp; Alan Indumentaria<\/p>\n\n\n\n<p>\u2022&nbsp;&nbsp;&nbsp;&nbsp;&nbsp;&nbsp;&nbsp; La Merceria By Anitas i Koketos<\/p>\n\n\n\n<p>\u2022&nbsp;&nbsp;&nbsp;&nbsp;&nbsp;&nbsp;&nbsp; Artesania Fidela<\/p>\n\n\n\n<p>\u2022&nbsp;&nbsp;&nbsp;&nbsp;&nbsp;&nbsp;&nbsp; Sim\u00f3n Cerd\u00e1n Caballero<\/p>\n\n\n\n<p>\u2022&nbsp;&nbsp;&nbsp;&nbsp;&nbsp;&nbsp;&nbsp; El Tabalet<\/p>\n\n\n\n<p>\u2022&nbsp;&nbsp;&nbsp;&nbsp;&nbsp;&nbsp;&nbsp; 25 Agulles<\/p>\n\n\n\n<p>\u2022&nbsp;&nbsp;&nbsp;&nbsp;&nbsp;&nbsp;&nbsp; M\u00e9s Que Pintes<\/p>\n\n\n\n<p>\u2022&nbsp;&nbsp;&nbsp;&nbsp;&nbsp;&nbsp;&nbsp; Sergio Esteve<\/p>\n\n\n\n<p>La ciutat de Torrent, reconeguda per la seua gran tradici\u00f3 fallera i prestigi en el sector de la indument\u00e0ria, espera superar en esta segona edici\u00f3 les xifres de visitants i vendes aconseguides en la primera edici\u00f3, quan m\u00e9s de 10.000 persones van acudir a la cita procedents de tota la Comunitat Valenciana i altres punts d&#8217;Espanya.<\/p>\n\n\n\n<p>Com a novetat enguany, l&#8217;II Showroom Faller incorporar\u00e0 una gran rifa dirigida a totes aquelles persones que realitzen les seues compres durant l&#8217;esdeveniment. Amb cada 100 euros de compra, els visitants rebran una participaci\u00f3 per al sorteig, encara que tamb\u00e9 ser\u00e0 possible adquirir paperetes, durant el Showroom, per un preu simb\u00f2lic de 5 euros. Este sorteig, que se celebrar\u00e0 el diumenge 18 de maig despr\u00e9s de la clausura de l&#8217;esdeveniment, repartir\u00e0 exclusius lots de productes d&#8217;indument\u00e0ria valenciana entre els assistents. D&#8217;esta manera, l&#8217;organitzaci\u00f3 busca premiar la fidelitat dels visitants i fomentar encara m\u00e9s l&#8217;activitat comercial entre els expositors participants.<\/p>\n\n\n\n<p>L&#8217;II Showroom Faller de Torrent, promet ser novament una oportunitat ineludible per a tots els amants i professionals de la indument\u00e0ria tradicional valenciana, consolidant-se com a cita imprescindible en el calendari cultural i de moda valenci\u00e0.<\/p>\n\n\n\n<figure class=\"wp-block-gallery has-nested-images columns-default is-cropped wp-block-gallery-1 is-layout-flex wp-block-gallery-is-layout-flex\">\n<figure class=\"wp-block-image size-large\"><img fetchpriority=\"high\" decoding=\"async\" width=\"1024\" height=\"683\" data-id=\"81304\" src=\"https:\/\/infotorrent.es\/wp-content\/uploads\/2025\/05\/3-25-2-1024x683.jpg\" alt=\"\" class=\"wp-image-81304\" srcset=\"https:\/\/infotorrent.es\/wp-content\/uploads\/2025\/05\/3-25-2-1024x683.jpg 1024w, https:\/\/infotorrent.es\/wp-content\/uploads\/2025\/05\/3-25-2-300x200.jpg 300w, https:\/\/infotorrent.es\/wp-content\/uploads\/2025\/05\/3-25-2-768x512.jpg 768w, https:\/\/infotorrent.es\/wp-content\/uploads\/2025\/05\/3-25-2-1536x1024.jpg 1536w, https:\/\/infotorrent.es\/wp-content\/uploads\/2025\/05\/3-25-2.jpg 1620w\" sizes=\"(max-width: 1024px) 100vw, 1024px\" \/><\/figure>\n\n\n\n<figure class=\"wp-block-image size-large\"><img decoding=\"async\" width=\"1024\" height=\"683\" data-id=\"81302\" src=\"https:\/\/infotorrent.es\/wp-content\/uploads\/2025\/05\/1-39-1-1024x683.jpg\" alt=\"\" class=\"wp-image-81302\" srcset=\"https:\/\/infotorrent.es\/wp-content\/uploads\/2025\/05\/1-39-1-1024x683.jpg 1024w, https:\/\/infotorrent.es\/wp-content\/uploads\/2025\/05\/1-39-1-300x200.jpg 300w, https:\/\/infotorrent.es\/wp-content\/uploads\/2025\/05\/1-39-1-768x512.jpg 768w, https:\/\/infotorrent.es\/wp-content\/uploads\/2025\/05\/1-39-1-1536x1024.jpg 1536w, https:\/\/infotorrent.es\/wp-content\/uploads\/2025\/05\/1-39-1.jpg 1620w\" sizes=\"(max-width: 1024px) 100vw, 1024px\" \/><\/figure>\n\n\n\n<figure class=\"wp-block-image size-large\"><img decoding=\"async\" width=\"1024\" height=\"768\" data-id=\"81300\" src=\"https:\/\/infotorrent.es\/wp-content\/uploads\/2025\/05\/3-26.png\" alt=\"\" class=\"wp-image-81300\" srcset=\"https:\/\/infotorrent.es\/wp-content\/uploads\/2025\/05\/3-26.png 1024w, https:\/\/infotorrent.es\/wp-content\/uploads\/2025\/05\/3-26-300x225.png 300w, https:\/\/infotorrent.es\/wp-content\/uploads\/2025\/05\/3-26-768x576.png 768w\" sizes=\"(max-width: 1024px) 100vw, 1024px\" \/><\/figure>\n\n\n\n<figure class=\"wp-block-image size-large\"><img loading=\"lazy\" decoding=\"async\" width=\"1024\" height=\"768\" data-id=\"81298\" src=\"https:\/\/infotorrent.es\/wp-content\/uploads\/2025\/05\/2-32.png\" alt=\"\" class=\"wp-image-81298\" srcset=\"https:\/\/infotorrent.es\/wp-content\/uploads\/2025\/05\/2-32.png 1024w, https:\/\/infotorrent.es\/wp-content\/uploads\/2025\/05\/2-32-300x225.png 300w, https:\/\/infotorrent.es\/wp-content\/uploads\/2025\/05\/2-32-768x576.png 768w\" sizes=\"(max-width: 1024px) 100vw, 1024px\" \/><\/figure>\n<\/figure>\n","protected":false},"excerpt":{"rendered":"<p>M\u00e9s de 10.000 visitants en 2024 avalen el retorn de l&#8217;esdeveniment L&#8217;Antic Mercat tornar\u00e0 a brillar amb la millor indument\u00e0ria valenciana, moda, artesania fallera i tradici\u00f3, a m\u00e9s de complements, descomptes especials i novetats, es donaran cita els dies 16, 17 i 18 de maig Despr\u00e9s de l&#8217;\u00e8xit rotund de la primera edici\u00f3 en 2024, [&hellip;]<\/p>\n","protected":false},"author":15,"featured_media":81304,"comment_status":"open","ping_status":"open","sticky":false,"template":"","format":"standard","meta":{"_acf_changed":false,"footnotes":""},"categories":[1190,1132,1171],"tags":[],"class_list":["post-81307","post","type-post","status-publish","format-standard","has-post-thumbnail","hentry","category-ayuntamiento-de-torrent-ca","category-cultura-ca","category-fallas-ca"],"acf":[],"_links":{"self":[{"href":"https:\/\/infotorrent.es\/ca\/wp-json\/wp\/v2\/posts\/81307","targetHints":{"allow":["GET"]}}],"collection":[{"href":"https:\/\/infotorrent.es\/ca\/wp-json\/wp\/v2\/posts"}],"about":[{"href":"https:\/\/infotorrent.es\/ca\/wp-json\/wp\/v2\/types\/post"}],"author":[{"embeddable":true,"href":"https:\/\/infotorrent.es\/ca\/wp-json\/wp\/v2\/users\/15"}],"replies":[{"embeddable":true,"href":"https:\/\/infotorrent.es\/ca\/wp-json\/wp\/v2\/comments?post=81307"}],"version-history":[{"count":1,"href":"https:\/\/infotorrent.es\/ca\/wp-json\/wp\/v2\/posts\/81307\/revisions"}],"predecessor-version":[{"id":81309,"href":"https:\/\/infotorrent.es\/ca\/wp-json\/wp\/v2\/posts\/81307\/revisions\/81309"}],"wp:featuredmedia":[{"embeddable":true,"href":"https:\/\/infotorrent.es\/ca\/wp-json\/wp\/v2\/media\/81304"}],"wp:attachment":[{"href":"https:\/\/infotorrent.es\/ca\/wp-json\/wp\/v2\/media?parent=81307"}],"wp:term":[{"taxonomy":"category","embeddable":true,"href":"https:\/\/infotorrent.es\/ca\/wp-json\/wp\/v2\/categories?post=81307"},{"taxonomy":"post_tag","embeddable":true,"href":"https:\/\/infotorrent.es\/ca\/wp-json\/wp\/v2\/tags?post=81307"}],"curies":[{"name":"wp","href":"https:\/\/api.w.org\/{rel}","templated":true}]}}