{"id":81246,"date":"2025-05-12T09:21:12","date_gmt":"2025-05-12T07:21:12","guid":{"rendered":"https:\/\/infotorrent.es\/uncategorized\/torrent-se-prepara-para-acoger-el-ix-concurso-nacional-de-piano-amparo-fandos-del-14-al-16-de-mayo\/"},"modified":"2025-05-12T09:27:58","modified_gmt":"2025-05-12T07:27:58","slug":"torrent-se-prepara-para-acoger-el-ix-concurso-nacional-de-piano-amparo-fandos-del-14-al-16-de-mayo","status":"publish","type":"post","link":"https:\/\/infotorrent.es\/ca\/cultura-es-2\/torrent-se-prepara-para-acoger-el-ix-concurso-nacional-de-piano-amparo-fandos-del-14-al-16-de-mayo\/","title":{"rendered":"Torrent es prepara per a acollir l&#8217;IX Concurs Nacional de Piano &#8220;Amparo Fandos&#8221; del 14 al 16 de maig"},"content":{"rendered":"\n<p><strong>Un total de 28 pianistes competiran\u00a0en un concurs dotat amb 5.300 euros en premis<\/strong><\/p>\n\n\n\n<p>La ciutat de Torrent es convertir\u00e0 la setmana vinent en l&#8217;epicentre de la m\u00fasica cl\u00e0ssica amb la celebraci\u00f3 de l&#8217;IX&nbsp; Concurs Nacional de Piano Ciutat de Torrent \u201cAmparo Fandos\u201d, que tindr\u00e0 lloc del dimecres 14 al divendres 16 de maig a la Sala d&#8217;Actes del Conservatori Professional de M\u00fasica de Torrent.<\/p>\n\n\n\n<p>Organitzat per l&#8217;Ajuntament de Torrent i el propi Conservatori, el certamen, d&#8217;\u00e0mbit nacional, busca fomentar la cultura musical i recon\u00e9ixer el talent de j\u00f3vens int\u00e8rprets de piano, alhora que projecta la imatge cultural del municipi. En esta edici\u00f3, s&#8217;han inscrit un total de 28 participants procedents de diferents punts d&#8217;Espanya, distribu\u00efts en tres categories per edats: fins a 25 anys (A), fins a 18 anys (B) i fins a 14 anys (C).<\/p>\n\n\n\n<p>Les jornades comen\u00e7aran el dimecres 14 de maig amb les proves eliminat\u00f2ries de les categories A i B, seguides per les proves de la categoria C el dijous 15. La fase final de les categories A i B se celebrar\u00e0 el divendres 16 al mat\u00ed i a la vesprada, respectivament. El mateix&nbsp;divendres, a les 19.00 hores, se celebrar\u00e0 la gala de clausura i lliurament de premis, en la qual els guanyadors de cada categoria oferiran un breu concert amb obres de lliure elecci\u00f3.<\/p>\n\n\n\n<p>La regidor d&#8217;Educaci\u00f3, Mar\u00eda Fern\u00e1ndez, ha destacat la import\u00e0ncia d&#8217;este concurs com \u201cuna aposta ferma per l&#8217;excel\u00b7l\u00e8ncia musical i el talent jove\u201d, subratllant que&nbsp;\u201cesdeveniments com el Concurs Amparo Fandos no sols eleven el nivell art\u00edstic de la nostra ciutat, sin\u00f3 que tamb\u00e9 consoliden a Torrent com un referent cultural a nivell nacional\u201d.&nbsp;A m\u00e9s, ha afegit que&nbsp;\u201cDes de l&#8217;Ajuntament continuarem impulsant iniciatives que donen suport a la formaci\u00f3 art\u00edstica dels nostres j\u00f3vens i que facen de la cultura una senya d&#8217;identitat local\u201d.<\/p>\n\n\n\n<p>Quant als premis, el certamen oferix quanties que varien segons la categoria. En la categoria A, el primer premi est\u00e0 dotat amb 2.500 euros, mentres que en la categoria B ascendix a 500 euros, i en la categoria C, a 250 euros. Tamb\u00e9 s&#8217;entregaran segons i tercers premis, a m\u00e9s de diplomes de participaci\u00f3 per a tots els concursants. En total s\u00f3n 5.300 euros destinats als premis.<\/p>\n\n\n\n<p>Amb este concurs, l&#8217;Ajuntament de Torrent reafirma el seu comprom\u00eds amb el foment de les arts i la cultura, i honra la figura d&#8217;Amparo Fandos, que \u00e9s Premi Carta de Poblament de Torrent 2012 en la modalitat de \u2018Arts, Lletres i Esports\u2019, i que dona nom a este consolidat certamen que cada any desperta m\u00e9s inter\u00e9s entre j\u00f3vens pianistes de tota Espanya.<\/p>\n\n\n\n<figure class=\"wp-block-image size-large\"><img fetchpriority=\"high\" decoding=\"async\" width=\"819\" height=\"1024\" src=\"https:\/\/infotorrent.es\/wp-content\/uploads\/2025\/05\/amparo-fandos-819x1024.jpg\" alt=\"\" class=\"wp-image-81242\" srcset=\"https:\/\/infotorrent.es\/wp-content\/uploads\/2025\/05\/amparo-fandos-819x1024.jpg 819w, https:\/\/infotorrent.es\/wp-content\/uploads\/2025\/05\/amparo-fandos-240x300.jpg 240w, https:\/\/infotorrent.es\/wp-content\/uploads\/2025\/05\/amparo-fandos-768x960.jpg 768w, https:\/\/infotorrent.es\/wp-content\/uploads\/2025\/05\/amparo-fandos.jpg 1152w\" sizes=\"(max-width: 819px) 100vw, 819px\" \/><\/figure>\n","protected":false},"excerpt":{"rendered":"<p>Un total de 28 pianistes competiran\u00a0en un concurs dotat amb 5.300 euros en premis La ciutat de Torrent es convertir\u00e0 la setmana vinent en l&#8217;epicentre de la m\u00fasica cl\u00e0ssica amb la celebraci\u00f3 de l&#8217;IX&nbsp; Concurs Nacional de Piano Ciutat de Torrent \u201cAmparo Fandos\u201d, que tindr\u00e0 lloc del dimecres 14 al divendres 16 de maig a [&hellip;]<\/p>\n","protected":false},"author":15,"featured_media":81247,"comment_status":"open","ping_status":"open","sticky":false,"template":"","format":"standard","meta":{"_acf_changed":false,"footnotes":""},"categories":[126,1190],"tags":[],"class_list":["post-81246","post","type-post","status-publish","format-standard","has-post-thumbnail","hentry","category-cultura-es-2","category-ayuntamiento-de-torrent-ca"],"acf":[],"_links":{"self":[{"href":"https:\/\/infotorrent.es\/ca\/wp-json\/wp\/v2\/posts\/81246","targetHints":{"allow":["GET"]}}],"collection":[{"href":"https:\/\/infotorrent.es\/ca\/wp-json\/wp\/v2\/posts"}],"about":[{"href":"https:\/\/infotorrent.es\/ca\/wp-json\/wp\/v2\/types\/post"}],"author":[{"embeddable":true,"href":"https:\/\/infotorrent.es\/ca\/wp-json\/wp\/v2\/users\/15"}],"replies":[{"embeddable":true,"href":"https:\/\/infotorrent.es\/ca\/wp-json\/wp\/v2\/comments?post=81246"}],"version-history":[{"count":1,"href":"https:\/\/infotorrent.es\/ca\/wp-json\/wp\/v2\/posts\/81246\/revisions"}],"predecessor-version":[{"id":81250,"href":"https:\/\/infotorrent.es\/ca\/wp-json\/wp\/v2\/posts\/81246\/revisions\/81250"}],"wp:featuredmedia":[{"embeddable":true,"href":"https:\/\/infotorrent.es\/ca\/wp-json\/wp\/v2\/media\/81247"}],"wp:attachment":[{"href":"https:\/\/infotorrent.es\/ca\/wp-json\/wp\/v2\/media?parent=81246"}],"wp:term":[{"taxonomy":"category","embeddable":true,"href":"https:\/\/infotorrent.es\/ca\/wp-json\/wp\/v2\/categories?post=81246"},{"taxonomy":"post_tag","embeddable":true,"href":"https:\/\/infotorrent.es\/ca\/wp-json\/wp\/v2\/tags?post=81246"}],"curies":[{"name":"wp","href":"https:\/\/api.w.org\/{rel}","templated":true}]}}