{"id":81196,"date":"2025-05-08T11:50:30","date_gmt":"2025-05-08T09:50:30","guid":{"rendered":"https:\/\/infotorrent.es\/uncategorized\/el-auditori-de-torrent-se-llena-de-humor-acido-y-critica-social-con-la-comedia-gordas\/"},"modified":"2025-05-08T11:51:47","modified_gmt":"2025-05-08T09:51:47","slug":"el-auditori-de-torrent-se-llena-de-humor-acido-y-critica-social-con-la-comedia-gordas","status":"publish","type":"post","link":"https:\/\/infotorrent.es\/ca\/cultura-es-2\/el-auditori-de-torrent-se-llena-de-humor-acido-y-critica-social-con-la-comedia-gordas\/","title":{"rendered":"L\u2019Auditori de Torrent s\u2019ompli d\u2019humor \u00e0cid i cr\u00edtica social amb la com\u00e8dia &#8220;Gordas&#8221;"},"content":{"rendered":"\n<p>Este dissabte 10 de maig, a les 19:00 hores, l\u2019Auditori de Torrent acull&nbsp;<em>GORDAS<\/em>, una com\u00e8dia tan esbojarrada com transgressora que no deixar\u00e0 ning\u00fa indiferent. Amb una barreja explosiva de personatges tan dispars com Satan\u00e0s, una estrella de cine, dues monges, una lesbiana convertida a la for\u00e7a, un donut i moltes ganes de follar, aquesta obra promet rialles, reflexi\u00f3 i una bona dosi d\u2019ironia.<\/p>\n\n\n\n<p>Protagonitzada per les actrius MARA JIM\u00c9NEZ i TERESA L\u00d3PEZ, totes dues referents del moviment&nbsp;<em>bodypositive<\/em>&nbsp;en xarxes socials, l\u2019obra utilitza l\u2019humor com a eina de den\u00fancia i visibilitzaci\u00f3. Elles a soles interpreten fins a deu personatges diferents en escenes aparentment inconnexes que, a poc a poc, s\u2019entrellacen fins a formar un espectacle coherent, potent i carregat de missatge.<\/p>\n\n\n\n<p><em>GORDAS<\/em>&nbsp;trenca esquemes i estereotips en posar damunt de l\u2019escenari un tema poc tractat en el teatre: l\u2019obesitat i l\u2019acceptaci\u00f3 del cos. Amb una posada en escena cuidada, dominada pel color rosa, la netedat est\u00e8tica i una delicadesa que contrasta amb la for\u00e7a del missatge, l\u2019obra convida l\u2019espectador a q\u00fcestionar-se els l\u00edmits que la societat imposa sobre els cossos i els rols.<\/p>\n\n\n\n<p>No \u00e9s nom\u00e9s una com\u00e8dia. Tamb\u00e9 \u00e9s una declaraci\u00f3 d\u2019intencions: dues dones que es presenten com s\u00f3n, sense filtres, rient-se d\u2019elles mateixes i del m\u00f3n, mentre reclamen l\u2019espai que se\u2019ls nega.<\/p>\n\n\n\n<p>Les entrades estan disponibles a&nbsp;<a href=\"http:\/\/www.auditoritorrent.com\/\" target=\"_blank\" rel=\"noreferrer noopener\">www.auditoritorrent.com<\/a>&nbsp;i a les taquilles de l\u2019Auditori, obertes els divendres d\u201911 a 13 h i des de dues hores abans de l\u2019inici de l\u2019espectacle.<\/p>\n\n\n\n<p><em>T\u2019atrevixes a riure, pensar i trencar motles amb elles?<\/em><\/p>\n\n\n\n<figure class=\"wp-block-image size-large\"><img fetchpriority=\"high\" decoding=\"async\" width=\"1024\" height=\"819\" src=\"https:\/\/infotorrent.es\/wp-content\/uploads\/2025\/05\/GORDAS_Mara-Jimenez-y-Teresa-Lopez-1024x819.jpg\" alt=\"\" class=\"wp-image-81192\" srcset=\"https:\/\/infotorrent.es\/wp-content\/uploads\/2025\/05\/GORDAS_Mara-Jimenez-y-Teresa-Lopez-1024x819.jpg 1024w, https:\/\/infotorrent.es\/wp-content\/uploads\/2025\/05\/GORDAS_Mara-Jimenez-y-Teresa-Lopez-300x240.jpg 300w, https:\/\/infotorrent.es\/wp-content\/uploads\/2025\/05\/GORDAS_Mara-Jimenez-y-Teresa-Lopez-768x614.jpg 768w, https:\/\/infotorrent.es\/wp-content\/uploads\/2025\/05\/GORDAS_Mara-Jimenez-y-Teresa-Lopez-1536x1229.jpg 1536w, https:\/\/infotorrent.es\/wp-content\/uploads\/2025\/05\/GORDAS_Mara-Jimenez-y-Teresa-Lopez-2048x1638.jpg 2048w\" sizes=\"(max-width: 1024px) 100vw, 1024px\" \/><\/figure>\n","protected":false},"excerpt":{"rendered":"<p>Este dissabte 10 de maig, a les 19:00 hores, l\u2019Auditori de Torrent acull&nbsp;GORDAS, una com\u00e8dia tan esbojarrada com transgressora que no deixar\u00e0 ning\u00fa indiferent. Amb una barreja explosiva de personatges tan dispars com Satan\u00e0s, una estrella de cine, dues monges, una lesbiana convertida a la for\u00e7a, un donut i moltes ganes de follar, aquesta obra [&hellip;]<\/p>\n","protected":false},"author":15,"featured_media":81199,"comment_status":"open","ping_status":"open","sticky":false,"template":"","format":"standard","meta":{"_acf_changed":false,"footnotes":""},"categories":[126,1215],"tags":[],"class_list":["post-81196","post","type-post","status-publish","format-standard","has-post-thumbnail","hentry","category-cultura-es-2","category-auditori-de-torrent-ca"],"acf":[],"_links":{"self":[{"href":"https:\/\/infotorrent.es\/ca\/wp-json\/wp\/v2\/posts\/81196","targetHints":{"allow":["GET"]}}],"collection":[{"href":"https:\/\/infotorrent.es\/ca\/wp-json\/wp\/v2\/posts"}],"about":[{"href":"https:\/\/infotorrent.es\/ca\/wp-json\/wp\/v2\/types\/post"}],"author":[{"embeddable":true,"href":"https:\/\/infotorrent.es\/ca\/wp-json\/wp\/v2\/users\/15"}],"replies":[{"embeddable":true,"href":"https:\/\/infotorrent.es\/ca\/wp-json\/wp\/v2\/comments?post=81196"}],"version-history":[{"count":1,"href":"https:\/\/infotorrent.es\/ca\/wp-json\/wp\/v2\/posts\/81196\/revisions"}],"predecessor-version":[{"id":81198,"href":"https:\/\/infotorrent.es\/ca\/wp-json\/wp\/v2\/posts\/81196\/revisions\/81198"}],"wp:featuredmedia":[{"embeddable":true,"href":"https:\/\/infotorrent.es\/ca\/wp-json\/wp\/v2\/media\/81199"}],"wp:attachment":[{"href":"https:\/\/infotorrent.es\/ca\/wp-json\/wp\/v2\/media?parent=81196"}],"wp:term":[{"taxonomy":"category","embeddable":true,"href":"https:\/\/infotorrent.es\/ca\/wp-json\/wp\/v2\/categories?post=81196"},{"taxonomy":"post_tag","embeddable":true,"href":"https:\/\/infotorrent.es\/ca\/wp-json\/wp\/v2\/tags?post=81196"}],"curies":[{"name":"wp","href":"https:\/\/api.w.org\/{rel}","templated":true}]}}