{"id":81134,"date":"2025-05-03T11:33:58","date_gmt":"2025-05-03T09:33:58","guid":{"rendered":"https:\/\/infotorrent.es\/?p=81134"},"modified":"2025-05-03T11:34:18","modified_gmt":"2025-05-03T09:34:18","slug":"prop-de-900-torrentinos-ja-shan-beneficiat-de-mes-de-3-milions-deuros-en-ajudes-despres-de-la-dana","status":"publish","type":"post","link":"https:\/\/infotorrent.es\/ca\/alcaldia-2\/prop-de-900-torrentinos-ja-shan-beneficiat-de-mes-de-3-milions-deuros-en-ajudes-despres-de-la-dana\/","title":{"rendered":"Prop de 900 torrentinos ja s&#8217;han beneficiat de m\u00e9s de 3 milions d&#8217;euros en ajudes despr\u00e9s de la DANA"},"content":{"rendered":"\n<p><strong>L&#8217;Ajuntament de Torrent continua treballant sense descans i supera el 70% en la concessi\u00f3 d&#8217;ajudes de la Fundaci\u00f3 Amancio Ortega<\/strong><\/p>\n\n\n\n<p>L&#8217;Ajuntament de Torrent continua avan\u00e7ant amb fermesa en la tramitaci\u00f3 i concessi\u00f3 de les ajudes econ\u00f2miques finan\u00e7ades per la Fundaci\u00f3 Amancio Ortega, destinades a mitigar els danys ocasionats per la DANA que va assotar el municipi el passat 29 d&#8217;octubre de 2024.<\/p>\n\n\n\n<p><strong>Fins a la data, s&#8217;han distribu\u00eft ja 3.038.464,67 euros, la qual cosa suposa el 70,66%, que es tradu\u00efx en 881 beneficiats fins al moment, del fons total de 4,3 milions d&#8217;euros assignat a Torrent dins d&#8217;un pla solidari de 100 milions que la Fundaci\u00f3 ha destinat a 38 municipis afectats.<\/strong><\/p>\n\n\n\n<p>El proc\u00e9s de sol\u00b7licitud d&#8217;estes ajudes va estar obert entre el 5 de desembre de 2024 i el 7 de gener de 2025, despr\u00e9s de la publicaci\u00f3 de les bases el 4 de desembre. Durant este per\u00edode, el consistori va rebre un total de 1.646 sol\u00b7licituds d&#8217;afectats per la cat\u00e0strofe.<\/p>\n\n\n\n<p><strong>Ajudes adaptades a les necessitats de cada situaci\u00f3<\/strong><\/p>\n\n\n\n<p><strong>Fins al 29 d&#8217;abril, un total de 881 ve\u00efns han rebut algun tipus d&#8217;ajuda<\/strong>. La quantia concedida ha variat en funci\u00f3 del grau d&#8217;afectaci\u00f3 patit. <strong>En el cas de danys en vivendes, 310 han sigut els beneficiats per un import total que ascendix a 1.960.000 euros<\/strong>, concedint-se imports que van des dels 10.000 euros \u2014per a aquelles que es van declarar inhabitables o van exigir desallotjament\u2014 fins a 7.000 euros per a les quals van registrar greus danys estructurals, necessitant reparacions importants.<\/p>\n\n\n\n<p>A m\u00e9s, un alt percentatge han rebut ajudes de 5.000 euros, per a reparar danys de menor gravetat, per\u00f2 significatius. Per als qui no comptaven amb un t\u00edtol de propietat acreditatiu, s&#8217;ha establit una ajuda espec\u00edfica de 2.000 euros destinada a la reposici\u00f3 de mobiliari i electrodom\u00e8stics, i per als casos de vivendes compartides (ocupaci\u00f3 per habitacions) s&#8217;han assignat 1.000 euros a estris b\u00e0sics.<\/p>\n\n\n\n<p>En relaci\u00f3 a les <strong>ajudes destinades espec\u00edficament a cobrir danys en mobiliari, estris i electrodom\u00e8stics, s&#8217;han gestionat en total, fins al moment, la concessi\u00f3 per a 88 persones per un valor de 88.000 euros.<\/strong><\/p>\n\n\n\n<p>Quant a les <strong>ajudes destinades a la reposici\u00f3 i reparaci\u00f3 de vehicles danyats per les inundacions s&#8217;han beneficiat 460 propietaris de vehicles sinistrats (autom\u00f2bils i motocicletes) amb ajudes de fins a 2.000 euros per vehicle, la qual cosa suma un import total de 899.464,67 euros.<\/strong><\/p>\n\n\n\n<p>D&#8217;altra banda, <strong>23 treballadors aut\u00f2noms, l&#8217;activitat econ\u00f2mica dels quals es va veure greument afectada per la cat\u00e0strofe, han rebut ajudes que poden aconseguir els 4.000 euros**, sumant en conjunt 91.000 euros.<\/strong><\/p>\n\n\n\n<p><strong>Este esfor\u00e7 administratiu s&#8217;ha materialitzat en 34 decrets firmats fins al moment<\/strong>, evidenciant el ritme constant del treball municipal per a agilitzar i tramitar amb la major celeritat, els expedients administratius que han aconseguit de moment a 881 ciutadans afectats per la Dana.<\/p>\n\n\n\n<p><strong>Reconeixement a l&#8217;esfor\u00e7 conjunt<\/strong><\/p>\n\n\n\n<p>L&#8217;alcaldessa de Torrent, Amparo Folgado, ha volgut destacar la labor de l&#8217;equip municipal, <strong>\u201cvull posar en valor el comprom\u00eds exemplar i la implicaci\u00f3 total del personal de l&#8217;Ajuntament, que ha assumit esta tasca amb un nivell de lliurament admirable. Gr\u00e0cies al seu treball esfor\u00e7at, rigor\u00f3s i constant, les ajudes estan arribant amb rapidesa als qui m\u00e9s les necessiten\u201d.<\/strong><\/p>\n\n\n\n<p>Folgado tamb\u00e9 ha subratllat la import\u00e0ncia de la col\u00b7laboraci\u00f3 rebuda, <strong>\u201cen nom de tots els torrentinos, una vegada m\u00e9s agra\u00efsc profundament a la Fundaci\u00f3 Amancio Ortega la seua confian\u00e7a en el nostre consistori per a gestionar estes ajudes tan necess\u00e0ries. La seua solidaritat ha sigut crucial per a ajudar a pal\u00b7liar els danys m\u00e9s immediats provocats per la Dana i perqu\u00e8 moltes fam\u00edlies comencen a recuperar la normalitat\u201d.<\/strong><\/p>\n\n\n\n<p>Finalment, l&#8217;alcaldessa ha reafirmat el comprom\u00eds i voluntat municipal de continuar treballant amb absolut rigor i celeritat,<strong> \u201cseguirem, sense descans, gestionant fins a l&#8217;\u00faltim euro d&#8217;este fons amb la m\u00e0xima efic\u00e0cia, agilitat, responsabilitat i transpar\u00e8ncia, per a assegurar que totes les ajudes pendents arriben com m\u00e9s prompte millor als nostres ve\u00efns\u201d.<\/strong><\/p>\n\n\n\n<figure class=\"wp-block-image size-full\"><img fetchpriority=\"high\" decoding=\"async\" width=\"1024\" height=\"682\" src=\"https:\/\/infotorrent.es\/wp-content\/uploads\/2025\/05\/2-1.png\" alt=\"\" class=\"wp-image-81135\" srcset=\"https:\/\/infotorrent.es\/wp-content\/uploads\/2025\/05\/2-1.png 1024w, https:\/\/infotorrent.es\/wp-content\/uploads\/2025\/05\/2-1-300x200.png 300w, https:\/\/infotorrent.es\/wp-content\/uploads\/2025\/05\/2-1-768x512.png 768w\" sizes=\"(max-width: 1024px) 100vw, 1024px\" \/><\/figure>\n\n\n\n<figure class=\"wp-block-image size-full\"><img decoding=\"async\" width=\"1024\" height=\"683\" src=\"https:\/\/infotorrent.es\/wp-content\/uploads\/2025\/05\/1.png\" alt=\"\" class=\"wp-image-81137\" srcset=\"https:\/\/infotorrent.es\/wp-content\/uploads\/2025\/05\/1.png 1024w, https:\/\/infotorrent.es\/wp-content\/uploads\/2025\/05\/1-300x200.png 300w, https:\/\/infotorrent.es\/wp-content\/uploads\/2025\/05\/1-768x512.png 768w\" sizes=\"(max-width: 1024px) 100vw, 1024px\" \/><\/figure>\n","protected":false},"excerpt":{"rendered":"<p>L&#8217;Ajuntament de Torrent continua treballant sense descans i supera el 70% en la concessi\u00f3 d&#8217;ajudes de la Fundaci\u00f3 Amancio Ortega L&#8217;Ajuntament de Torrent continua avan\u00e7ant amb fermesa en la tramitaci\u00f3 i concessi\u00f3 de les ajudes econ\u00f2miques finan\u00e7ades per la Fundaci\u00f3 Amancio Ortega, destinades a mitigar els danys ocasionats per la DANA que va assotar el [&hellip;]<\/p>\n","protected":false},"author":20,"featured_media":81139,"comment_status":"open","ping_status":"open","sticky":false,"template":"","format":"standard","meta":{"_acf_changed":false,"footnotes":""},"categories":[141,1217,1153,138,1160],"tags":[],"class_list":["post-81134","post","type-post","status-publish","format-standard","has-post-thumbnail","hentry","category-alcaldia-2","category-dana-ca","category-economia-noticias-ca","category-medio-ambiente-2","category-urbanismo-noticias-ca"],"acf":[],"_links":{"self":[{"href":"https:\/\/infotorrent.es\/ca\/wp-json\/wp\/v2\/posts\/81134","targetHints":{"allow":["GET"]}}],"collection":[{"href":"https:\/\/infotorrent.es\/ca\/wp-json\/wp\/v2\/posts"}],"about":[{"href":"https:\/\/infotorrent.es\/ca\/wp-json\/wp\/v2\/types\/post"}],"author":[{"embeddable":true,"href":"https:\/\/infotorrent.es\/ca\/wp-json\/wp\/v2\/users\/20"}],"replies":[{"embeddable":true,"href":"https:\/\/infotorrent.es\/ca\/wp-json\/wp\/v2\/comments?post=81134"}],"version-history":[{"count":1,"href":"https:\/\/infotorrent.es\/ca\/wp-json\/wp\/v2\/posts\/81134\/revisions"}],"predecessor-version":[{"id":81140,"href":"https:\/\/infotorrent.es\/ca\/wp-json\/wp\/v2\/posts\/81134\/revisions\/81140"}],"wp:featuredmedia":[{"embeddable":true,"href":"https:\/\/infotorrent.es\/ca\/wp-json\/wp\/v2\/media\/81139"}],"wp:attachment":[{"href":"https:\/\/infotorrent.es\/ca\/wp-json\/wp\/v2\/media?parent=81134"}],"wp:term":[{"taxonomy":"category","embeddable":true,"href":"https:\/\/infotorrent.es\/ca\/wp-json\/wp\/v2\/categories?post=81134"},{"taxonomy":"post_tag","embeddable":true,"href":"https:\/\/infotorrent.es\/ca\/wp-json\/wp\/v2\/tags?post=81134"}],"curies":[{"name":"wp","href":"https:\/\/api.w.org\/{rel}","templated":true}]}}