{"id":80356,"date":"2025-04-15T14:00:43","date_gmt":"2025-04-15T12:00:43","guid":{"rendered":"https:\/\/infotorrent.es\/uncategorized\/torrent-aprueba-bonificaciones-fiscales-del-95-del-icio-para-afectados-por-la-dana\/"},"modified":"2025-04-15T14:02:09","modified_gmt":"2025-04-15T12:02:09","slug":"torrent-aprueba-bonificaciones-fiscales-del-95-del-icio-para-afectados-por-la-dana","status":"publish","type":"post","link":"https:\/\/infotorrent.es\/ca\/ayuntamiento-de-torrent-ca\/torrent-aprueba-bonificaciones-fiscales-del-95-del-icio-para-afectados-por-la-dana\/","title":{"rendered":"Torrent aprueba bonificaciones fiscales del 95% del ICIO para afectados por la DANA"},"content":{"rendered":"\n<p><strong>Una mesura hist\u00f2rica, com a resposta a l&#8217;emerg\u00e8ncia, que redu\u00efx quasi a la totalitat l&#8217;impost per a les obres destinades a la construcci\u00f3, reconstrucci\u00f3, ampliaci\u00f3, reforma, rehabilitaci\u00f3 o habilitaci\u00f3 d&#8217;immobles<\/strong><\/p>\n\n\n\n<p><strong>Esta bonificaci\u00f3 tindr\u00e0 efecte retroactiu des del 29 d&#8217;octubre de 2024<\/strong><\/p>\n\n\n\n<p>L&#8217;Ajuntament de Torrent ha aprovat en sessi\u00f3 celebrada per la Junta de Govern Local, una significativa modificaci\u00f3 en l&#8217;Ordenan\u00e7a Fiscal Reguladora de l&#8217;Impost sobre Construccions, Instal\u00b7lacions i Obres (ICIO). Esta mesura pret\u00e9n alleujar la c\u00e0rrega econ\u00f2mica que afronten els ve\u00efns del municipi afectats pels danys causats per la Dana que ha generat nombrosos danys en immobles del municipi.<\/p>\n\n\n\n<p>La modificaci\u00f3 aprovada establix una bonificaci\u00f3 del 95% en la quota de l&#8217;impost ICIO per a les obres destinades a la construcci\u00f3, reconstrucci\u00f3, ampliaci\u00f3, reforma, rehabilitaci\u00f3 o habilitaci\u00f3 d&#8217;immobles que hagen patit danys a conseq\u00fc\u00e8ncia directa de la DANA. Esta bonificaci\u00f3 tindr\u00e0 efecte retroactiu des del 29 d&#8217;octubre de 2024, amb l&#8217;objectiu de cobrir la major part possible del cost d&#8217;estes intervencions imprescindibles per a retornar la normalitat a les fam\u00edlies i negocis afectats.<\/p>\n\n\n\n<p>La proposta, presentada per Sonia Roca, regidora de l&#8217;\u00c0rea de Govern d&#8217;Hisenda, Promoci\u00f3 Econ\u00f2mica, Seguretat Ciutadana i Mobilitat, va ser aprovada per unanimitat, mostrant aix\u00ed el consens general en la necessitat de donar suport a les persones damnificades per esta cat\u00e0strofe natural.<\/p>\n\n\n\n<p>El consistori, conscient de les greus conseq\u00fc\u00e8ncies econ\u00f2miques i socials derivades dels efectes de la DANA, ha actuat amb rapidesa per a mitigar els danys i fer costat a la ciutadania en la seua recuperaci\u00f3, garantint que esta ajuda fiscal arribe de manera efectiva als qui m\u00e9s la necessiten.<\/p>\n\n\n\n<p>Esta mesura se sustenta en els informes favorables emesos pel departament de Tresoreria, l&#8217;informe d&#8217;Intervenci\u00f3 municipal i l&#8217;aprovaci\u00f3 de l&#8217;informe previ preceptiu em\u00e9s per l&#8217;Assessoria Jur\u00eddica de l&#8217;Ajuntament. La modificaci\u00f3 entrar\u00e0 en vigor despr\u00e9s de l&#8217;aprovaci\u00f3 provisional en el Ple municipal.<\/p>\n\n\n\n<p>Aix\u00ed mateix, esta acci\u00f3 reflectix la sensibilitat social i el comprom\u00eds de l&#8217;Ajuntament de Torrent amb la ciutadania en situacions d&#8217;emerg\u00e8ncia, assegurant una resposta \u00e0gil i efica\u00e7 davant esdeveniments que afecten de manera directa al benestar i patrimoni dels seus ve\u00efns.<\/p>\n\n\n\n<p>Amb la implementaci\u00f3 d&#8217;esta mesura, l&#8217;Ajuntament de Torrent refor\u00e7a el seu suport als afectats, promovent la rehabilitaci\u00f3 d&#8217;immobles danyats i contribuint activament a la recuperaci\u00f3 econ\u00f2mica i social del municipi.<\/p>\n\n\n\n<p>Finalment, des de l&#8217;Ajuntament s&#8217;anima a tots els ve\u00efns afectats a contactar amb els servicis municipals per a rebre informaci\u00f3 detallada i personalitzada sobre com acollir-se a esta bonificaci\u00f3 i beneficiar-se d&#8217;altres mesures adoptades pel consistori per a pal\u00b7liar els efectes de la Dana a la ciutat.<\/p>\n\n\n\n<p>L&#8217;alcaldessa Amparo Folgado ha manifestat que&nbsp;<strong>\u201cel nostre comprom\u00eds amb els ve\u00efns afectats per la DANA \u00e9s absolut, facilitant solucions efectives i r\u00e0pides. La bonificaci\u00f3 del 95% en l&#8217;impost ICIO reflectix la nostra sensibilitat social i econ\u00f2mica amb els ciutadans que estan passant moments dif\u00edcils despr\u00e9s de la Dana. No escatimarem recursos ni esfor\u00e7os perqu\u00e8 Torrent torne prompte a la normalitat despr\u00e9s dels danys provocats per la Dana\u201d<\/strong>.<\/p>\n\n\n\n<p><strong>\u201cEsta iniciativa \u00e9s un clar exemple de com l&#8217;administraci\u00f3 pot i deu actuar r\u00e0pidament per a protegir i reconstruir el benestar dels nostres ve\u00efns. Estes mesures extraordin\u00e0ries mostren clarament el nostre comprom\u00eds i responsabilitat cap a les fam\u00edlies i negocis afectats a la nostra ciutat. Continuarem implementant pol\u00edtiques que ajuden els ciutadans afectats de Torrent a superar estes adversitats\u201d<\/strong>, ha assenyalat la regidora Sonia Roca.<\/p>\n\n\n\n<figure class=\"wp-block-image size-full\"><img fetchpriority=\"high\" decoding=\"async\" width=\"1024\" height=\"682\" src=\"https:\/\/infotorrent.es\/wp-content\/uploads\/2025\/04\/WhatsApp-Image-2025-04-15-at-13.55.53.jpeg\" alt=\"\" class=\"wp-image-80352\" srcset=\"https:\/\/infotorrent.es\/wp-content\/uploads\/2025\/04\/WhatsApp-Image-2025-04-15-at-13.55.53.jpeg 1024w, https:\/\/infotorrent.es\/wp-content\/uploads\/2025\/04\/WhatsApp-Image-2025-04-15-at-13.55.53-300x200.jpeg 300w, https:\/\/infotorrent.es\/wp-content\/uploads\/2025\/04\/WhatsApp-Image-2025-04-15-at-13.55.53-768x512.jpeg 768w\" sizes=\"(max-width: 1024px) 100vw, 1024px\" \/><\/figure>\n","protected":false},"excerpt":{"rendered":"<p>Una mesura hist\u00f2rica, com a resposta a l&#8217;emerg\u00e8ncia, que redu\u00efx quasi a la totalitat l&#8217;impost per a les obres destinades a la construcci\u00f3, reconstrucci\u00f3, ampliaci\u00f3, reforma, rehabilitaci\u00f3 o habilitaci\u00f3 d&#8217;immobles Esta bonificaci\u00f3 tindr\u00e0 efecte retroactiu des del 29 d&#8217;octubre de 2024 L&#8217;Ajuntament de Torrent ha aprovat en sessi\u00f3 celebrada per la Junta de Govern Local, [&hellip;]<\/p>\n","protected":false},"author":15,"featured_media":80359,"comment_status":"open","ping_status":"open","sticky":false,"template":"","format":"standard","meta":{"_acf_changed":false,"footnotes":""},"categories":[1190],"tags":[],"class_list":["post-80356","post","type-post","status-publish","format-standard","has-post-thumbnail","hentry","category-ayuntamiento-de-torrent-ca"],"acf":[],"_links":{"self":[{"href":"https:\/\/infotorrent.es\/ca\/wp-json\/wp\/v2\/posts\/80356","targetHints":{"allow":["GET"]}}],"collection":[{"href":"https:\/\/infotorrent.es\/ca\/wp-json\/wp\/v2\/posts"}],"about":[{"href":"https:\/\/infotorrent.es\/ca\/wp-json\/wp\/v2\/types\/post"}],"author":[{"embeddable":true,"href":"https:\/\/infotorrent.es\/ca\/wp-json\/wp\/v2\/users\/15"}],"replies":[{"embeddable":true,"href":"https:\/\/infotorrent.es\/ca\/wp-json\/wp\/v2\/comments?post=80356"}],"version-history":[{"count":1,"href":"https:\/\/infotorrent.es\/ca\/wp-json\/wp\/v2\/posts\/80356\/revisions"}],"predecessor-version":[{"id":80358,"href":"https:\/\/infotorrent.es\/ca\/wp-json\/wp\/v2\/posts\/80356\/revisions\/80358"}],"wp:featuredmedia":[{"embeddable":true,"href":"https:\/\/infotorrent.es\/ca\/wp-json\/wp\/v2\/media\/80359"}],"wp:attachment":[{"href":"https:\/\/infotorrent.es\/ca\/wp-json\/wp\/v2\/media?parent=80356"}],"wp:term":[{"taxonomy":"category","embeddable":true,"href":"https:\/\/infotorrent.es\/ca\/wp-json\/wp\/v2\/categories?post=80356"},{"taxonomy":"post_tag","embeddable":true,"href":"https:\/\/infotorrent.es\/ca\/wp-json\/wp\/v2\/tags?post=80356"}],"curies":[{"name":"wp","href":"https:\/\/api.w.org\/{rel}","templated":true}]}}