{"id":80346,"date":"2025-04-15T10:10:45","date_gmt":"2025-04-15T08:10:45","guid":{"rendered":"https:\/\/infotorrent.es\/?p=80346"},"modified":"2025-04-15T10:10:48","modified_gmt":"2025-04-15T08:10:48","slug":"lajuntament-celebra-els-70-anys-del-mercat-sant-gregori-amb-una-reforma-que-el-convertira-en-un-centre-cultural-i-gastronomic-de-referencia","status":"publish","type":"post","link":"https:\/\/infotorrent.es\/ca\/ayuntamiento-de-torrent-ca\/lajuntament-celebra-els-70-anys-del-mercat-sant-gregori-amb-una-reforma-que-el-convertira-en-un-centre-cultural-i-gastronomic-de-referencia\/","title":{"rendered":"L&#8217;Ajuntament celebra els 70 anys del Mercat Sant Gregori amb una reforma que el convertir\u00e0 en un centre cultural i gastron\u00f2mic de refer\u00e8ncia"},"content":{"rendered":"\n<p><strong>La Junta de Govern Local aprova l&#8217;adjudicaci\u00f3 de les obres, que completaran la reforma integral de l&#8217;edifici<\/strong><\/p>\n\n\n\n<p>El Mercat Sant Gregori de Torrent encara una nova etapa en la seua modernitzaci\u00f3 l&#8217;any en el qual se celebra els 70 anys des de la seua construcci\u00f3. La Junta de Govern Local de l&#8217;Ajuntament ha aprovat l&#8217;adjudicaci\u00f3 de les obres de millora que s&#8217;executaran a l&#8217;interior de la zona comercial del mercat, amb una intervenci\u00f3 que t\u00e9 com a objectiu transformar este espai emblem\u00e0tic del barri de l&#8217;Eixample en un lloc m\u00e9s atractiu, funcional i adaptat a les necessitats actuals de comerciants i usuaris.<\/p>\n\n\n\n<p>Estes obres, que donaran principi en les pr\u00f2ximes setmanes, duraran tres mesos i afecten exclusivament l&#8217;\u00e0rea de venda de l&#8217;edifici \u2014uns 330 metres quadrats\u2014 on se situen les parades comercials tradicionals, que no es voran alterades. Es tracta d&#8217;una actuaci\u00f3 molt esperada, tant pels comerciants com pels ve\u00efns del barri, ja que suposar\u00e0 la modernitzaci\u00f3 d&#8217;este espai sense alterar l&#8217;estructura de l&#8217;edifici original. A m\u00e9s, est\u00e0 prevista que la reforma no afecte l&#8217;horari d&#8217;obertura i podran mantindre&#8217;s els llocs oberts.<\/p>\n\n\n\n<p><strong>Actuacions previstes<\/strong><\/p>\n\n\n\n<p>El projecte de reforma inclou les seg\u00fcents actuacions:<\/p>\n\n\n\n<p>\u2022&nbsp;&nbsp;&nbsp;&nbsp;&nbsp;&nbsp;&nbsp;&nbsp;&nbsp;&nbsp;<strong>Renovaci\u00f3 completa del paviment de la zona comercial<\/strong>, substituint-lo per un nou m\u00e9s resistent i antilliscant, apte per al tr\u00e0nsit de clients i carretons de mercaderies.<\/p>\n\n\n\n<p>\u2022&nbsp;&nbsp;&nbsp;&nbsp;&nbsp;&nbsp;&nbsp;&nbsp;&nbsp;&nbsp;<strong>Instal\u00b7laci\u00f3 de falsos sostres<\/strong>&nbsp;millorant el confort i l&#8217;efici\u00e8ncia energ\u00e8tica del mercat.<\/p>\n\n\n\n<p>\u2022&nbsp;&nbsp;&nbsp;&nbsp;&nbsp;&nbsp;&nbsp;&nbsp;&nbsp;&nbsp;<strong>Reposici\u00f3 dels tancaments met\u00e0l\u00b7lics<\/strong>, que inclou portes, finestres i tancaments interiors deteriorats, per a oferir una imatge renovada i moderna.<\/p>\n\n\n\n<p>\u2022&nbsp;&nbsp;&nbsp;&nbsp;&nbsp;&nbsp;&nbsp;&nbsp;&nbsp;&nbsp;<strong>Reparaci\u00f3 de canalons i baixants<\/strong>, eliminant filtracions i problemes d&#8217;humitats que afecten la zona de venda.<\/p>\n\n\n\n<p>\u2022&nbsp;&nbsp;&nbsp;&nbsp;&nbsp;&nbsp;&nbsp;&nbsp;&nbsp;&nbsp;<strong>Pintura i tractament de paraments interiors<\/strong>, tant en parets com en columnes i altres elements estructurals.<\/p>\n\n\n\n<p>\u2022&nbsp;&nbsp;&nbsp;&nbsp;&nbsp;&nbsp;&nbsp;&nbsp;&nbsp;&nbsp;<strong>Condicionament de l&#8217;acc\u00e9s pel carrer Pintor Renau<\/strong>, amb la instal\u00b7laci\u00f3 d&#8217;un nou tancament met\u00e0l\u00b7lic i l&#8217;adaptaci\u00f3 del paviment exterior.<\/p>\n\n\n\n<p>\u2022&nbsp;&nbsp;&nbsp;&nbsp;&nbsp;&nbsp;&nbsp;&nbsp;&nbsp;&nbsp;<strong>Renovaci\u00f3 de les instal\u00b7lacions el\u00e8ctriques<\/strong>&nbsp;<strong>i d&#8217;il\u00b7luminaci\u00f3<\/strong>, amb tecnologia LED de baix consum, millorant la visibilitat de l&#8217;espai i reduint costos energ\u00e8tics.<\/p>\n\n\n\n<p>\u2022&nbsp;&nbsp;&nbsp;&nbsp;&nbsp;&nbsp;&nbsp;&nbsp;&nbsp;&nbsp;<strong>Creaci\u00f3 d&#8217;un Coffee Corner<\/strong>, una zona de degustaci\u00f3 de productes t\u00edpics del mercat, al costat de l&#8217;espai cultural.<\/p>\n\n\n\n<p><strong>Un mercat que es transforma<\/strong><\/p>\n\n\n\n<p>L&#8217;edifici, constru\u00eft en 1955 i amb una superf\u00edcie de parcel\u00b7la de 1.644 m\u00b2, ja va ser objecte d&#8217;una primera fase de rehabilitaci\u00f3, centrada en la zona d&#8217;aules de formaci\u00f3 i la sala multiusos \u2014hui coneguda com Espai Sant Gregori\u2014, inaugurada al desembre de 2023. Amb esta segona fase de reforma es completar\u00e0 la renovaci\u00f3 de l&#8217;edifici en el seu conjunt, donant resposta a una demanda hist\u00f2rica de comerciants i ve\u00efns.<\/p>\n\n\n\n<p><strong>Espai Sant Gregori: cultura, ball i vida en el barri<\/strong><\/p>\n\n\n\n<p>L&#8217;alcaldessa de Torrent,&nbsp;<strong>Amparo Folgado<\/strong>, ha celebrat l&#8217;avan\u00e7 del projecte, assegurant que \u201cestes noves inversions s\u00f3n una mostra del comprom\u00eds de l&#8217;equip de govern amb el comer\u00e7 de proximitat i amb la dinamitzaci\u00f3 dels nostres barris\u201d.<\/p>\n\n\n\n<p>Aix\u00ed mateix, ha destacat l&#8217;evoluci\u00f3 positiva de l\u2019Espai Sant Gregori, que ja ha acollit nombroses exposicions en els \u00faltims mesos. \u201cDes de la seua inauguraci\u00f3 al desembre de 2023, este espai s&#8217;ha convertit en un referent cultural en l&#8217;Eixample i est\u00e0 fent que nombrosos visitants coneguen este mercat tradicional i coneguen els seus llocs\u201d, ha afegit.<\/p>\n\n\n\n<p>Este espai tamb\u00e9 s&#8217;ha convertit en una&nbsp;<strong>sala de ball per a les persones majors<\/strong>, ja que els divendres a la vesprada, de 17.00 a 20.00 hores, oferix una alternativa d&#8217;oci saludable i enriquidora per als majors del barri, mentres que tamb\u00e9 es poden realitzar compres.<\/p>\n\n\n\n<p><strong>Comprom\u00eds amb el comer\u00e7 local<\/strong><\/p>\n\n\n\n<p>La regidora de Comer\u00e7 i Mercats, Sandra Fas, ha assenyalat que les obres responen a les demandes dels venedors del mercat \u201cEliminarem humitats, millorar les condicions de treball, renovar la imatge interior del mercat i dotar-lo de nous servicis que el facen m\u00e9s competitiu enfront d&#8217;altres formes de consum\u201d.<\/p>\n\n\n\n<p>Fas ha afegit que \u201cel Coffee Corner ser\u00e0 un punt clau per a atraure nous p\u00fablics, combinar cultura i gastronomia, i donar a con\u00e9ixer la qualitat del producte local\u201d.<\/p>\n\n\n\n<p><strong>Una inversi\u00f3 per a dinamitzar l&#8217;Eixample<\/strong><\/p>\n\n\n\n<p>L&#8217;actual equip de govern, liderat per Amparo Folgado, mant\u00e9 una ferma aposta per revitalitzar el barri de l&#8217;Eixample, amb el Mercat Sant Gregori com a motor d&#8217;activitat comercial, cultural i social. Les obres \u2014que compten amb un termini estimat d&#8217;execuci\u00f3 de tres mesos\u2014 contribuiran a consolidar este espai com un dels cors vius de la ciutat.<\/p>\n\n\n\n<figure class=\"wp-block-gallery has-nested-images columns-default is-cropped wp-block-gallery-1 is-layout-flex wp-block-gallery-is-layout-flex\">\n<figure class=\"wp-block-image size-large\"><img fetchpriority=\"high\" decoding=\"async\" width=\"1024\" height=\"768\" data-id=\"80345\" src=\"https:\/\/infotorrent.es\/wp-content\/uploads\/2025\/04\/241118-AYTO_Mercat-San-Gregori_FOTO-EXTERIOR-1024x768.jpg\" alt=\"\" class=\"wp-image-80345\" srcset=\"https:\/\/infotorrent.es\/wp-content\/uploads\/2025\/04\/241118-AYTO_Mercat-San-Gregori_FOTO-EXTERIOR-1024x768.jpg 1024w, https:\/\/infotorrent.es\/wp-content\/uploads\/2025\/04\/241118-AYTO_Mercat-San-Gregori_FOTO-EXTERIOR-300x225.jpg 300w, https:\/\/infotorrent.es\/wp-content\/uploads\/2025\/04\/241118-AYTO_Mercat-San-Gregori_FOTO-EXTERIOR-768x576.jpg 768w, https:\/\/infotorrent.es\/wp-content\/uploads\/2025\/04\/241118-AYTO_Mercat-San-Gregori_FOTO-EXTERIOR-1536x1152.jpg 1536w, https:\/\/infotorrent.es\/wp-content\/uploads\/2025\/04\/241118-AYTO_Mercat-San-Gregori_FOTO-EXTERIOR-2048x1536.jpg 2048w\" sizes=\"(max-width: 1024px) 100vw, 1024px\" \/><\/figure>\n\n\n\n<figure class=\"wp-block-image size-large\"><img decoding=\"async\" width=\"1024\" height=\"576\" data-id=\"80343\" src=\"https:\/\/infotorrent.es\/wp-content\/uploads\/2025\/04\/241010-AYTO_Mercat-San-Gregori_zona-descans_01-1024x576.jpg\" alt=\"\" class=\"wp-image-80343\" srcset=\"https:\/\/infotorrent.es\/wp-content\/uploads\/2025\/04\/241010-AYTO_Mercat-San-Gregori_zona-descans_01-1024x576.jpg 1024w, https:\/\/infotorrent.es\/wp-content\/uploads\/2025\/04\/241010-AYTO_Mercat-San-Gregori_zona-descans_01-300x169.jpg 300w, https:\/\/infotorrent.es\/wp-content\/uploads\/2025\/04\/241010-AYTO_Mercat-San-Gregori_zona-descans_01-768x432.jpg 768w, https:\/\/infotorrent.es\/wp-content\/uploads\/2025\/04\/241010-AYTO_Mercat-San-Gregori_zona-descans_01-1536x864.jpg 1536w, https:\/\/infotorrent.es\/wp-content\/uploads\/2025\/04\/241010-AYTO_Mercat-San-Gregori_zona-descans_01-2048x1152.jpg 2048w\" sizes=\"(max-width: 1024px) 100vw, 1024px\" \/><\/figure>\n<\/figure>\n","protected":false},"excerpt":{"rendered":"<p>La Junta de Govern Local aprova l&#8217;adjudicaci\u00f3 de les obres, que completaran la reforma integral de l&#8217;edifici El Mercat Sant Gregori de Torrent encara una nova etapa en la seua modernitzaci\u00f3 l&#8217;any en el qual se celebra els 70 anys des de la seua construcci\u00f3. La Junta de Govern Local de l&#8217;Ajuntament ha aprovat l&#8217;adjudicaci\u00f3 [&hellip;]<\/p>\n","protected":false},"author":15,"featured_media":80343,"comment_status":"open","ping_status":"open","sticky":false,"template":"","format":"standard","meta":{"_acf_changed":false,"footnotes":""},"categories":[1190,1205],"tags":[],"class_list":["post-80346","post","type-post","status-publish","format-standard","has-post-thumbnail","hentry","category-ayuntamiento-de-torrent-ca","category-comercio-mercados-y-empleo-ca"],"acf":[],"_links":{"self":[{"href":"https:\/\/infotorrent.es\/ca\/wp-json\/wp\/v2\/posts\/80346","targetHints":{"allow":["GET"]}}],"collection":[{"href":"https:\/\/infotorrent.es\/ca\/wp-json\/wp\/v2\/posts"}],"about":[{"href":"https:\/\/infotorrent.es\/ca\/wp-json\/wp\/v2\/types\/post"}],"author":[{"embeddable":true,"href":"https:\/\/infotorrent.es\/ca\/wp-json\/wp\/v2\/users\/15"}],"replies":[{"embeddable":true,"href":"https:\/\/infotorrent.es\/ca\/wp-json\/wp\/v2\/comments?post=80346"}],"version-history":[{"count":1,"href":"https:\/\/infotorrent.es\/ca\/wp-json\/wp\/v2\/posts\/80346\/revisions"}],"predecessor-version":[{"id":80349,"href":"https:\/\/infotorrent.es\/ca\/wp-json\/wp\/v2\/posts\/80346\/revisions\/80349"}],"wp:featuredmedia":[{"embeddable":true,"href":"https:\/\/infotorrent.es\/ca\/wp-json\/wp\/v2\/media\/80343"}],"wp:attachment":[{"href":"https:\/\/infotorrent.es\/ca\/wp-json\/wp\/v2\/media?parent=80346"}],"wp:term":[{"taxonomy":"category","embeddable":true,"href":"https:\/\/infotorrent.es\/ca\/wp-json\/wp\/v2\/categories?post=80346"},{"taxonomy":"post_tag","embeddable":true,"href":"https:\/\/infotorrent.es\/ca\/wp-json\/wp\/v2\/tags?post=80346"}],"curies":[{"name":"wp","href":"https:\/\/api.w.org\/{rel}","templated":true}]}}