{"id":80038,"date":"2025-04-08T10:26:40","date_gmt":"2025-04-08T08:26:40","guid":{"rendered":"https:\/\/infotorrent.es\/?p=80038"},"modified":"2025-04-08T10:26:42","modified_gmt":"2025-04-08T08:26:42","slug":"la-unio-musical-de-torrent-celebra-el-30-aniversari-de-la-seua-coral-polifonica-amb-dos-grans-concerts-en-la-catedral-i-a-torrent","status":"publish","type":"post","link":"https:\/\/infotorrent.es\/ca\/cultura-es-2\/la-unio-musical-de-torrent-celebra-el-30-aniversari-de-la-seua-coral-polifonica-amb-dos-grans-concerts-en-la-catedral-i-a-torrent\/","title":{"rendered":"La Uni\u00f3 Musical de Torrent celebra el 30 aniversari de la seua Coral Polif\u00f2nica amb dos grans concerts en la Catedral i a Torrent"},"content":{"rendered":"\n<p><strong>30 anys d&#8217;hist\u00f2ria coral celebrats amb un dels grans monuments de la m\u00fasica sacra que tindr\u00e0 lloc el dijous 10 i divendres 11 d&#8217;abril<\/strong><\/p>\n\n\n\n<p>Esta setmana, la Uni\u00f3 Musical de Torrent commemora el 30\u00e9 aniversari de la seua Coral Polif\u00f2nica amb dos concerts extraordinaris que prometen ser tot un esdeveniment musical per a la instituci\u00f3. En col\u00b7laboraci\u00f3 amb la seua Orquestra Simf\u00f2nica i la prestigiosa Coral Proyecto24 de Madrid, la formaci\u00f3 torrentina interpretar\u00e0 el majestu\u00f3s R\u00e8quiem de Wolfgang Amadeus Mozart en dos escenaris \u00fanics, la Catedral de Val\u00e8ncia i la Parr\u00f2quia de l&#8217;Assumpci\u00f3 de La nostra Senyora de Torrent.<\/p>\n\n\n\n<p>El primer d&#8217;estos concerts tindr\u00e0 lloc el&nbsp;<strong>dijous 10 d&#8217;abril, a les 19.30 hores<\/strong>, en la imponent&nbsp;<strong>Catedral de Val\u00e8ncia<\/strong>, amb entrada lliure fins a completar l&#8217;aforament. Un dia despr\u00e9s, el&nbsp;<strong>divendres 11 d&#8217;abril<\/strong>, el repertori es repetir\u00e0 en el marc del&nbsp;<strong>X Concert de M\u00fasica Sacra Ciutat de Torrent<\/strong>, a les&nbsp;<strong>22.00 hores<\/strong>, en la&nbsp;<strong>Parr\u00f2quia de l&#8217;Assumpci\u00f3 de Ntra. Sra.<\/strong>&nbsp;el temple m\u00e9s antic de la ciutat.<\/p>\n\n\n\n<p><strong>Un avan\u00e7ament especial en el Preg\u00f3 de Setmana Santa<\/strong><\/p>\n\n\n\n<p>Com a acompte d&#8217;estos grans concerts, la Uni\u00f3 Musical de Torrent va oferir un emotiu avan\u00e7 del R\u00e8quiem este diumenge 6 d&#8217;abril, durant el solemne&nbsp;<strong>Preg\u00f3 de Setmana Santa<\/strong>, celebrat en la&nbsp;<strong>Parr\u00f2quia de La nostra Senyora de Monte-Si\u00f3n<\/strong>. La Coral Polif\u00f2nica, acompanyada per una selecci\u00f3 instrumental de l&#8217;orquestra, va emocionar al p\u00fablic amb una mostra del poder expressiu de l&#8217;obra de Mozart, deixant entreveure la qualitat musical que podr\u00e0 disfrutar-se en les pr\u00f2ximes cites.<\/p>\n\n\n\n<p><strong>Un projecte coral i simf\u00f2nic d&#8217;alt nivell<\/strong><\/p>\n\n\n\n<p>La interpretaci\u00f3 del R\u00e8quiem comptar\u00e0 amb la participaci\u00f3 de m\u00e9s d&#8217;un centenar de m\u00fasics i coralistes, sota la direcci\u00f3 de tres figures destacades del panorama musical,&nbsp;<strong>Marta M\u00e1rmol Garc\u00eda<\/strong>, actual directora de la&nbsp;<strong>Coral Polif\u00f2nica de la UMT<\/strong>;&nbsp;<strong>Rafael Ort\u00ed<\/strong>, al capdavant de&nbsp;<strong>l&#8217;Orquestra Simf\u00f2nica de la UMT<\/strong>; i&nbsp;<strong>H\u00e9ctor Perpi\u00f1\u00e1<\/strong>, director de la&nbsp;<strong>Coral Proyecto24<\/strong>, procedent de Madrid i originari de Montserrat.<\/p>\n\n\n\n<p>Este ambici\u00f3s projecte \u00e9s fruit de mesos de treball conjunt entre les tres formacions, i representa una fita en la programaci\u00f3 cultural de la ciutat. A m\u00e9s, compta amb el suport d&#8217;institucions com&nbsp;<strong>Caixa Rural Torrent, Caixa Popular, l&#8217;Ajuntament de Torrent, la Catedral de Val\u00e8ncia i DEKA<\/strong>, que han fet possible la realitzaci\u00f3 d&#8217;estos concerts commemoratius.<\/p>\n\n\n\n<p><strong>30 anys d&#8217;hist\u00f2ria coral<\/strong><\/p>\n\n\n\n<p>La&nbsp;<strong>Coral Polif\u00f2nica de la Uni\u00f3 Musical de Torrent<\/strong>&nbsp;va ser fundada a l&#8217;octubre de 1995 pel mestre&nbsp;<strong>David Asin Vergara<\/strong>, qui la va dirigir durant quasi dos d\u00e8cades. Des de llavors, l&#8217;agrupaci\u00f3 ha mantingut una intensa activitat art\u00edstica, interpretant obres de repertori cl\u00e0ssic i popular, sarsuela, m\u00fasica coral sacra i grans peces simf\u00f2nic-corals, tant en solitari com acompanyada per altres agrupacions.<\/p>\n\n\n\n<p>Durant estos trenta anys, la coral ha participat en cert\u00e0mens com el d&#8217;Havaneres de Totana, el Nacional de Polifonia de Motril o el Coral Terra de Fangs, i ha realitzat gires per diverses ciutats com S\u00f2ria, C\u00f2rdova o Saragossa. Tamb\u00e9 ha sigut protagonista en importants escenaris com el&nbsp;<strong>Palau de la M\u00fasica de Val\u00e8ncia<\/strong>, on va interpretar el Carmina Burana de Carl Orff o les Danses Guerreres del Pr\u00edncep Igor.<\/p>\n\n\n\n<p>Un dels seus projectes m\u00e9s destacats va ser l&#8217;estrena en 2017 de la Missa en acci\u00f3 de gr\u00e0cies a la Mare de D\u00e9u de Lourdes, del compositor&nbsp;<strong>Sergio Querol Tormo<\/strong>, obra creada amb motiu del 90 aniversari de la Hospitalitat Valenciana de Ntra. Sra. de Lourdes. Des de 2020, despr\u00e9s de l&#8217;aturada per la pand\u00e8mia, la coral ha repr\u00e9s la seua activitat amb for\u00e7a, collint \u00e8xits de p\u00fablic i cr\u00edtica.<\/p>\n\n\n\n<p>Entre els seus esdeveniments m\u00e9s recents es troben l&#8217;Antologia de la Zarzuela de juliol de 2022, el Concert de Nadal de 2023 amb el programa iberoameric\u00e0 Nadal Nostre i l&#8217;IX Concert de M\u00fasica Sacra de mar\u00e7 de 2024, en el qual es va interpretar el Credo d&#8217;Antonio Vivaldi al costat de la Jove Orquestra de la UMT.<\/p>\n\n\n\n<p><strong>Una coral amb identitat pr\u00f2pia<\/strong><\/p>\n\n\n\n<p>La Coral Polif\u00f2nica mant\u00e9 una programaci\u00f3 estable al llarg de l&#8217;any, amb actuacions fixes com el Concert Retrobem (Excel\u00b7lent) al setembre, el Concert de Santa Cecilia al novembre, el tradicional Concert de Nadal al desembre i el Concert de M\u00fasica Sacra abans de Setmana Santa, que enguany aconseguix la seua desena edici\u00f3. Tamb\u00e9 organitza anualment el Festival Coral, que en 2024 arriba a la seua XXIV edici\u00f3, amb la participaci\u00f3 de cors de tota Espanya.<\/p>\n\n\n\n<p>En les seues tres d\u00e8cades de traject\u00f2ria, la coral ha estat dirigida per diversos mestres de reconegut prestigi:&nbsp;<strong>David Asin Vergara, Jordi Blanch Tordera, Alexia V\u00e1zquez de Prada, Guillem Ferrando Sim\u00f3n, Julen Fern\u00e1ndez Pla, i actualment, Marta M\u00e1rmol Garc\u00eda.<\/strong><\/p>\n\n\n\n<p>Durant els concerts d&#8217;esta setmana, seran presents el president de l&#8217;entitat,&nbsp;<strong>Pepe Plaza<\/strong>, i la&nbsp;<strong>Musa de la M\u00fasica, Luc\u00eda Mora Molina<\/strong>, com a representaci\u00f3 simb\u00f2lica de la vida cultural de Torrent i de la Uni\u00f3 Musical de Torrent.<\/p>\n\n\n\n<p><strong>Una oportunitat irrepetible<\/strong><\/p>\n\n\n\n<p>Amb estos concerts, la Uni\u00f3 Musical de Torrent no sols ret homenatge a la seua coral per tres d\u00e8cades de lliurament, sin\u00f3 que brinda al p\u00fablic valenci\u00e0 i torrent\u00ed, l&#8217;oportunitat de disfrutar d&#8217;una de les grans obres mestres de la m\u00fasica sacra universal en dos espais de gran rellev\u00e0ncia espiritual i art\u00edstica.<\/p>\n\n\n\n<p>La cita est\u00e0 servida: el R\u00e8quiem de Mozart sonar\u00e0 amb tota la seua for\u00e7a i bellesa este 10 i 11 d&#8217;abril, en un doble concert que ja es perfila com un dels moments musicals m\u00e9s memorables de l&#8217;any.<\/p>\n\n\n\n<figure class=\"wp-block-gallery has-nested-images columns-default is-cropped wp-block-gallery-1 is-layout-flex wp-block-gallery-is-layout-flex\">\n<figure class=\"wp-block-image size-large\"><img fetchpriority=\"high\" decoding=\"async\" width=\"1024\" height=\"684\" data-id=\"80035\" src=\"https:\/\/infotorrent.es\/wp-content\/uploads\/2025\/04\/coral-umt-4-1024x684.jpg\" alt=\"\" class=\"wp-image-80035\" srcset=\"https:\/\/infotorrent.es\/wp-content\/uploads\/2025\/04\/coral-umt-4-1024x684.jpg 1024w, https:\/\/infotorrent.es\/wp-content\/uploads\/2025\/04\/coral-umt-4-300x200.jpg 300w, https:\/\/infotorrent.es\/wp-content\/uploads\/2025\/04\/coral-umt-4-768x513.jpg 768w, https:\/\/infotorrent.es\/wp-content\/uploads\/2025\/04\/coral-umt-4-1536x1025.jpg 1536w, https:\/\/infotorrent.es\/wp-content\/uploads\/2025\/04\/coral-umt-4.jpg 2048w\" sizes=\"(max-width: 1024px) 100vw, 1024px\" \/><\/figure>\n\n\n\n<figure class=\"wp-block-image size-large\"><img decoding=\"async\" width=\"1024\" height=\"684\" data-id=\"80033\" src=\"https:\/\/infotorrent.es\/wp-content\/uploads\/2025\/04\/coral-umt-3-1024x684.jpg\" alt=\"\" class=\"wp-image-80033\" srcset=\"https:\/\/infotorrent.es\/wp-content\/uploads\/2025\/04\/coral-umt-3-1024x684.jpg 1024w, https:\/\/infotorrent.es\/wp-content\/uploads\/2025\/04\/coral-umt-3-300x200.jpg 300w, https:\/\/infotorrent.es\/wp-content\/uploads\/2025\/04\/coral-umt-3-768x513.jpg 768w, https:\/\/infotorrent.es\/wp-content\/uploads\/2025\/04\/coral-umt-3-1536x1025.jpg 1536w, https:\/\/infotorrent.es\/wp-content\/uploads\/2025\/04\/coral-umt-3.jpg 2048w\" sizes=\"(max-width: 1024px) 100vw, 1024px\" \/><\/figure>\n\n\n\n<figure class=\"wp-block-image size-large\"><img decoding=\"async\" width=\"1024\" height=\"684\" data-id=\"80031\" src=\"https:\/\/infotorrent.es\/wp-content\/uploads\/2025\/04\/coral-umt-1-1024x684.jpg\" alt=\"\" class=\"wp-image-80031\" srcset=\"https:\/\/infotorrent.es\/wp-content\/uploads\/2025\/04\/coral-umt-1-1024x684.jpg 1024w, https:\/\/infotorrent.es\/wp-content\/uploads\/2025\/04\/coral-umt-1-300x200.jpg 300w, https:\/\/infotorrent.es\/wp-content\/uploads\/2025\/04\/coral-umt-1-768x513.jpg 768w, https:\/\/infotorrent.es\/wp-content\/uploads\/2025\/04\/coral-umt-1-1536x1025.jpg 1536w, https:\/\/infotorrent.es\/wp-content\/uploads\/2025\/04\/coral-umt-1.jpg 2048w\" sizes=\"(max-width: 1024px) 100vw, 1024px\" \/><\/figure>\n\n\n\n<figure class=\"wp-block-image size-large\"><img loading=\"lazy\" decoding=\"async\" width=\"1024\" height=\"684\" data-id=\"80029\" src=\"https:\/\/infotorrent.es\/wp-content\/uploads\/2025\/04\/coral-umt-5-1024x684.jpg\" alt=\"\" class=\"wp-image-80029\" srcset=\"https:\/\/infotorrent.es\/wp-content\/uploads\/2025\/04\/coral-umt-5-1024x684.jpg 1024w, https:\/\/infotorrent.es\/wp-content\/uploads\/2025\/04\/coral-umt-5-300x200.jpg 300w, https:\/\/infotorrent.es\/wp-content\/uploads\/2025\/04\/coral-umt-5-768x513.jpg 768w, https:\/\/infotorrent.es\/wp-content\/uploads\/2025\/04\/coral-umt-5-1536x1025.jpg 1536w, https:\/\/infotorrent.es\/wp-content\/uploads\/2025\/04\/coral-umt-5.jpg 2048w\" sizes=\"(max-width: 1024px) 100vw, 1024px\" \/><\/figure>\n\n\n\n<figure class=\"wp-block-image size-large\"><img loading=\"lazy\" decoding=\"async\" width=\"1024\" height=\"684\" data-id=\"80027\" src=\"https:\/\/infotorrent.es\/wp-content\/uploads\/2025\/04\/coral-umt-6-1024x684.jpg\" alt=\"\" class=\"wp-image-80027\" srcset=\"https:\/\/infotorrent.es\/wp-content\/uploads\/2025\/04\/coral-umt-6-1024x684.jpg 1024w, https:\/\/infotorrent.es\/wp-content\/uploads\/2025\/04\/coral-umt-6-300x200.jpg 300w, https:\/\/infotorrent.es\/wp-content\/uploads\/2025\/04\/coral-umt-6-768x513.jpg 768w, https:\/\/infotorrent.es\/wp-content\/uploads\/2025\/04\/coral-umt-6-1536x1025.jpg 1536w, https:\/\/infotorrent.es\/wp-content\/uploads\/2025\/04\/coral-umt-6.jpg 2048w\" sizes=\"(max-width: 1024px) 100vw, 1024px\" \/><\/figure>\n<\/figure>\n","protected":false},"excerpt":{"rendered":"<p>30 anys d&#8217;hist\u00f2ria coral celebrats amb un dels grans monuments de la m\u00fasica sacra que tindr\u00e0 lloc el dijous 10 i divendres 11 d&#8217;abril Esta setmana, la Uni\u00f3 Musical de Torrent commemora el 30\u00e9 aniversari de la seua Coral Polif\u00f2nica amb dos concerts extraordinaris que prometen ser tot un esdeveniment musical per a la instituci\u00f3. [&hellip;]<\/p>\n","protected":false},"author":15,"featured_media":80031,"comment_status":"open","ping_status":"open","sticky":false,"template":"","format":"standard","meta":{"_acf_changed":false,"footnotes":""},"categories":[126],"tags":[],"class_list":["post-80038","post","type-post","status-publish","format-standard","has-post-thumbnail","hentry","category-cultura-es-2"],"acf":[],"_links":{"self":[{"href":"https:\/\/infotorrent.es\/ca\/wp-json\/wp\/v2\/posts\/80038","targetHints":{"allow":["GET"]}}],"collection":[{"href":"https:\/\/infotorrent.es\/ca\/wp-json\/wp\/v2\/posts"}],"about":[{"href":"https:\/\/infotorrent.es\/ca\/wp-json\/wp\/v2\/types\/post"}],"author":[{"embeddable":true,"href":"https:\/\/infotorrent.es\/ca\/wp-json\/wp\/v2\/users\/15"}],"replies":[{"embeddable":true,"href":"https:\/\/infotorrent.es\/ca\/wp-json\/wp\/v2\/comments?post=80038"}],"version-history":[{"count":1,"href":"https:\/\/infotorrent.es\/ca\/wp-json\/wp\/v2\/posts\/80038\/revisions"}],"predecessor-version":[{"id":80040,"href":"https:\/\/infotorrent.es\/ca\/wp-json\/wp\/v2\/posts\/80038\/revisions\/80040"}],"wp:featuredmedia":[{"embeddable":true,"href":"https:\/\/infotorrent.es\/ca\/wp-json\/wp\/v2\/media\/80031"}],"wp:attachment":[{"href":"https:\/\/infotorrent.es\/ca\/wp-json\/wp\/v2\/media?parent=80038"}],"wp:term":[{"taxonomy":"category","embeddable":true,"href":"https:\/\/infotorrent.es\/ca\/wp-json\/wp\/v2\/categories?post=80038"},{"taxonomy":"post_tag","embeddable":true,"href":"https:\/\/infotorrent.es\/ca\/wp-json\/wp\/v2\/tags?post=80038"}],"curies":[{"name":"wp","href":"https:\/\/api.w.org\/{rel}","templated":true}]}}