{"id":79899,"date":"2025-04-03T11:47:33","date_gmt":"2025-04-03T09:47:33","guid":{"rendered":"https:\/\/infotorrent.es\/?p=79899"},"modified":"2025-04-03T11:54:54","modified_gmt":"2025-04-03T09:54:54","slug":"agenda-de-la-ciutat-3-al-6-dabril","status":"publish","type":"post","link":"https:\/\/infotorrent.es\/ca\/agenda-2-ca\/agenda-de-la-ciutat-3-al-6-dabril\/","title":{"rendered":"Agenda de la Ciutat (3 al 6 d&#8217;abril)"},"content":{"rendered":"\n<p>\ud83d\udcc5 <strong>Torrent s&#8217;ompli d&#8217;activitat este cap de setmana amb esdeveniments per a tots<\/strong><\/p>\n\n\n\n<p>\ud83d\udccd La ciutat es prepara per a un cap de setmana carregat d&#8217;esdeveniments previs a la Setmana Santa, amb una agenda repleta d&#8217;activitats per a totes les edats. Destaquen l&#8217;Exposici\u00f3 Nacional i Internacional Canina, l&#8217;II Concurs de Gossos de Torrent, el Preg\u00f3 de Setmana Santa i la Carrera Escolar de Caixa Rural. No et perdes res! <\/p>\n\n\n\n<p><strong>\ud83d\udd39 Dijous, 3 d&#8217;abril de 2025 <\/strong><\/p>\n\n\n\n<p><em>\u2022 <\/em>\ud83c\udfc3\ud83d\udc68\ud83d\udc69\ud83d\udc67\ud83d\udc66 <strong>10:00h. <\/strong>2a Marxa Familiar en el CEIP Verge del Rosari.<br>\u2022 \ud83d\udc83\ud83d\udd7a <strong>17:00h.<\/strong> Ball dels majors en el Centre Municipal de Majors (C\/Bellido). <\/p>\n\n\n\n<p>\u2022 \ud83d\udcf1 <strong>17:00h.<\/strong> Taller M\u00f2bil F\u00e0cil sobre WhatsApp (nivell avan\u00e7at) en el Centre de Majors Verge de l&#8217;Olivar.<\/p>\n\n\n\n<p>\ud83d\udd39 <strong>Divendres, 4 d&#8217;abril de 2025<\/strong><br>\u2022 \ud83d\udc83 <strong>17:00h. <\/strong>Ball dels majors en l\u2019Espai Sant Gregori.<br>\u2022 \ud83d\udcd6 <strong>18:30h.<\/strong> Presentaci\u00f3 del poemari de Carla P\u00e9rez Fr\u00edas a la Biblioteca Edifici Metro (col\u00b7labora la Casa de la Dona).<br>\u2022 \ud83c\udfad <strong>20:00h.<\/strong> Obra teatral Valparaiso en l\u2019Auditori de Torrent. \ud83c\udf9f\ufe0f <a href=\"https:\/\/www.auditoritorrent.com\/\" target=\"_blank\" rel=\"noopener\">Entrades ac\u00ed<\/a>. <\/p>\n\n\n\n<p>\ud83d\udd39 <strong>Dissabte, 5 d&#8217;abril de 2025<\/strong> <\/p>\n\n\n\n<p>\u2022 \ud83d\udc36 <strong>8:30h. <\/strong>Obertura de<strong> l&#8217;Exposici\u00f3 Nacional i Internacional Canina <\/strong>en l&#8217;\u00c0gora de Parc Central. <\/p>\n\n\n\n<p>\u2022 \ud83d\udc83 <strong>17:00h.<\/strong> Ball dels majors en el Centre Comercial Les Am\u00e8riques.<br>\u2022 \u271d\ufe0f <strong>17:30h.<\/strong> <strong>Process\u00f3, Missa i Trenc\u00e0 de l\u2019Hora <\/strong>amb la Germandat de les Set Paraules i Crist del Perd\u00f3 en el Mas del Jutge. <\/p>\n\n\n\n<p>\u2022 \ud83d\udc83 <strong>19:00h. <\/strong>Txalaparta amb Kukai Dantza en l\u2019Auditori de Torrent. \ud83c\udf9f\ufe0f <a href=\"http:\/\/auditoritorrent.com\" target=\"_blank\" rel=\"noopener\">Entrades ac\u00ed<\/a>.<\/p>\n\n\n\n<p><strong><br>\ud83d\udd39 Diumenge, 6 d&#8217;abril de 2025<\/strong><br>\u2022 \ud83d\udc36 <strong>8:30h.<\/strong> Continuaci\u00f3 de l&#8217;Exposici\u00f3 Nacional i Internacional Canina en l&#8217;\u00c0gora de Parc Central.<br>\u2022 \ud83c\udfc3 <strong>10:00h.<\/strong> <strong>4a Carrera Escolar de Caixa Rural Torrent<\/strong> (eixida des d&#8217;Avinguda al Vedat n\u00ba3). \ud83c\udfc5 8 carreres per categoria! Inscripcions de 8:30h a 9:30h.<br>\u2022 <strong>11:00h.<\/strong> Taller Mediambiental en l\u2019Hort de Tr\u00e9nor. Pel Dia Mundial de la Salut, amb plats d&#8217;Harvard i llibres per als m\u00e9s afortunats.<br>\u2022 \ud83d\udce2 <strong>12:00h. Preg\u00f3 de Setmana Santa 2025 en la Parr\u00f2quia de Ntra. Sra. de Monte-Si\u00f3n.<\/strong><br>\u2022 \u26bd 12:00h. 2a RFEF: <strong>Torrent CF vs. CE Andratx <\/strong>en el Camp de Futbol de Sant Gregori. \ud83c\udf9f\ufe0f Venda anticipada en oficines fins al divendres o en taquilla abans del partit. <\/p>\n\n\n\n<p>\u2022 \ud83d\udc3e <strong>13:00h.<\/strong> <strong>II Concurs local al millor gos dom\u00e8stic \u2018*Ciutat de Torrent\u2019 <\/strong>en l&#8217;\u00c0gora de Parc Central. Inscripcions en el mateix esdeveniment (9h a 12h).<br>\u2022 \ud83d\udc83 <strong>17:00h. <\/strong>Ball dels majors en el Centre Comercial Les Am\u00e8riques. <\/p>\n\n\n\n<p>\u2022 \ud83c\udfb6 <strong>18:30h.<\/strong> Concert de Solistes de la Uni\u00f3 Musical de Torrent en l\u2019Auditori de Torrent.<\/p>\n\n\n\n<p><br>\ud83d\udce2 Un cap de setmana ple de plans per a gaudir a Torrent! \ud83c\udf1f A quin esdeveniment t&#8217;apuntes? \ud83d\ude0a<\/p>\n","protected":false},"excerpt":{"rendered":"<p>\ud83d\udcc5 Torrent s&#8217;ompli d&#8217;activitat este cap de setmana amb esdeveniments per a tots \ud83d\udccd La ciutat es prepara per a un cap de setmana carregat d&#8217;esdeveniments previs a la Setmana Santa, amb una agenda repleta d&#8217;activitats per a totes les edats. Destaquen l&#8217;Exposici\u00f3 Nacional i Internacional Canina, l&#8217;II Concurs de Gossos de Torrent, el Preg\u00f3 [&hellip;]<\/p>\n","protected":false},"author":17,"featured_media":79897,"comment_status":"open","ping_status":"open","sticky":false,"template":"","format":"standard","meta":{"_acf_changed":false,"footnotes":""},"categories":[1157,125,148],"tags":[],"class_list":["post-79899","post","type-post","status-publish","format-standard","has-post-thumbnail","hentry","category-agenda-2-ca","category-agenda","category-agenda-es-3"],"acf":[],"_links":{"self":[{"href":"https:\/\/infotorrent.es\/ca\/wp-json\/wp\/v2\/posts\/79899","targetHints":{"allow":["GET"]}}],"collection":[{"href":"https:\/\/infotorrent.es\/ca\/wp-json\/wp\/v2\/posts"}],"about":[{"href":"https:\/\/infotorrent.es\/ca\/wp-json\/wp\/v2\/types\/post"}],"author":[{"embeddable":true,"href":"https:\/\/infotorrent.es\/ca\/wp-json\/wp\/v2\/users\/17"}],"replies":[{"embeddable":true,"href":"https:\/\/infotorrent.es\/ca\/wp-json\/wp\/v2\/comments?post=79899"}],"version-history":[{"count":1,"href":"https:\/\/infotorrent.es\/ca\/wp-json\/wp\/v2\/posts\/79899\/revisions"}],"predecessor-version":[{"id":79900,"href":"https:\/\/infotorrent.es\/ca\/wp-json\/wp\/v2\/posts\/79899\/revisions\/79900"}],"wp:featuredmedia":[{"embeddable":true,"href":"https:\/\/infotorrent.es\/ca\/wp-json\/wp\/v2\/media\/79897"}],"wp:attachment":[{"href":"https:\/\/infotorrent.es\/ca\/wp-json\/wp\/v2\/media?parent=79899"}],"wp:term":[{"taxonomy":"category","embeddable":true,"href":"https:\/\/infotorrent.es\/ca\/wp-json\/wp\/v2\/categories?post=79899"},{"taxonomy":"post_tag","embeddable":true,"href":"https:\/\/infotorrent.es\/ca\/wp-json\/wp\/v2\/tags?post=79899"}],"curies":[{"name":"wp","href":"https:\/\/api.w.org\/{rel}","templated":true}]}}