{"id":79664,"date":"2025-03-28T14:02:27","date_gmt":"2025-03-28T13:02:27","guid":{"rendered":"https:\/\/infotorrent.es\/uncategorized\/torrent-es-prepara-per-a-celebrar-la-iv-fira-de-la-formacio-professional-i-per-a-locupacio\/"},"modified":"2025-03-28T14:09:15","modified_gmt":"2025-03-28T13:09:15","slug":"torrent-es-prepara-per-a-celebrar-la-iv-fira-de-la-formacio-professional-i-per-a-locupacio","status":"publish","type":"post","link":"https:\/\/infotorrent.es\/ca\/comercio-2-ca\/torrent-es-prepara-per-a-celebrar-la-iv-fira-de-la-formacio-professional-i-per-a-locupacio\/","title":{"rendered":"Torrent \u00e9s prepara per a celebrar la IV Fira de la Formaci\u00f3 Professional i per a l&#8217;Ocupaci\u00f3"},"content":{"rendered":"\n<p><strong>Torrent augmenta l&#8217;oferta formativa en la seua IV Fira de Formaci\u00f3 Professional i per a l&#8217;Ocupaci\u00f3 amb 87 cicles, m\u00e9s de 30 centres i 18 fam\u00edlies professionals<\/strong><\/p>\n\n\n\n<p>La ciutat de Torrent acollir\u00e0 dijous que ve 10 d&#8217;abril la IV Fira de la Formaci\u00f3 Professional i per a l&#8217;Ocupaci\u00f3, un esdeveniment clau per a l&#8217;orientaci\u00f3 educativa i professional dels j\u00f3vens. La cita tindr\u00e0 lloc en la pla\u00e7a Major i est\u00e0 organitzada per l&#8217;empresa de l&#8217;Ajuntament de Torrent, Idea\u2019t, que busca continuar impulsant l&#8217;acc\u00e9s a una formaci\u00f3 amb alta inserci\u00f3 laboral.<\/p>\n\n\n\n<p>En l&#8217;edici\u00f3 del passat any, la fira va aconseguir duplicar el nombre de centres expositors, i este 2025 s&#8217;espera comptar amb m\u00e9s de 30 centres i 18 fam\u00edlies professionals representades. En total, els assistents podran informar-se sobre m\u00e9s de 87 graus de formaci\u00f3 professional en els seus diferents nivells: b\u00e0sic, mitj\u00e0 i superior. Els expositors oferiran informaci\u00f3 clau sobre les opcions educatives i laborals per al curs 2025\/2026.<\/p>\n\n\n\n<p>Durant la jornada matinal, centenars de j\u00f3vens podran visitar els diferents estands de centres educatius i entitats com a IDEA\u2019T, CIJ, EPA, EOI, LABORA i la Mancomunitat de l&#8217;Horta Sud. La fira est\u00e0 dirigida especialment a estudiants d&#8217;ESO, Batxillerat, Cicles Formatius de Grau Mitj\u00e0 (CFGM) i Grau Superior (CFGS), facilitant la seua presa de decisions en l&#8217;\u00e0mbit formatiu i professional.<\/p>\n\n\n\n<p>L&#8217;alcaldessa de Torrent, Amparo Folgado, ha subratllat la rellev\u00e0ncia d&#8217;esta iniciativa:\u00a0<strong>\u201c\u00c9s fonamental visibilitzar i promocionar l&#8217;\u00e0mplia oferta formativa de la FP a la nostra comarca. Es tracta d&#8217;una formaci\u00f3 amb un marcat car\u00e0cter pr\u00e0ctic i amb una alta taxa d&#8217;ocupabilitat, la qual cosa la convertix en una opci\u00f3 educativa clau per a molts j\u00f3vens\u201d.<\/strong><\/p>\n\n\n\n<p>Per part seua, Sandra Fas, regidora d&#8217;Ocupaci\u00f3, ha destacat que\u00a0<strong>\u201cl&#8217;FP \u00e9s una ferramenta essencial per al desenrotllament personal i professional dels j\u00f3vens. Des de l&#8217;Ajuntament treballem per a acostar-los tota la informaci\u00f3 possible i que puguen prendre decisions fonamentades sobre el seu futur\u201d.<\/strong><\/p>\n\n\n\n<p>L&#8217;Ajuntament de Torrent reafirma la seua aposta per la Formaci\u00f3 Professional com a via per a millorar l&#8217;ocupabilitat i atendre les necessitats del mercat laboral. Com a novetat respecte a edicions anteriors, la convocat\u00f2ria s&#8217;ha obert a centres de tota la comarca, amb l&#8217;objectiu d&#8217;oferir la major representaci\u00f3 d&#8217;opcions formatives possible.<\/p>\n\n\n\n<p><strong>Entre les fam\u00edlies professionals presents en la fira destaquen:<\/strong><\/p>\n\n\n\n<ul class=\"wp-block-list\">\n<li><strong>Activitats F\u00edsiques i Esportives<\/strong>\u00a0(Centro Privado FP La Florida, Centro Privado Madre Sacramento, IES Manuel Sanchis Guarner, IES Mol\u00ed del Sol)<\/li>\n\n\n\n<li><strong>Administraci\u00f3 i Gesti\u00f3<\/strong>\u00a0(Centro Integrado P\u00fablico Mislata, Centro Privado FP La Florida, Centro Privado Madre Sacramento, IES Enric Valor de Silla, Instituto Pax, IES Serra Perenxisa)<\/li>\n\n\n\n<li><strong>Agr\u00e0ria<\/strong>\u00a0(IES La Moreria, Centre Privat La Malvesia, Escuela de Capataces Agr\u00edcolas)<\/li>\n\n\n\n<li><strong>Cuina i Gastronomia<\/strong>\u00a0(Mediterr\u00e1neo Culinary Center)<\/li>\n\n\n\n<li><strong>Comer\u00e7 i M\u00e0rqueting<\/strong>\u00a0(Centro Integrado P\u00fablico Mislata, IES Clara Campoamor, Centro Privado FP La Florida, Instituto Pax, entre otros)<\/li>\n\n\n\n<li><strong>Electricitat i Electr\u00f2nica<\/strong>\u00a0(Centro Privado FP La Florida, IES Salvador Gadea, IES La Marxadella, IES Tirant lo Blanc, entre otros)<\/li>\n\n\n\n<li><strong>Energia i Aigua<\/strong>\u00a0(IES Gonzalo Anaya)<\/li>\n\n\n\n<li><strong>Fabricaci\u00f3 Mec\u00e0nica<\/strong>\u00a0(IES Gonzalo Anaya, IES Mol\u00ed del Sol)<\/li>\n\n\n\n<li><strong>Hostaleria i Turisme<\/strong>\u00a0(Centro Integrado P\u00fablico Mislata)<\/li>\n\n\n\n<li><strong>Imatge Personal<\/strong>\u00a0(IES Salvador Gadea)<\/li>\n\n\n\n<li><strong>Imatge i So<\/strong>\u00a0(Centro Privado FP La Florida, IES La Marxadella)<\/li>\n\n\n\n<li><strong>Inform\u00e0tica i Comunicacions<\/strong>\u00a0(Centro Integrado P\u00fablico Mislata, IES Salvador Gadea, IES Serra Perenxisa, entre otros)<\/li>\n\n\n\n<li><strong>Instal\u00b7laci\u00f3 i Manteniment<\/strong>\u00a0(Centro Integrado Faitanar, IES Gonzalo Anaya)<\/li>\n\n\n\n<li><strong>Qu\u00edmica<\/strong>\u00a0(IES Manuel Sanchis Guarner)<\/li>\n\n\n\n<li><strong>Sanitat<\/strong>\u00a0(Instituto Pax, Centro Privado FP La Florida, IES Enric Valor de Silla, entre otros)<\/li>\n\n\n\n<li><strong>Servicis Socioculturals i a la Comunitat<\/strong>\u00a0(Centro Integrado Faitanar, Instituto Pax, IES Fausti Barbera)<\/li>\n\n\n\n<li><strong>Transport i Manteniment de Vehicles<\/strong>\u00a0(Centro Integrado Faitanar, IES La Marxadella)<\/li>\n<\/ul>\n\n\n\n<p>La IV Fira de la Formaci\u00f3 Professional i per a l&#8217;Ocupaci\u00f3 s&#8217;ha consolidat com un esdeveniment clau per als j\u00f3vens de la comarca, oferint un ampli ventall d&#8217;opcions educatives i professionals que ajuden els estudiants a prendre decisions informades sobre el seu futur.<\/p>\n\n\n\n<figure class=\"wp-block-image size-large\"><img fetchpriority=\"high\" decoding=\"async\" width=\"724\" height=\"1024\" src=\"https:\/\/infotorrent.es\/wp-content\/uploads\/2025\/03\/Cartel_Feria_Formacion_2025-724x1024.png\" alt=\"\" class=\"wp-image-79660\" srcset=\"https:\/\/infotorrent.es\/wp-content\/uploads\/2025\/03\/Cartel_Feria_Formacion_2025-724x1024.png 724w, https:\/\/infotorrent.es\/wp-content\/uploads\/2025\/03\/Cartel_Feria_Formacion_2025-212x300.png 212w, https:\/\/infotorrent.es\/wp-content\/uploads\/2025\/03\/Cartel_Feria_Formacion_2025-768x1086.png 768w, https:\/\/infotorrent.es\/wp-content\/uploads\/2025\/03\/Cartel_Feria_Formacion_2025-1086x1536.png 1086w, https:\/\/infotorrent.es\/wp-content\/uploads\/2025\/03\/Cartel_Feria_Formacion_2025-1448x2048.png 1448w\" sizes=\"(max-width: 724px) 100vw, 724px\" \/><\/figure>\n","protected":false},"excerpt":{"rendered":"<p>Torrent augmenta l&#8217;oferta formativa en la seua IV Fira de Formaci\u00f3 Professional i per a l&#8217;Ocupaci\u00f3 amb 87 cicles, m\u00e9s de 30 centres i 18 fam\u00edlies professionals La ciutat de Torrent acollir\u00e0 dijous que ve 10 d&#8217;abril la IV Fira de la Formaci\u00f3 Professional i per a l&#8217;Ocupaci\u00f3, un esdeveniment clau per a l&#8217;orientaci\u00f3 educativa [&hellip;]<\/p>\n","protected":false},"author":15,"featured_media":79668,"comment_status":"open","ping_status":"open","sticky":false,"template":"","format":"standard","meta":{"_acf_changed":false,"footnotes":""},"categories":[1181,1212,1194],"tags":[],"class_list":["post-79664","post","type-post","status-publish","format-standard","has-post-thumbnail","hentry","category-comercio-2-ca","category-formacion-ca","category-ideat-ca"],"acf":[],"_links":{"self":[{"href":"https:\/\/infotorrent.es\/ca\/wp-json\/wp\/v2\/posts\/79664","targetHints":{"allow":["GET"]}}],"collection":[{"href":"https:\/\/infotorrent.es\/ca\/wp-json\/wp\/v2\/posts"}],"about":[{"href":"https:\/\/infotorrent.es\/ca\/wp-json\/wp\/v2\/types\/post"}],"author":[{"embeddable":true,"href":"https:\/\/infotorrent.es\/ca\/wp-json\/wp\/v2\/users\/15"}],"replies":[{"embeddable":true,"href":"https:\/\/infotorrent.es\/ca\/wp-json\/wp\/v2\/comments?post=79664"}],"version-history":[{"count":1,"href":"https:\/\/infotorrent.es\/ca\/wp-json\/wp\/v2\/posts\/79664\/revisions"}],"predecessor-version":[{"id":79667,"href":"https:\/\/infotorrent.es\/ca\/wp-json\/wp\/v2\/posts\/79664\/revisions\/79667"}],"wp:featuredmedia":[{"embeddable":true,"href":"https:\/\/infotorrent.es\/ca\/wp-json\/wp\/v2\/media\/79668"}],"wp:attachment":[{"href":"https:\/\/infotorrent.es\/ca\/wp-json\/wp\/v2\/media?parent=79664"}],"wp:term":[{"taxonomy":"category","embeddable":true,"href":"https:\/\/infotorrent.es\/ca\/wp-json\/wp\/v2\/categories?post=79664"},{"taxonomy":"post_tag","embeddable":true,"href":"https:\/\/infotorrent.es\/ca\/wp-json\/wp\/v2\/tags?post=79664"}],"curies":[{"name":"wp","href":"https:\/\/api.w.org\/{rel}","templated":true}]}}