{"id":79524,"date":"2025-03-26T09:32:00","date_gmt":"2025-03-26T08:32:00","guid":{"rendered":"https:\/\/infotorrent.es\/?p=79524"},"modified":"2025-03-26T11:16:25","modified_gmt":"2025-03-26T10:16:25","slug":"lajuntament-de-torrent-sinvolucra-en-la-missio-de-lacolliment-familiar","status":"publish","type":"post","link":"https:\/\/infotorrent.es\/ca\/familia-e-infancia-ca\/lajuntament-de-torrent-sinvolucra-en-la-missio-de-lacolliment-familiar\/","title":{"rendered":"L&#8217;Ajuntament de Torrent s&#8217;involucra en la missi\u00f3 de l&#8217;Acolliment Familiar"},"content":{"rendered":"\n<p><strong>\u201c\u00c9s una mesura de protecci\u00f3 que permet afavorir el desenrotllament dels xiquets en el si d&#8217;una fam\u00edlia\u201d<\/strong>, assegura M\u00aa \u00c1ngeles Lerma, regidor d&#8217;Inf\u00e0ncia<\/p>\n\n\n\n<p>Este dijous, 27 de mar\u00e7 a les 19.00 hores, l&#8217;Associaci\u00f3 de Voluntaris d&#8217;Acolliment Familiar (AVAF), en col\u00b7laboraci\u00f3 amb la Regidoria de Fam\u00edlia i Inf\u00e0ncia de l&#8217;Ajuntament de Torrent, donar\u00e0 la seua <strong>primera sessi\u00f3 informativa sobre l&#8217;Acolliment Familiar<\/strong> en el nostre municipi.<\/p>\n\n\n\n<p>Este \u00e9s un acte totalment altruista pel qual una persona o unitat familiar s&#8217;oferix a allotjar i cuidar a un xiquet o adolescent, vetlant per les seues necessitats, durant un temps determinat. <strong>La regidor de Fam\u00edlia i Inf\u00e0ncia, M\u00aa \u00c1ngeles Lerma, assegura que es tracta de \u201cuna mesura de protecci\u00f3 que permet afavorir el desenrotllament dels xiquets en el si d&#8217;una fam\u00edlia\u201d.<\/strong><\/p>\n\n\n\n<p>En esta trobada, que tindr\u00e0 lloc a la Casa de la Dona de Torrent, s&#8217;explicaran les diferents modalitats d&#8217;acolliment familiar que existixen actualment, les implicacions que comporta ser fam\u00edlia d&#8217;acolliment, les responsabilitats, drets i beneficis de convertir-te en una, aix\u00ed com el procediment d&#8217;inscripci\u00f3 en el registre de fam\u00edlies acollidores.<\/p>\n\n\n\n<p>\u201cDes de la Regidoria hem posat en marxa una campanya de col\u00b7laboraci\u00f3 amb AVAF per a informar i ajudar a aquelles fam\u00edlies que vulguen optar per l&#8217;acolliment d&#8217;un xiquet\u201d, explica M\u00aa \u00c1ngeles Lerma.<\/p>\n\n\n\n<p>Per part seua, la sessi\u00f3 comptar\u00e0 amb la participaci\u00f3 de persones que donaran el seu testimoniatge personal sobre el que suposa per a elles acollir a xiquets i adolescents en les seues pr\u00f2pies fam\u00edlies. A m\u00e9s, hi haur\u00e0 un temps dedicat al fet que els assistents exposen els seus dubtes, preocupacions, preguntes o inquietuds respecte al tema.<\/p>\n\n\n\n<p><strong>\u201cLes institucions p\u00fabliques han de tindre un ferm comprom\u00eds amb la societat a aplicar pol\u00edtiques amb perspectiva de fam\u00edlia, i entre elles, la protecci\u00f3 dels menors\u201d<\/strong>, sent\u00e8ncia M\u00aa \u00c1ngeles Lerma.<\/p>\n\n\n\n<figure class=\"wp-block-image size-large\"><img fetchpriority=\"high\" decoding=\"async\" width=\"885\" height=\"1024\" src=\"https:\/\/infotorrent.es\/wp-content\/uploads\/2025\/03\/1-26-885x1024.jpg\" alt=\"\" class=\"wp-image-79525\" srcset=\"https:\/\/infotorrent.es\/wp-content\/uploads\/2025\/03\/1-26-885x1024.jpg 885w, https:\/\/infotorrent.es\/wp-content\/uploads\/2025\/03\/1-26-259x300.jpg 259w, https:\/\/infotorrent.es\/wp-content\/uploads\/2025\/03\/1-26-768x889.jpg 768w, https:\/\/infotorrent.es\/wp-content\/uploads\/2025\/03\/1-26.jpg 964w\" sizes=\"(max-width: 885px) 100vw, 885px\" \/><\/figure>\n\n\n\n<p><\/p>\n","protected":false},"excerpt":{"rendered":"<p>\u201c\u00c9s una mesura de protecci\u00f3 que permet afavorir el desenrotllament dels xiquets en el si d&#8217;una fam\u00edlia\u201d, assegura M\u00aa \u00c1ngeles Lerma, regidor d&#8217;Inf\u00e0ncia Este dijous, 27 de mar\u00e7 a les 19.00 hores, l&#8217;Associaci\u00f3 de Voluntaris d&#8217;Acolliment Familiar (AVAF), en col\u00b7laboraci\u00f3 amb la Regidoria de Fam\u00edlia i Inf\u00e0ncia de l&#8217;Ajuntament de Torrent, donar\u00e0 la seua primera [&hellip;]<\/p>\n","protected":false},"author":20,"featured_media":79527,"comment_status":"open","ping_status":"open","sticky":false,"template":"","format":"standard","meta":{"_acf_changed":false,"footnotes":""},"categories":[1192],"tags":[],"class_list":["post-79524","post","type-post","status-publish","format-standard","has-post-thumbnail","hentry","category-familia-e-infancia-ca"],"acf":[],"_links":{"self":[{"href":"https:\/\/infotorrent.es\/ca\/wp-json\/wp\/v2\/posts\/79524","targetHints":{"allow":["GET"]}}],"collection":[{"href":"https:\/\/infotorrent.es\/ca\/wp-json\/wp\/v2\/posts"}],"about":[{"href":"https:\/\/infotorrent.es\/ca\/wp-json\/wp\/v2\/types\/post"}],"author":[{"embeddable":true,"href":"https:\/\/infotorrent.es\/ca\/wp-json\/wp\/v2\/users\/20"}],"replies":[{"embeddable":true,"href":"https:\/\/infotorrent.es\/ca\/wp-json\/wp\/v2\/comments?post=79524"}],"version-history":[{"count":2,"href":"https:\/\/infotorrent.es\/ca\/wp-json\/wp\/v2\/posts\/79524\/revisions"}],"predecessor-version":[{"id":79529,"href":"https:\/\/infotorrent.es\/ca\/wp-json\/wp\/v2\/posts\/79524\/revisions\/79529"}],"wp:featuredmedia":[{"embeddable":true,"href":"https:\/\/infotorrent.es\/ca\/wp-json\/wp\/v2\/media\/79527"}],"wp:attachment":[{"href":"https:\/\/infotorrent.es\/ca\/wp-json\/wp\/v2\/media?parent=79524"}],"wp:term":[{"taxonomy":"category","embeddable":true,"href":"https:\/\/infotorrent.es\/ca\/wp-json\/wp\/v2\/categories?post=79524"},{"taxonomy":"post_tag","embeddable":true,"href":"https:\/\/infotorrent.es\/ca\/wp-json\/wp\/v2\/tags?post=79524"}],"curies":[{"name":"wp","href":"https:\/\/api.w.org\/{rel}","templated":true}]}}