{"id":79117,"date":"2025-03-17T23:47:00","date_gmt":"2025-03-17T22:47:00","guid":{"rendered":"https:\/\/infotorrent.es\/?p=79117"},"modified":"2025-03-18T11:18:36","modified_gmt":"2025-03-18T10:18:36","slug":"torrent-viu-amb-devocio-fervor-i-emocio-la-tradicional-ofrena-de-flores-a-la-verge-durant-les-falles-de-2025","status":"publish","type":"post","link":"https:\/\/infotorrent.es\/ca\/fallas-ca\/torrent-viu-amb-devocio-fervor-i-emocio-la-tradicional-ofrena-de-flores-a-la-verge-durant-les-falles-de-2025\/","title":{"rendered":"Torrent viu amb devoci\u00f3, fervor i emoci\u00f3 la tradicional Ofrena de Flores a la Verge durant les Falles de 2025"},"content":{"rendered":"\n<p>M\u00e9s de 7.000 fallers i falleres van engalanar amb una mar de flors el mantell de \u2018nostra Mareta\u2019<\/p>\n\n\n\n<p>La ciutat de Torrent ha celebrat amb profunda emoci\u00f3 un dels actes m\u00e9s emblem\u00e0tics i esperats dins del seu calendari faller, la solemne Ofrena de Flores a la Verge dels Desemparats, malgrat la temperatura g\u00e8lida i l&#8217;amena\u00e7a de ruixats. M\u00e9s de 7.000 de fallers i falleres han recorregut els principals carrers del municipi per a retre homenatge a la patrona, en un acte multitudinari carregat de sentiment i tradici\u00f3.<\/p>\n\n\n\n<p>Des de primera hora de la vesprada, a les 17.25 hores, Torrent es vestia de gala amb la pres\u00e8ncia de les 28 comissions falleres, cases regionals i les Falleres Majors de Torrent 2025 que, acompanyades per bandes de m\u00fasica i el so inconfusible de dol\u00e7ainas i tabalets, van desfilar orgulloses portant rams de flors blancs i rojos acuradament elaborats. El recorregut, que va culminar al carrer de l&#8217;Esgl\u00e9sia, es va convertir en un emotiu espectacle visual i musical que va emocionar a fallers, ve\u00efns i visitants.<\/p>\n\n\n\n<p>El recorregut de l&#8217;Ofrena 2025, comen\u00e7ava en la Font de les Granotes en l&#8217;Avinguda al Vedat, transcorrer\u00e0 per la mateixa Avinguda, Pla\u00e7a Bisbe Benlloch, carrer Sagra, carrer Major, finalitzant al carrer de l&#8217;Esgl\u00e9sia. La imatge de la Verge, situada en un majestu\u00f3s cadafal preparat especialment per a l&#8217;ocasi\u00f3, es va vestir progressivament amb un mantell multicolor teixit amb milers de flors aportades per cada comissi\u00f3 fallera i confeccionat pels vestidores de la Verge. Roses i clavells van destacar entre una impressionant varietat floral, creant una composici\u00f3 art\u00edstica que simbolitza la devoci\u00f3, el respecte i l&#8217;alegria del poble torrentino cap a la seua patrona.<\/p>\n\n\n\n<p>Durant la desfilada va destacar especialment la participaci\u00f3 de les Falleres Majors de Torrent de 2025, Alicia Moreno i Ana Barber\u00e1 i les seues Corts d&#8217;Honor, els qui van desfilar visiblement emocionades, lluint els tradicionals vestits valencians. Els carrers van estar abarrotats de p\u00fablic que va aplaudir cada pas, demostrant la intensa vinculaci\u00f3 dels torrentinos amb esta tradici\u00f3 centen\u00e0ria que es renova cada any amb m\u00e9s for\u00e7a.<\/p>\n\n\n\n<p>L&#8217;alcaldessa de Torrent, Amparo Folgado, acompanyada pel regidor de Falles, Aitor S\u00e1nchez i membres del govern i corporaci\u00f3, va destacar la import\u00e0ncia d&#8217;esta tradici\u00f3 en l&#8217;enfortiment de la identitat cultural i social de la ciutat,<strong> &#8220;l&#8217;Ofrena \u00e9s un dels moments m\u00e9s significatius de les Falles, una mostra aut\u00e8ntica del sentiment faller i la cohesi\u00f3 de la nostra ciutat. Veure com tota la ciutat s&#8217;unix entorn de la nostra Verge dels Desemparats ens ompli d&#8217;orgull i emoci\u00f3, especialment enguany tan solidari&#8221;,<\/strong> ha assenyalat l&#8217;alcaldessa.<\/p>\n\n\n\n<p>A boca de nit, la pla\u00e7a va adquirir un encant especial amb la il\u00b7luminaci\u00f3 art\u00edstica que va ressaltar encara m\u00e9s la bellesa del tap\u00eds floral que ja adornava plenament a la Verge. Els assistents van poder contemplar emocionats el resultat final, en un acte que va tancar amb la interpretaci\u00f3 solemne dels himnes de la Coronaci\u00f3 de la Verge dels Desemparats, el de Torrent i el de la Comunitat Valenciana, cantat per tots els presents. Finalitzant amb un espectacular ram de focs artificials que van il\u00b7luminar el cel de Torrent.<\/p>\n\n\n\n<p>L&#8217;Ofrena floral, a m\u00e9s de la seua rellev\u00e0ncia religiosa i emotiva, representa tamb\u00e9 un potent atractiu tur\u00edstic, atraient cada any a visitants de diferents punts de la geografia, els qui aprofiten estos dies per a con\u00e9ixer i gaudir la cultura valenciana en tota la seua esplendor.<\/p>\n\n\n\n<p>Les Falles de Torrent continuen amb el seu ampli programa, actes com l&#8217;Homenatge a Sant Josep, danses, Homenatge al Faller, masclet\u00e0es, retirada ninots indultats, entre altres, fins a la nit del 19 de mar\u00e7, quan la &#8220;*Crem\u00e0&#8221; posar\u00e0 fi a les celebracions deixant en la mem\u00f2ria de Torrent moments tan especials com esta ofrena floral, s\u00edmbol etern de l&#8217;\u00e0nima fallera de Torrent.<\/p>\n\n\n\n<figure class=\"wp-block-image size-large\"><img fetchpriority=\"high\" decoding=\"async\" width=\"1024\" height=\"683\" src=\"https:\/\/infotorrent.es\/wp-content\/uploads\/2025\/03\/1-15-1024x683.jpg\" alt=\"\" class=\"wp-image-79118\" srcset=\"https:\/\/infotorrent.es\/wp-content\/uploads\/2025\/03\/1-15-1024x683.jpg 1024w, https:\/\/infotorrent.es\/wp-content\/uploads\/2025\/03\/1-15-300x200.jpg 300w, https:\/\/infotorrent.es\/wp-content\/uploads\/2025\/03\/1-15-768x512.jpg 768w, https:\/\/infotorrent.es\/wp-content\/uploads\/2025\/03\/1-15.jpg 1080w\" sizes=\"(max-width: 1024px) 100vw, 1024px\" \/><\/figure>\n\n\n\n<figure class=\"wp-block-image size-large\"><img decoding=\"async\" width=\"1024\" height=\"683\" src=\"https:\/\/infotorrent.es\/wp-content\/uploads\/2025\/03\/6-9-1024x683.jpg\" alt=\"\" class=\"wp-image-79120\" srcset=\"https:\/\/infotorrent.es\/wp-content\/uploads\/2025\/03\/6-9-1024x683.jpg 1024w, https:\/\/infotorrent.es\/wp-content\/uploads\/2025\/03\/6-9-300x200.jpg 300w, https:\/\/infotorrent.es\/wp-content\/uploads\/2025\/03\/6-9-768x512.jpg 768w, https:\/\/infotorrent.es\/wp-content\/uploads\/2025\/03\/6-9.jpg 1081w\" sizes=\"(max-width: 1024px) 100vw, 1024px\" \/><\/figure>\n\n\n\n<figure class=\"wp-block-image size-large\"><img decoding=\"async\" width=\"1024\" height=\"683\" src=\"https:\/\/infotorrent.es\/wp-content\/uploads\/2025\/03\/5-9-1024x683.jpg\" alt=\"\" class=\"wp-image-79122\" srcset=\"https:\/\/infotorrent.es\/wp-content\/uploads\/2025\/03\/5-9-1024x683.jpg 1024w, https:\/\/infotorrent.es\/wp-content\/uploads\/2025\/03\/5-9-300x200.jpg 300w, https:\/\/infotorrent.es\/wp-content\/uploads\/2025\/03\/5-9-768x512.jpg 768w, https:\/\/infotorrent.es\/wp-content\/uploads\/2025\/03\/5-9.jpg 1081w\" sizes=\"(max-width: 1024px) 100vw, 1024px\" \/><\/figure>\n\n\n\n<figure class=\"wp-block-image size-large\"><img loading=\"lazy\" decoding=\"async\" width=\"1024\" height=\"683\" src=\"https:\/\/infotorrent.es\/wp-content\/uploads\/2025\/03\/9-5-1024x683.jpg\" alt=\"\" class=\"wp-image-79125\" srcset=\"https:\/\/infotorrent.es\/wp-content\/uploads\/2025\/03\/9-5-1024x683.jpg 1024w, https:\/\/infotorrent.es\/wp-content\/uploads\/2025\/03\/9-5-300x200.jpg 300w, https:\/\/infotorrent.es\/wp-content\/uploads\/2025\/03\/9-5-768x512.jpg 768w, https:\/\/infotorrent.es\/wp-content\/uploads\/2025\/03\/9-5.jpg 1081w\" sizes=\"(max-width: 1024px) 100vw, 1024px\" \/><\/figure>\n\n\n\n<figure class=\"wp-block-gallery has-nested-images columns-default is-cropped wp-block-gallery-1 is-layout-flex wp-block-gallery-is-layout-flex\">\n<figure class=\"wp-block-image size-large\"><img loading=\"lazy\" decoding=\"async\" width=\"1024\" height=\"683\" data-id=\"79129\" src=\"https:\/\/infotorrent.es\/wp-content\/uploads\/2025\/03\/2-12-1024x683.jpg\" alt=\"\" class=\"wp-image-79129\" srcset=\"https:\/\/infotorrent.es\/wp-content\/uploads\/2025\/03\/2-12-1024x683.jpg 1024w, https:\/\/infotorrent.es\/wp-content\/uploads\/2025\/03\/2-12-300x200.jpg 300w, https:\/\/infotorrent.es\/wp-content\/uploads\/2025\/03\/2-12-768x512.jpg 768w, https:\/\/infotorrent.es\/wp-content\/uploads\/2025\/03\/2-12.jpg 1081w\" sizes=\"(max-width: 1024px) 100vw, 1024px\" \/><\/figure>\n\n\n\n<figure class=\"wp-block-image size-large\"><img loading=\"lazy\" decoding=\"async\" width=\"1024\" height=\"683\" data-id=\"79127\" src=\"https:\/\/infotorrent.es\/wp-content\/uploads\/2025\/03\/4-12-1024x683.jpg\" alt=\"\" class=\"wp-image-79127\" srcset=\"https:\/\/infotorrent.es\/wp-content\/uploads\/2025\/03\/4-12-1024x683.jpg 1024w, https:\/\/infotorrent.es\/wp-content\/uploads\/2025\/03\/4-12-300x200.jpg 300w, https:\/\/infotorrent.es\/wp-content\/uploads\/2025\/03\/4-12-768x512.jpg 768w, https:\/\/infotorrent.es\/wp-content\/uploads\/2025\/03\/4-12.jpg 1081w\" sizes=\"(max-width: 1024px) 100vw, 1024px\" \/><\/figure>\n<\/figure>\n\n\n\n<figure class=\"wp-block-gallery has-nested-images columns-default is-cropped wp-block-gallery-2 is-layout-flex wp-block-gallery-is-layout-flex\">\n<figure class=\"wp-block-image size-large\"><img loading=\"lazy\" decoding=\"async\" width=\"1024\" height=\"683\" data-id=\"79131\" src=\"https:\/\/infotorrent.es\/wp-content\/uploads\/2025\/03\/8-2-1024x683.jpg\" alt=\"\" class=\"wp-image-79131\" srcset=\"https:\/\/infotorrent.es\/wp-content\/uploads\/2025\/03\/8-2-1024x683.jpg 1024w, https:\/\/infotorrent.es\/wp-content\/uploads\/2025\/03\/8-2-300x200.jpg 300w, https:\/\/infotorrent.es\/wp-content\/uploads\/2025\/03\/8-2-768x512.jpg 768w, https:\/\/infotorrent.es\/wp-content\/uploads\/2025\/03\/8-2.jpg 1081w\" sizes=\"(max-width: 1024px) 100vw, 1024px\" \/><\/figure>\n\n\n\n<figure class=\"wp-block-image size-large\"><img loading=\"lazy\" decoding=\"async\" width=\"1024\" height=\"683\" data-id=\"79133\" src=\"https:\/\/infotorrent.es\/wp-content\/uploads\/2025\/03\/10-3-1024x683.jpg\" alt=\"\" class=\"wp-image-79133\" srcset=\"https:\/\/infotorrent.es\/wp-content\/uploads\/2025\/03\/10-3-1024x683.jpg 1024w, https:\/\/infotorrent.es\/wp-content\/uploads\/2025\/03\/10-3-300x200.jpg 300w, https:\/\/infotorrent.es\/wp-content\/uploads\/2025\/03\/10-3-768x512.jpg 768w, https:\/\/infotorrent.es\/wp-content\/uploads\/2025\/03\/10-3.jpg 1081w\" sizes=\"(max-width: 1024px) 100vw, 1024px\" \/><\/figure>\n\n\n\n<figure class=\"wp-block-image size-large\"><img loading=\"lazy\" decoding=\"async\" width=\"1024\" height=\"683\" data-id=\"79135\" src=\"https:\/\/infotorrent.es\/wp-content\/uploads\/2025\/03\/11-4-1024x683.jpg\" alt=\"\" class=\"wp-image-79135\" srcset=\"https:\/\/infotorrent.es\/wp-content\/uploads\/2025\/03\/11-4-1024x683.jpg 1024w, https:\/\/infotorrent.es\/wp-content\/uploads\/2025\/03\/11-4-300x200.jpg 300w, https:\/\/infotorrent.es\/wp-content\/uploads\/2025\/03\/11-4-768x512.jpg 768w, https:\/\/infotorrent.es\/wp-content\/uploads\/2025\/03\/11-4.jpg 1081w\" sizes=\"(max-width: 1024px) 100vw, 1024px\" \/><\/figure>\n<\/figure>\n\n\n\n<figure class=\"wp-block-image size-large\"><img loading=\"lazy\" decoding=\"async\" width=\"1024\" height=\"683\" src=\"https:\/\/infotorrent.es\/wp-content\/uploads\/2025\/03\/7-8-1024x683.jpg\" alt=\"\" class=\"wp-image-79137\" srcset=\"https:\/\/infotorrent.es\/wp-content\/uploads\/2025\/03\/7-8-1024x683.jpg 1024w, https:\/\/infotorrent.es\/wp-content\/uploads\/2025\/03\/7-8-300x200.jpg 300w, https:\/\/infotorrent.es\/wp-content\/uploads\/2025\/03\/7-8-768x512.jpg 768w, https:\/\/infotorrent.es\/wp-content\/uploads\/2025\/03\/7-8.jpg 1081w\" sizes=\"(max-width: 1024px) 100vw, 1024px\" \/><\/figure>\n","protected":false},"excerpt":{"rendered":"<p>M\u00e9s de 7.000 fallers i falleres van engalanar amb una mar de flors el mantell de \u2018nostra Mareta\u2019 La ciutat de Torrent ha celebrat amb profunda emoci\u00f3 un dels actes m\u00e9s emblem\u00e0tics i esperats dins del seu calendari faller, la solemne Ofrena de Flores a la Verge dels Desemparats, malgrat la temperatura g\u00e8lida i l&#8217;amena\u00e7a [&hellip;]<\/p>\n","protected":false},"author":20,"featured_media":79124,"comment_status":"open","ping_status":"open","sticky":false,"template":"","format":"standard","meta":{"_acf_changed":false,"footnotes":""},"categories":[1171],"tags":[],"class_list":["post-79117","post","type-post","status-publish","format-standard","has-post-thumbnail","hentry","category-fallas-ca"],"acf":[],"_links":{"self":[{"href":"https:\/\/infotorrent.es\/ca\/wp-json\/wp\/v2\/posts\/79117","targetHints":{"allow":["GET"]}}],"collection":[{"href":"https:\/\/infotorrent.es\/ca\/wp-json\/wp\/v2\/posts"}],"about":[{"href":"https:\/\/infotorrent.es\/ca\/wp-json\/wp\/v2\/types\/post"}],"author":[{"embeddable":true,"href":"https:\/\/infotorrent.es\/ca\/wp-json\/wp\/v2\/users\/20"}],"replies":[{"embeddable":true,"href":"https:\/\/infotorrent.es\/ca\/wp-json\/wp\/v2\/comments?post=79117"}],"version-history":[{"count":1,"href":"https:\/\/infotorrent.es\/ca\/wp-json\/wp\/v2\/posts\/79117\/revisions"}],"predecessor-version":[{"id":79139,"href":"https:\/\/infotorrent.es\/ca\/wp-json\/wp\/v2\/posts\/79117\/revisions\/79139"}],"wp:featuredmedia":[{"embeddable":true,"href":"https:\/\/infotorrent.es\/ca\/wp-json\/wp\/v2\/media\/79124"}],"wp:attachment":[{"href":"https:\/\/infotorrent.es\/ca\/wp-json\/wp\/v2\/media?parent=79117"}],"wp:term":[{"taxonomy":"category","embeddable":true,"href":"https:\/\/infotorrent.es\/ca\/wp-json\/wp\/v2\/categories?post=79117"},{"taxonomy":"post_tag","embeddable":true,"href":"https:\/\/infotorrent.es\/ca\/wp-json\/wp\/v2\/tags?post=79117"}],"curies":[{"name":"wp","href":"https:\/\/api.w.org\/{rel}","templated":true}]}}