{"id":79061,"date":"2025-03-16T13:37:00","date_gmt":"2025-03-16T12:37:00","guid":{"rendered":"https:\/\/infotorrent.es\/?p=79061"},"modified":"2025-03-17T18:06:49","modified_gmt":"2025-03-17T17:06:49","slug":"alicia-moreno-i-ana-barbera-firmen-en-el-llibre-dhonor-de-lajuntament","status":"publish","type":"post","link":"https:\/\/infotorrent.es\/ca\/fallas-ca\/alicia-moreno-i-ana-barbera-firmen-en-el-llibre-dhonor-de-lajuntament\/","title":{"rendered":"Alicia Moreno i Ana Barber\u00e1 firmen en el llibre d&#8217;Honor de l&#8217;Ajuntament"},"content":{"rendered":"\n<p>En un acte ple d&#8217;emotivitat i tradici\u00f3, les Falleres Majors de Torrent de 2025, Alicia i Ana, van plasmar les seues firmes ahir en el Llibre d&#8217;Honor de l&#8217;Ajuntament de Torrent, consolidant aix\u00ed un moment destacat en l&#8217;agenda fallera i enfortint la relaci\u00f3 entre el consistori i les falles de la ciutat.<\/p>\n\n\n\n<p>L&#8217;alcaldessa de Torrent, Amparo Folgado acompanyada del regidor de Falles, Aitor S\u00e1nchez, va rebre amb orgull a les m\u00e0ximes representants del m\u00f3n faller de Torrent. La Fallera Major, Alicia Moreno, i la Fallera Major Infantil, Ana Barber\u00e1, van acudir acompanyades de les seues respectives Corts d&#8217;Honor, familiars i representants de diverses comissions falleres.<\/p>\n\n\n\n<p>Durant l&#8217;acte, celebrat en el Sal\u00f3 de Plens de l&#8217;Ajuntament, l&#8217;alcaldessa va destacar l&#8217;important paper que exercixen les Falleres Majors com a ambaixadores culturals i s\u00edmbol d&#8217;identitat de la ciutat. <strong>&#8220;La firma en el Llibre d&#8217;Honor no \u00e9s nom\u00e9s un acte protocol\u00b7lari, sin\u00f3 un reconeixement sincer i merescut a l&#8217;esfor\u00e7, dedicaci\u00f3 i amor per les nostres tradicions que Alicia i Ana representen&#8221;<\/strong>, va expressar l&#8217;alcaldessa.<\/p>\n\n\n\n<p>Despr\u00e9s de les paraules de l&#8217;alcaldessa, les Falleres Majors van procedir a plasmar la seua firma, visiblement emocionades per la rellev\u00e0ncia de l&#8217;acte. Alicia Moreno va destacar en la seua intervenci\u00f3: <strong>&#8220;\u00c9s un honor i un orgull enorme representar a Torrent i a les nostres falles. Este acte simbolitza el nostre comprom\u00eds amb la cultura i tradici\u00f3 que ens unix com a poble&#8221;<\/strong>. Per part seua, la xiqueta Ana Barber\u00e1 amb il\u00b7lusi\u00f3: <strong>&#8220;Mai oblidar\u00e9 enguany, \u00e9s un somni fet realitat i estic molt feli\u00e7 de compartir-ho amb tota la ciutat&#8221;.<\/strong><\/p>\n\n\n\n<p>Este tradicional esdeveniment, que es repetix cada any en vespres de les celebracions falleres, refor\u00e7a l&#8217;estret lla\u00e7 d&#8217;uni\u00f3 entre l&#8217;Ajuntament i les Falleres Majors de Torrent, destacant la import\u00e0ncia que tenen les festes josefinas en la vida social i cultural del municipi.<\/p>\n\n\n\n<figure class=\"wp-block-image size-large\"><img fetchpriority=\"high\" decoding=\"async\" width=\"1024\" height=\"682\" src=\"https:\/\/infotorrent.es\/wp-content\/uploads\/2025\/03\/2-9-1024x682.jpg\" alt=\"\" class=\"wp-image-79062\" srcset=\"https:\/\/infotorrent.es\/wp-content\/uploads\/2025\/03\/2-9-1024x682.jpg 1024w, https:\/\/infotorrent.es\/wp-content\/uploads\/2025\/03\/2-9-300x200.jpg 300w, https:\/\/infotorrent.es\/wp-content\/uploads\/2025\/03\/2-9-768x512.jpg 768w, https:\/\/infotorrent.es\/wp-content\/uploads\/2025\/03\/2-9-1536x1023.jpg 1536w, https:\/\/infotorrent.es\/wp-content\/uploads\/2025\/03\/2-9.jpg 1600w\" sizes=\"(max-width: 1024px) 100vw, 1024px\" \/><\/figure>\n\n\n\n<figure class=\"wp-block-image size-large\"><img decoding=\"async\" width=\"1024\" height=\"682\" src=\"https:\/\/infotorrent.es\/wp-content\/uploads\/2025\/03\/7-5-1024x682.jpg\" alt=\"\" class=\"wp-image-79065\" srcset=\"https:\/\/infotorrent.es\/wp-content\/uploads\/2025\/03\/7-5-1024x682.jpg 1024w, https:\/\/infotorrent.es\/wp-content\/uploads\/2025\/03\/7-5-300x200.jpg 300w, https:\/\/infotorrent.es\/wp-content\/uploads\/2025\/03\/7-5-768x512.jpg 768w, https:\/\/infotorrent.es\/wp-content\/uploads\/2025\/03\/7-5-1536x1023.jpg 1536w, https:\/\/infotorrent.es\/wp-content\/uploads\/2025\/03\/7-5.jpg 1600w\" sizes=\"(max-width: 1024px) 100vw, 1024px\" \/><\/figure>\n\n\n\n<figure class=\"wp-block-image size-large\"><img decoding=\"async\" width=\"1024\" height=\"682\" src=\"https:\/\/infotorrent.es\/wp-content\/uploads\/2025\/03\/1-12-1024x682.jpg\" alt=\"\" class=\"wp-image-79067\" srcset=\"https:\/\/infotorrent.es\/wp-content\/uploads\/2025\/03\/1-12-1024x682.jpg 1024w, https:\/\/infotorrent.es\/wp-content\/uploads\/2025\/03\/1-12-300x200.jpg 300w, https:\/\/infotorrent.es\/wp-content\/uploads\/2025\/03\/1-12-768x512.jpg 768w, https:\/\/infotorrent.es\/wp-content\/uploads\/2025\/03\/1-12-1536x1023.jpg 1536w, https:\/\/infotorrent.es\/wp-content\/uploads\/2025\/03\/1-12.jpg 1600w\" sizes=\"(max-width: 1024px) 100vw, 1024px\" \/><\/figure>\n\n\n\n<figure class=\"wp-block-image size-large\"><img loading=\"lazy\" decoding=\"async\" width=\"1024\" height=\"682\" src=\"https:\/\/infotorrent.es\/wp-content\/uploads\/2025\/03\/6-6-1024x682.jpg\" alt=\"\" class=\"wp-image-79069\" srcset=\"https:\/\/infotorrent.es\/wp-content\/uploads\/2025\/03\/6-6-1024x682.jpg 1024w, https:\/\/infotorrent.es\/wp-content\/uploads\/2025\/03\/6-6-300x200.jpg 300w, https:\/\/infotorrent.es\/wp-content\/uploads\/2025\/03\/6-6-768x512.jpg 768w, https:\/\/infotorrent.es\/wp-content\/uploads\/2025\/03\/6-6-1536x1023.jpg 1536w, https:\/\/infotorrent.es\/wp-content\/uploads\/2025\/03\/6-6.jpg 1600w\" sizes=\"(max-width: 1024px) 100vw, 1024px\" \/><\/figure>\n","protected":false},"excerpt":{"rendered":"<p>En un acte ple d&#8217;emotivitat i tradici\u00f3, les Falleres Majors de Torrent de 2025, Alicia i Ana, van plasmar les seues firmes ahir en el Llibre d&#8217;Honor de l&#8217;Ajuntament de Torrent, consolidant aix\u00ed un moment destacat en l&#8217;agenda fallera i enfortint la relaci\u00f3 entre el consistori i les falles de la ciutat. L&#8217;alcaldessa de Torrent, [&hellip;]<\/p>\n","protected":false},"author":20,"featured_media":79064,"comment_status":"open","ping_status":"open","sticky":false,"template":"","format":"standard","meta":{"_acf_changed":false,"footnotes":""},"categories":[1171,141],"tags":[],"class_list":["post-79061","post","type-post","status-publish","format-standard","has-post-thumbnail","hentry","category-fallas-ca","category-alcaldia-2"],"acf":[],"_links":{"self":[{"href":"https:\/\/infotorrent.es\/ca\/wp-json\/wp\/v2\/posts\/79061","targetHints":{"allow":["GET"]}}],"collection":[{"href":"https:\/\/infotorrent.es\/ca\/wp-json\/wp\/v2\/posts"}],"about":[{"href":"https:\/\/infotorrent.es\/ca\/wp-json\/wp\/v2\/types\/post"}],"author":[{"embeddable":true,"href":"https:\/\/infotorrent.es\/ca\/wp-json\/wp\/v2\/users\/20"}],"replies":[{"embeddable":true,"href":"https:\/\/infotorrent.es\/ca\/wp-json\/wp\/v2\/comments?post=79061"}],"version-history":[{"count":1,"href":"https:\/\/infotorrent.es\/ca\/wp-json\/wp\/v2\/posts\/79061\/revisions"}],"predecessor-version":[{"id":79071,"href":"https:\/\/infotorrent.es\/ca\/wp-json\/wp\/v2\/posts\/79061\/revisions\/79071"}],"wp:featuredmedia":[{"embeddable":true,"href":"https:\/\/infotorrent.es\/ca\/wp-json\/wp\/v2\/media\/79064"}],"wp:attachment":[{"href":"https:\/\/infotorrent.es\/ca\/wp-json\/wp\/v2\/media?parent=79061"}],"wp:term":[{"taxonomy":"category","embeddable":true,"href":"https:\/\/infotorrent.es\/ca\/wp-json\/wp\/v2\/categories?post=79061"},{"taxonomy":"post_tag","embeddable":true,"href":"https:\/\/infotorrent.es\/ca\/wp-json\/wp\/v2\/tags?post=79061"}],"curies":[{"name":"wp","href":"https:\/\/api.w.org\/{rel}","templated":true}]}}