{"id":78960,"date":"2025-03-16T18:15:19","date_gmt":"2025-03-16T17:15:19","guid":{"rendered":"https:\/\/infotorrent.es\/?p=78960"},"modified":"2025-03-16T18:18:43","modified_gmt":"2025-03-16T17:18:43","slug":"antoni-pardo-en-major-i-sant-roc-en-infantil-millors-falles-de-torrent-2025","status":"publish","type":"post","link":"https:\/\/infotorrent.es\/ca\/ayuntamiento-de-torrent-ca\/antoni-pardo-en-major-i-sant-roc-en-infantil-millors-falles-de-torrent-2025\/","title":{"rendered":"Antoni Pardo en major i Sant Roc en Infantil, millors falles de Torrent 2025"},"content":{"rendered":"\n<p>Torrent ja coneix les seues millors Falles de 2025<\/p>\n\n\n\n<p>La ciutat de Torrent ha viscut un dels moments m\u00e9s esperats de les Falles de 2025 amb l&#8217;anunci dels millors monuments de l&#8217;any. A partir de les 17.00 hores, als peus de la Torre, les Falleres Majors de la ciutat, Alicia i Ana, han llegit les actes dels jurats, revelant les comissions guanyadores.<\/p>\n\n\n\n<p>En la categoria major, la millor Falla de Torrent ha sigut la Falla Antoni Pardo, amb un monument realitzat per l&#8217;artista Sacabutx Art i sota el lema \u201cDoble L: llengua, llenguatge, llibertat\u201d. Per part seua, en la categoria infantil, el m\u00e0xim guard\u00f3 ha sigut per a la Falla Pla\u00e7a Sant Roc, l&#8217;obra de la qual, amb el lema \u201cCosa de 2\u201d, ha sigut creada per l&#8217;artista Santi Mu\u00f1oz.<\/p>\n\n\n\n<p>La pla\u00e7a s&#8217;ha omplit de fallers que han celebrat amb entusiasme l&#8217;anunci de cada un dels premis. A m\u00e9s dels premis de JLF, s&#8217;han atorgat altres reconeixements, entre ells el Premi de Premsa Local L&#8217;Opini\u00f3 de Torrent, que ha sigut per a la Falla Sant Valeriano, seguida de la Falla Pla\u00e7a Sant Roc i la Falla Avinguda.<\/p>\n\n\n\n<p>Premis en la categoria major<\/p>\n\n\n\n<p>Secci\u00f3 Especial<br>\u2022 Primer premi: Falla Antoni Pardo<br>\u2022 Segon premi: Falla Avinguda<br>\u2022 Tercer premi: Falla Pla\u00e7a Sant Roc<br>\u2022 Enginy i Gr\u00e0cia: Falla Avinguda<\/p>\n\n\n\n<p>Secci\u00f3 Primera<br>\u2022 Primer premi: Falla Lope de Rueda<br>\u2022 Segundo premi: Falla Reina Sofia<br>\u2022 Tercer premi:    Falla Sedav\u00ed<br>\u2022 Enginy i Gr\u00e0cia: Falla Sedav\u00ed<\/p>\n\n\n\n<p>Secci\u00f3 Segona<br>\u2022 Primer premi: Falla Poble Nou<br>\u2022 Segon premi: Falla Carrer Toledo<br>\u2022 Tercer premi: Falla Saragossa Parc Central<br>\u2022 Enginy i Gr\u00e0cia: Falla Carrer Toledo<\/p>\n\n\n\n<p>Secci\u00f3 Tercera<br>\u2022 Primer premi: Falla Cam\u00ed Reial<br>\u2022 Segon premi: Falla El Moli<br>\u2022 Tercer premi: Falla Parc de Trenor<br>\u2022 Enginy i Gr\u00e0cia: Falla Sant Amador Esparter<\/p>\n\n\n\n<p>Premis en la categoria infantil<\/p>\n\n\n\n<p>Secci\u00f3 Especial<br>\u2022 Primer premi: Falla Sant Roc<br>\u2022 Segon premi: Falla Cronista Vicent Beguer Esteve<br>\u2022 Tercer premie: Falla \u00c0ngel de l&#8217;Alc\u00e1zar<br>\u2022 Enginy i Gr\u00e0cia: Falla Sant Roc<\/p>\n\n\n\n<p>Secci\u00f3 Primera<br>\u2022 Primer premi: Falla Segon Tram Avinguda del Pa\u00eds Valenci\u00e0<br>\u2022 Segon premi: Falla Avinguda Reina Sofia<br>\u2022 Tercer premi: Falla de la Pla\u00e7a<br>\u2022 Enginy i Gr\u00e0cia: Falla Segon Tram Avinguda del Pa\u00eds Valenci\u00e0<\/p>\n\n\n\n<p>Secci\u00f3 Segona<br>\u2022 Primer premi: Falla Saragossa Parc Central<br>\u2022 Segon premi: Falla Sedav\u00ed<br>\u2022 Tercer premi: Falla Poble Nou<br>\u2022 Enginy i Gr\u00e0cia: Falla Carrer Toledo<\/p>\n\n\n\n<p>Secci\u00f3 Tercera<br>\u2022 Primer premi: Falla Parc de Trenor<br>\u2022 Segon premi: Falla Cam\u00ed Reial<br>\u2022 Tercer premi: Falla Pla\u00e7a de la Conc\u00f2rdia<br>\u2022 Enginy i Gr\u00e0cia: Falla Santa Ll\u00facia<\/p>\n\n\n\n<p>Premis de Promoci\u00f3 de l&#8217;\u00das del Valenci\u00e0<br>\u2022 Primer premi: Falla Cam\u00ed Reial<br>\u2022 Segon premi: Falla Pla\u00e7a Sant Roc<br>\u2022 Tercer premi: Falla Antoni Pardo<br>Premi al millor llibret: Falla Cami Reial<\/p>\n\n\n\n<p>Amb estos premis, Torrent posa en valor l&#8217;esfor\u00e7 i la creativitat de les comissions falleres en un any on la tradici\u00f3 i la cultura han tornat a brillar en cada rac\u00f3 de la ciutat, a m\u00e9s enguany s&#8217;ha incrementat el pressupost dels premis.<\/p>\n\n\n\n<figure class=\"wp-block-image size-large\"><img fetchpriority=\"high\" decoding=\"async\" width=\"1024\" height=\"682\" src=\"https:\/\/infotorrent.es\/wp-content\/uploads\/2025\/03\/premio1-1024x682.jpg\" alt=\"\" class=\"wp-image-78951\" srcset=\"https:\/\/infotorrent.es\/wp-content\/uploads\/2025\/03\/premio1-1024x682.jpg 1024w, https:\/\/infotorrent.es\/wp-content\/uploads\/2025\/03\/premio1-300x200.jpg 300w, https:\/\/infotorrent.es\/wp-content\/uploads\/2025\/03\/premio1-768x512.jpg 768w, https:\/\/infotorrent.es\/wp-content\/uploads\/2025\/03\/premio1-1536x1023.jpg 1536w, https:\/\/infotorrent.es\/wp-content\/uploads\/2025\/03\/premio1.jpg 1600w\" sizes=\"(max-width: 1024px) 100vw, 1024px\" \/><\/figure>\n\n\n\n<figure class=\"wp-block-image size-large\"><img decoding=\"async\" width=\"1024\" height=\"682\" src=\"https:\/\/infotorrent.es\/wp-content\/uploads\/2025\/03\/premio2-1024x682.jpg\" alt=\"\" class=\"wp-image-78953\" srcset=\"https:\/\/infotorrent.es\/wp-content\/uploads\/2025\/03\/premio2-1024x682.jpg 1024w, https:\/\/infotorrent.es\/wp-content\/uploads\/2025\/03\/premio2-300x200.jpg 300w, https:\/\/infotorrent.es\/wp-content\/uploads\/2025\/03\/premio2-768x512.jpg 768w, https:\/\/infotorrent.es\/wp-content\/uploads\/2025\/03\/premio2-1536x1023.jpg 1536w, https:\/\/infotorrent.es\/wp-content\/uploads\/2025\/03\/premio2.jpg 1600w\" sizes=\"(max-width: 1024px) 100vw, 1024px\" \/><\/figure>\n\n\n\n<figure class=\"wp-block-image size-large\"><img decoding=\"async\" width=\"1024\" height=\"682\" src=\"https:\/\/infotorrent.es\/wp-content\/uploads\/2025\/03\/premio3-1024x682.jpg\" alt=\"\" class=\"wp-image-78955\" srcset=\"https:\/\/infotorrent.es\/wp-content\/uploads\/2025\/03\/premio3-1024x682.jpg 1024w, https:\/\/infotorrent.es\/wp-content\/uploads\/2025\/03\/premio3-300x200.jpg 300w, https:\/\/infotorrent.es\/wp-content\/uploads\/2025\/03\/premio3-768x512.jpg 768w, https:\/\/infotorrent.es\/wp-content\/uploads\/2025\/03\/premio3-1536x1023.jpg 1536w, https:\/\/infotorrent.es\/wp-content\/uploads\/2025\/03\/premio3.jpg 1600w\" sizes=\"(max-width: 1024px) 100vw, 1024px\" \/><\/figure>\n\n\n\n<figure class=\"wp-block-image size-large\"><img loading=\"lazy\" decoding=\"async\" width=\"1024\" height=\"682\" src=\"https:\/\/infotorrent.es\/wp-content\/uploads\/2025\/03\/premio4-1024x682.jpg\" alt=\"\" class=\"wp-image-78957\" srcset=\"https:\/\/infotorrent.es\/wp-content\/uploads\/2025\/03\/premio4-1024x682.jpg 1024w, https:\/\/infotorrent.es\/wp-content\/uploads\/2025\/03\/premio4-300x200.jpg 300w, https:\/\/infotorrent.es\/wp-content\/uploads\/2025\/03\/premio4-768x512.jpg 768w, https:\/\/infotorrent.es\/wp-content\/uploads\/2025\/03\/premio4-1536x1023.jpg 1536w, https:\/\/infotorrent.es\/wp-content\/uploads\/2025\/03\/premio4.jpg 1600w\" sizes=\"(max-width: 1024px) 100vw, 1024px\" \/><\/figure>\n","protected":false},"excerpt":{"rendered":"<p>Torrent ja coneix les seues millors Falles de 2025 La ciutat de Torrent ha viscut un dels moments m\u00e9s esperats de les Falles de 2025 amb l&#8217;anunci dels millors monuments de l&#8217;any. A partir de les 17.00 hores, als peus de la Torre, les Falleres Majors de la ciutat, Alicia i Ana, han llegit les [&hellip;]<\/p>\n","protected":false},"author":18,"featured_media":78961,"comment_status":"open","ping_status":"open","sticky":false,"template":"","format":"standard","meta":{"_acf_changed":false,"footnotes":""},"categories":[1190,1171],"tags":[],"class_list":["post-78960","post","type-post","status-publish","format-standard","has-post-thumbnail","hentry","category-ayuntamiento-de-torrent-ca","category-fallas-ca"],"acf":[],"_links":{"self":[{"href":"https:\/\/infotorrent.es\/ca\/wp-json\/wp\/v2\/posts\/78960","targetHints":{"allow":["GET"]}}],"collection":[{"href":"https:\/\/infotorrent.es\/ca\/wp-json\/wp\/v2\/posts"}],"about":[{"href":"https:\/\/infotorrent.es\/ca\/wp-json\/wp\/v2\/types\/post"}],"author":[{"embeddable":true,"href":"https:\/\/infotorrent.es\/ca\/wp-json\/wp\/v2\/users\/18"}],"replies":[{"embeddable":true,"href":"https:\/\/infotorrent.es\/ca\/wp-json\/wp\/v2\/comments?post=78960"}],"version-history":[{"count":2,"href":"https:\/\/infotorrent.es\/ca\/wp-json\/wp\/v2\/posts\/78960\/revisions"}],"predecessor-version":[{"id":78964,"href":"https:\/\/infotorrent.es\/ca\/wp-json\/wp\/v2\/posts\/78960\/revisions\/78964"}],"wp:featuredmedia":[{"embeddable":true,"href":"https:\/\/infotorrent.es\/ca\/wp-json\/wp\/v2\/media\/78961"}],"wp:attachment":[{"href":"https:\/\/infotorrent.es\/ca\/wp-json\/wp\/v2\/media?parent=78960"}],"wp:term":[{"taxonomy":"category","embeddable":true,"href":"https:\/\/infotorrent.es\/ca\/wp-json\/wp\/v2\/categories?post=78960"},{"taxonomy":"post_tag","embeddable":true,"href":"https:\/\/infotorrent.es\/ca\/wp-json\/wp\/v2\/tags?post=78960"}],"curies":[{"name":"wp","href":"https:\/\/api.w.org\/{rel}","templated":true}]}}