{"id":78884,"date":"2025-03-14T12:29:27","date_gmt":"2025-03-14T11:29:27","guid":{"rendered":"https:\/\/infotorrent.es\/uncategorized\/exito-de-la-exposicion-del-ninot-de-torrent-2025-con-la-visita-de-1-400-escolares\/"},"modified":"2025-03-14T12:37:17","modified_gmt":"2025-03-14T11:37:17","slug":"exito-de-la-exposicion-del-ninot-de-torrent-2025-con-la-visita-de-1-400-escolares","status":"publish","type":"post","link":"https:\/\/infotorrent.es\/ca\/cultura-es-2\/exito-de-la-exposicion-del-ninot-de-torrent-2025-con-la-visita-de-1-400-escolares\/","title":{"rendered":"\u00c8xit de l&#8217;Exposici\u00f3 del Ninot de Torrent 2025 amb la visita de 1.400 escolars"},"content":{"rendered":"\n<p><strong>Els escolars han pogut dibuixar el seu ninot favorit, a m\u00e9s de pintar un vestit de faller per a Bollet, la mascota de xocolate de Torrent<\/strong><\/p>\n\n\n\n<p>L&#8217;Exposici\u00f3 del Ninot de Torrent 2025 ha rebut la visita d&#8217;al voltant de 1.400 xiquets i xiquetes des de la seua obertura el passat 25 de febrer fins hui, consolidant-se per segon any com una activitat did\u00e0ctica i cultural de refer\u00e8ncia per als escolars de la ciutat.<\/p>\n\n\n\n<p>Des de la Regidoria de Cultura i Falles es va convidar als centres educatius a participar en esta iniciativa, proporcionant-los a m\u00e9s un dossier perqu\u00e8 els alumnes pogueren dibuixar el seu ninot favorit i dissenyar un nou vestit faller per a \u201cBollet\u201d, l&#8217;emblem\u00e0tica mascota de xocolate de Torrent. D&#8217;esta manera, la visita s&#8217;ha convertit en una experi\u00e8ncia completa i participativa per als m\u00e9s xicotets.<\/p>\n\n\n\n<p>Durant els matins, els escolars de diferents col\u00b7legis de Torrent han acudit a l&#8217;exposici\u00f3 acompanyats pels seus professors, disfrutant de la creativitat i l&#8217;art faller. No obstant aix\u00f2, a causa de la suspensi\u00f3 temporal de l&#8217;exposici\u00f3 i de les classes durant tres dies a causa d&#8217;alertes meteorol\u00f2giques, el nombre de visites ha sigut menor de l&#8217;esperat, ja que alguns centres no van poder assistir.<\/p>\n\n\n\n<p>Els xiquets i xiquetes han pogut con\u00e9ixer de prop les propostes presentades per les diferents comissions falleres de la ciutat, tant en categoria major com infantil, aix\u00ed com els dos ninots que se salvaran del foc el pr\u00f2xim 19 de mar\u00e7. Enguany, el Ninot Indultat ha sigut el de la Falla Avinguda Reina Sofia &#8211; Pedro Iturralde i voltants, obra de l&#8217;artista Maurici Morera Santos, que plantar\u00e0 en secci\u00f3 Primera. Per part seua, el Ninot Indultat Infantil ha sigut el presentat per la Falla \u00c0ngel de l&#8217;Alc\u00e0sser, de l&#8217;artista Francisco Tarazona Garc\u00eda (Pam de Nas), que s&#8217;exhibir\u00e0 en la secci\u00f3 Especial.<\/p>\n\n\n\n<p>Entre els centres educatius participants es troben el CEIP Sant Joan Baptista, el CEIP El Vaig moldre, el Col\u00b7legi Santa Teresa de Jes\u00fas, el Col\u00b7legi Sant Tom\u00e0s d&#8217;Aquino, el CEIP Els Terretes, el Col\u00b7legi Mont-Si\u00f3n i el CEIP Lope de Vega, amb alumnes d&#8217;entre 2 i 5 anys, aix\u00ed com de 1r a 6\u00e9 de Prim\u00e0ria.<\/p>\n\n\n\n<p>El regidor de Falles, Aitor S\u00e1nchez, ha valorat molt positivament la participaci\u00f3 dels escolars en esta segona edici\u00f3 de l&#8217;Exposici\u00f3 del Ninot dirigida als col\u00b7legis:\u00a0<strong>\u201c\u00c9s una gran satisfacci\u00f3 veure com els xiquets i xiquetes de Torrent se submergixen en la nostra tradici\u00f3, a donar valor al treball dels artistes i aprenen a valorar la import\u00e0ncia del monument, des de xicotets. Volem que esta iniciativa es consolide cada any com una activitat imprescindible dins de la programaci\u00f3 fallera\u201d.<\/strong><\/p>\n\n\n\n<p>L&#8217;Exposici\u00f3 del Ninot 2025 tanca hui les seues portes a les 13.30 hores amb un notable \u00e8xit de visitants, especialment escolars de la ciutat. Els ninots seran retirats per a la seua incorporaci\u00f3 en la plant\u00e0 de les Falles, que ja comencen a poblar els carrers, places i creus de Torrent a nom\u00e9s un dia de l&#8217;esperada Nit de la Plant\u00e0, el 15 de mar\u00e7.<\/p>\n\n\n\n<figure class=\"wp-block-gallery has-nested-images columns-default is-cropped wp-block-gallery-1 is-layout-flex wp-block-gallery-is-layout-flex\">\n<figure class=\"wp-block-image size-large\"><img fetchpriority=\"high\" decoding=\"async\" width=\"768\" height=\"1024\" data-id=\"78876\" src=\"https:\/\/infotorrent.es\/wp-content\/uploads\/2025\/03\/WhatsApp-Image-2025-03-14-at-11.34.47-768x1024.jpeg\" alt=\"\" class=\"wp-image-78876\" srcset=\"https:\/\/infotorrent.es\/wp-content\/uploads\/2025\/03\/WhatsApp-Image-2025-03-14-at-11.34.47-768x1024.jpeg 768w, https:\/\/infotorrent.es\/wp-content\/uploads\/2025\/03\/WhatsApp-Image-2025-03-14-at-11.34.47-225x300.jpeg 225w, https:\/\/infotorrent.es\/wp-content\/uploads\/2025\/03\/WhatsApp-Image-2025-03-14-at-11.34.47-1152x1536.jpeg 1152w, https:\/\/infotorrent.es\/wp-content\/uploads\/2025\/03\/WhatsApp-Image-2025-03-14-at-11.34.47.jpeg 1536w\" sizes=\"(max-width: 768px) 100vw, 768px\" \/><\/figure>\n\n\n\n<figure class=\"wp-block-image size-large\"><img decoding=\"async\" width=\"1024\" height=\"768\" data-id=\"78878\" src=\"https:\/\/infotorrent.es\/wp-content\/uploads\/2025\/03\/WhatsApp-Image-2025-03-14-at-11.34.40-1024x768.jpeg\" alt=\"\" class=\"wp-image-78878\" srcset=\"https:\/\/infotorrent.es\/wp-content\/uploads\/2025\/03\/WhatsApp-Image-2025-03-14-at-11.34.40-1024x768.jpeg 1024w, https:\/\/infotorrent.es\/wp-content\/uploads\/2025\/03\/WhatsApp-Image-2025-03-14-at-11.34.40-300x225.jpeg 300w, https:\/\/infotorrent.es\/wp-content\/uploads\/2025\/03\/WhatsApp-Image-2025-03-14-at-11.34.40-768x576.jpeg 768w, https:\/\/infotorrent.es\/wp-content\/uploads\/2025\/03\/WhatsApp-Image-2025-03-14-at-11.34.40-1536x1152.jpeg 1536w, https:\/\/infotorrent.es\/wp-content\/uploads\/2025\/03\/WhatsApp-Image-2025-03-14-at-11.34.40.jpeg 2048w\" sizes=\"(max-width: 1024px) 100vw, 1024px\" \/><\/figure>\n\n\n\n<figure class=\"wp-block-image size-large\"><img decoding=\"async\" width=\"1024\" height=\"768\" data-id=\"78880\" src=\"https:\/\/infotorrent.es\/wp-content\/uploads\/2025\/03\/WhatsApp-Image-2025-03-14-at-11.35.15-1024x768.jpeg\" alt=\"\" class=\"wp-image-78880\" srcset=\"https:\/\/infotorrent.es\/wp-content\/uploads\/2025\/03\/WhatsApp-Image-2025-03-14-at-11.35.15-1024x768.jpeg 1024w, https:\/\/infotorrent.es\/wp-content\/uploads\/2025\/03\/WhatsApp-Image-2025-03-14-at-11.35.15-300x225.jpeg 300w, https:\/\/infotorrent.es\/wp-content\/uploads\/2025\/03\/WhatsApp-Image-2025-03-14-at-11.35.15-768x576.jpeg 768w, https:\/\/infotorrent.es\/wp-content\/uploads\/2025\/03\/WhatsApp-Image-2025-03-14-at-11.35.15-1536x1152.jpeg 1536w, https:\/\/infotorrent.es\/wp-content\/uploads\/2025\/03\/WhatsApp-Image-2025-03-14-at-11.35.15.jpeg 2048w\" sizes=\"(max-width: 1024px) 100vw, 1024px\" \/><\/figure>\n<\/figure>\n","protected":false},"excerpt":{"rendered":"<p>Els escolars han pogut dibuixar el seu ninot favorit, a m\u00e9s de pintar un vestit de faller per a Bollet, la mascota de xocolate de Torrent L&#8217;Exposici\u00f3 del Ninot de Torrent 2025 ha rebut la visita d&#8217;al voltant de 1.400 xiquets i xiquetes des de la seua obertura el passat 25 de febrer fins hui, [&hellip;]<\/p>\n","protected":false},"author":15,"featured_media":78888,"comment_status":"open","ping_status":"open","sticky":false,"template":"","format":"standard","meta":{"_acf_changed":false,"footnotes":""},"categories":[126,1171],"tags":[],"class_list":["post-78884","post","type-post","status-publish","format-standard","has-post-thumbnail","hentry","category-cultura-es-2","category-fallas-ca"],"acf":[],"_links":{"self":[{"href":"https:\/\/infotorrent.es\/ca\/wp-json\/wp\/v2\/posts\/78884","targetHints":{"allow":["GET"]}}],"collection":[{"href":"https:\/\/infotorrent.es\/ca\/wp-json\/wp\/v2\/posts"}],"about":[{"href":"https:\/\/infotorrent.es\/ca\/wp-json\/wp\/v2\/types\/post"}],"author":[{"embeddable":true,"href":"https:\/\/infotorrent.es\/ca\/wp-json\/wp\/v2\/users\/15"}],"replies":[{"embeddable":true,"href":"https:\/\/infotorrent.es\/ca\/wp-json\/wp\/v2\/comments?post=78884"}],"version-history":[{"count":1,"href":"https:\/\/infotorrent.es\/ca\/wp-json\/wp\/v2\/posts\/78884\/revisions"}],"predecessor-version":[{"id":78887,"href":"https:\/\/infotorrent.es\/ca\/wp-json\/wp\/v2\/posts\/78884\/revisions\/78887"}],"wp:featuredmedia":[{"embeddable":true,"href":"https:\/\/infotorrent.es\/ca\/wp-json\/wp\/v2\/media\/78888"}],"wp:attachment":[{"href":"https:\/\/infotorrent.es\/ca\/wp-json\/wp\/v2\/media?parent=78884"}],"wp:term":[{"taxonomy":"category","embeddable":true,"href":"https:\/\/infotorrent.es\/ca\/wp-json\/wp\/v2\/categories?post=78884"},{"taxonomy":"post_tag","embeddable":true,"href":"https:\/\/infotorrent.es\/ca\/wp-json\/wp\/v2\/tags?post=78884"}],"curies":[{"name":"wp","href":"https:\/\/api.w.org\/{rel}","templated":true}]}}