{"id":78860,"date":"2025-03-14T10:55:19","date_gmt":"2025-03-14T09:55:19","guid":{"rendered":"https:\/\/infotorrent.es\/?p=78860"},"modified":"2025-03-14T10:55:32","modified_gmt":"2025-03-14T09:55:32","slug":"la-placa-del-bisbe-de-torrent-vibrara-amb-la-polvora-so-i-tradicio-del-16-al-19-de-marc-durant-les-falles-2025","status":"publish","type":"post","link":"https:\/\/infotorrent.es\/ca\/fallas-ca\/la-placa-del-bisbe-de-torrent-vibrara-amb-la-polvora-so-i-tradicio-del-16-al-19-de-marc-durant-les-falles-2025\/","title":{"rendered":"La Pla\u00e7a del Bisbe de Torrent vibrar\u00e0 amb la p\u00f3lvora, so i tradici\u00f3 del 16 al 19 de mar\u00e7 durant les Falles 2025"},"content":{"rendered":"\n<p><strong>Els torrentinos i visitants tenen la seua cita di\u00e0ria a les 14.30 hores<\/strong><\/p>\n\n\n\n<p><strong>L&#8217;ajuntament agra\u00efx, per segon any consecutiu, el comprom\u00eds, aposta i esfor\u00e7 dels patrocinadors per mantindre viva la m\u00e0gia de la tradici\u00f3 pirot\u00e8cnica<\/strong><\/p>\n\n\n\n<p>Torrent es prepara per a viure intensament la setmana gran de les Falles 2025, des del 16 fins al 19 de mar\u00e7, amb espectacles pirot\u00e8cnics \u00fanics i carregats de tradici\u00f3 que posaran en valor el llegat cultural d&#8217;estes emblem\u00e0tiques festes josefinas. Despr\u00e9s del reconeixement i homenatge el passat 28 de febrer a pirot\u00e8cnics i patrocinadors i posterior celebraci\u00f3 de l\u2019Arribada del Foc, Torrent es prepara per a rebre les quatre gran masclet\u00e0es en la seua setmana gran fallera.<\/p>\n\n\n\n<p><strong>16 de mar\u00e7<\/strong><\/p>\n\n\n\n<p><strong>El dia 16 de mar\u00e7 marca l&#8217;inici d&#8217;una vibrant s\u00e8rie de masclet\u00e0s, comen\u00e7ant amb l&#8217;actuaci\u00f3 de la pirot\u00e8cnia Nadal Mart\u00ed de l&#8217;Olleria en la Pla\u00e7a del Bisbe Benlloch a les 14.30 hores, patrocinada per Family Cash.<\/strong><\/p>\n\n\n\n<p>Nuria Mart\u00ed \u00e9s una de les dones pioneres de la pirot\u00e9cnia valenciana, el seu besavi de N\u00faria va ser el fundador de l&#8217;empresa en 1932, en aquell moment es denominava Pirot\u00e8cnia Ubeda. En 1950, despr\u00e9s del relleu generacional, es va dir Pirot\u00e8cnia Germans Ubeda. En eixa \u00e8poca es van aconseguir grans assoliments a nivell mundial incloent el primer premi en el concurs internacional de M\u00f2naco en 1966. En 1980 Francisco Nadal adquirix el taller que va fundar el seu avi per a comen\u00e7ar la seua marxa en solitari, en 2008 la direcci\u00f3 passa a les mans dels seus fills.<\/p>\n\n\n\n<p>Han disparat en les festes patronals de desenes de poblacions de tota la Comunitat Valenciana i ciutats espanyoles. L&#8217;any passat van disparar la masclet\u00e1 de l&#8217;Associaci\u00f3 Fallers pel M\u00f3n a Almeria.<\/p>\n\n\n\n<p>Una pirot\u00e9cnia reconeguda per combinar la tradici\u00f3 artesanal amb innovadores t\u00e8cniques pirot\u00e8cniques, ha participat hist\u00f2ricament en esdeveniments rellevants en tota la Comunitat Valenciana, guanyant-se el respecte i admiraci\u00f3 tant del p\u00fablic com del gremi pirot\u00e8cnic.<\/p>\n\n\n\n<p>Eixa mateixa vesprada continua el programa faller celebrant-se l&#8217;emotiu i tradicional trasllat de la Mare de D\u00e9u i el lliurament de premis a les comissions falleres, reconeixent el seu esfor\u00e7 creatiu i art\u00edstic.<\/p>\n\n\n\n<p><strong>17 de mar\u00e7<\/strong><\/p>\n\n\n\n<p><strong>El 17 de mar\u00e7, la pirot\u00e8cnia Piroalpa d&#8217;Altura ser\u00e0 l&#8217;encarregada d&#8217;oferir un espectacle explosiu que ressonar\u00e0 en la mateixa pla\u00e7a a les 14.30 hores i patrocinada per Family Cash, Caixa Popular, Aig\u00fces de l&#8217;Horta, FCC, Hidraqua i Esber SL.<\/strong><\/p>\n\n\n\n<p>Pirot\u00e8cnia Zarzoso d&#8217;Altura, amb m\u00e9s de 80 anys d&#8217;experi\u00e8ncia a la seua esquena, va tirar el tancament el mes de juny passat de 2024, per\u00f2 part dels seus treballadors, amb Francisco Sancho al capdavant, van decidir uns mesos despr\u00e9s refundar l&#8217;empresa sota el nom de Pirot\u00e8cnia Alt Pal\u00e0ncia, ocupant les mateixes instal\u00b7lacions que l&#8217;extinta Zarzoso tenia en la partida dels Cr\u00e9ixens en la localitat castellonenca d&#8217;Altura. Aix\u00ed naix Piroalpa, una pirot\u00e8cnia jove per\u00f2 formada per un equip amb anys d&#8217;experi\u00e8ncia.<\/p>\n\n\n\n<p>Malgrat la seua curta traject\u00f2ria, Piroalpa ha tingut temps de disparar en les festes patronals de la seua localitat d&#8217;origen, Altura i a Val\u00e8ncia, a m\u00e9s de proveir del Tro de Bac per a macrodespert\u00e0es.<\/p>\n\n\n\n<p>Este tret antecedix a la tradicional Ofrena de Flores a la Verge dels Desemparats, en la qual m\u00e9s de 7.000 fallers i falleres vestiran els carrers de Torrent amb color i devoci\u00f3, formant un espectacular mantell floral als peus de la patrona.<\/p>\n\n\n\n<p><strong>18 de mar\u00e7<\/strong><\/p>\n\n\n\n<p><strong>El dia 18, la p\u00f3lvora estar\u00e0 en mans de la pirot\u00e8cnia Vulc\u00e0 de Villarejo de Salvan\u00e9s (Madrid), a les 14.30 hores, oferiran una masclet\u00e0 en la Pla\u00e7a del Bisbe Benlloch, patrocinada per Family Cash, Caixa Popular, Aig\u00fces de l&#8217;Horta, FCC, Hidraqua i Esber SL.<\/strong><\/p>\n\n\n\n<p>En 1987 en la localitat madrilenya de Villarejo de Salvan\u00e9s naixia la pirot\u00e8cnia Vulc\u00e0. Actualment disposen d&#8217;un taller de pirot\u00e8cnia que compta amb una extensi\u00f3 de m\u00e9s de 75.000 m\u00b2 i un total de 25 edificacions de treball, amb una capacitat d&#8217;emmagatzematge de 114.000 kg de mat\u00e8ria reglamentada. I des de 2019 disposen d&#8217;un altre taller instal\u00b7lat en la localitat de Tur\u00eds. Amb una extensi\u00f3 de m\u00e9s de 17.000 m\u00b2 i un total de 9 edificacions de treball, 2 de les quals estan destinades a l&#8217;emmagatzematge del producte acabat amb una capacitat de 45.000 kg de mat\u00e8ria reglamentada.<\/p>\n\n\n\n<p>Vulc\u00e0 \u00e9s admirada per l&#8217;espectacularitat visual dels seus esdeveniments, destacant per coreografies a\u00e8ries impressionants i eixordadores combinacions terrestres que reflectixen una passi\u00f3 per mantindre viva l&#8217;ess\u00e8ncia m\u00e9s pura de la p\u00f3lvora valenciana. Pirot\u00e8cnia Vulc\u00e0 aposta per la qualitat dels seus productes, innovant en disseny, efectes i en la incorporaci\u00f3 de noves tecnologies.<\/p>\n\n\n\n<p>Esta masclet\u00e0 ser\u00e0 l&#8217;avantsala al Homenatge a Sant Josep i la celebraci\u00f3 de la tradicional Dans\u00e0, ressaltant la devoci\u00f3 i cultura popular torrentinas.<\/p>\n\n\n\n<p><strong>19 de mar\u00e7<\/strong><br><strong>Finalment, el dia gran, el 19 de mar\u00e7, coincidint amb la festivitat de San Jos\u00e9, patr\u00f3 de la ciutat, la reconeguda Pirot\u00e8cnia Germans Caballer d&#8217;Almenara tancar\u00e0 el cicle de masclet\u00e0s a les 14.30 hores, patrocinada per Esber SL.<\/strong><\/p>\n\n\n\n<p>Van ser els encarregats d&#8217;obrir el calendari pirot\u00e8cnic amb el tret el passat 28 de febrer en l\u2019Arribada del *Foc. Germans Caballer \u00e9s una empresa de pirot\u00e8cnia consolidada en el mercat, amb m\u00e9s de 18 anys d&#8217;experi\u00e8ncia com a marca independent, per\u00f2 amb un llarg recorregut que es remunta a 1880 amb la fundaci\u00f3 de Pirot\u00e8cnia Germans Caballer, per part del seu besavi Vicente Caballer Zamorano. D&#8217;esta saga familiar de pirot\u00e8cnics, Jos\u00e9 i Jorge Caballer, han heretat un esperit de superaci\u00f3 i un \u00e0nim de ser els millors, que els porta en 1999 a independitzar-se per a desenrotllar les seues pr\u00f2pies idees i projectes, m\u00e9s innovadors i moderns. Han participat en els cert\u00e0mens pirot\u00e8cnics internacionals m\u00e9s prestigiosos.<\/p>\n\n\n\n<p>Germans Caballer, aut\u00e8ntics artesans del foc amb diverses generacions de tradici\u00f3 familiar, s\u00f3n especialment coneguts pels seus impressionants espectacles internacionals i per haver revolucionat l&#8217;art de la p\u00f3lvora amb innovadores t\u00e8cniques digitals.<\/p>\n\n\n\n<p>Abans del tret d&#8217;esta, es retr\u00e0 homenatge, un any m\u00e9s i dins del Programa Falles 2025, al faller en l&#8217;escultura del Granerer i despr\u00e9s de la m\u00e1sclet\u00e0 i ja a la nit es donar\u00e0 pas a les crem\u00e0s de les falles torrentinas.<\/p>\n\n\n\n<p>El regidor de Falles, Aitor S\u00e1nchez ha assenyalat que <strong>\u201cTorrent consolida aix\u00ed la seua rellev\u00e0ncia cultural com a ciutat referent en l&#8217;\u00e0mbit festiu valenci\u00e0, reconeixent i homenatjant la labor essencial dels mestres pirot\u00e8cnics, els qui amb precisi\u00f3, creativitat i valentia, transformen la p\u00f3lvora en emoci\u00f3 pura, i aix\u00ed mateix, als patrocinadors que amb la seua aposta ferma i esfor\u00e7 fan que la m\u00e0gia es mantinga viva i continue emocionant en les nostres falles, una festa declarada d&#8217;Inter\u00e9s Tur\u00edstic Auton\u00f2mic des de 2015\u201d.<\/strong><\/p>\n\n\n\n<p><strong>\u201cAmb estos patrocinis, que es van posar en marxa per primera vegada l&#8217;any passat, l&#8217;Ajuntament aconseguix alleujar part del gasto econ\u00f2mic municipal, la qual cosa es tradu\u00efx en una millora notable en la qualitat i espectacularitat de les masclet\u00e0s i altres espectacles pirot\u00e8cnics. A m\u00e9s, esta iniciativa impulsa i enfortix la col\u00b7laboraci\u00f3 p\u00fablic-privada, generant sinergies que beneficien a tota la comunitat fallera i contribu\u00efxen a preservar la tradici\u00f3 i cultura pirot\u00e8cnica torrentina\u201d<\/strong>, ha afegit el regidor.<\/p>\n\n\n\n<figure class=\"wp-block-image size-large\"><img fetchpriority=\"high\" decoding=\"async\" width=\"1024\" height=\"682\" src=\"https:\/\/infotorrent.es\/wp-content\/uploads\/2025\/03\/3-11-1024x682.jpg\" alt=\"\" class=\"wp-image-78861\" srcset=\"https:\/\/infotorrent.es\/wp-content\/uploads\/2025\/03\/3-11-1024x682.jpg 1024w, https:\/\/infotorrent.es\/wp-content\/uploads\/2025\/03\/3-11-300x200.jpg 300w, https:\/\/infotorrent.es\/wp-content\/uploads\/2025\/03\/3-11-768x512.jpg 768w, https:\/\/infotorrent.es\/wp-content\/uploads\/2025\/03\/3-11-1536x1023.jpg 1536w, https:\/\/infotorrent.es\/wp-content\/uploads\/2025\/03\/3-11.jpg 1600w\" sizes=\"(max-width: 1024px) 100vw, 1024px\" \/><\/figure>\n\n\n\n<figure class=\"wp-block-gallery has-nested-images columns-default is-cropped wp-block-gallery-1 is-layout-flex wp-block-gallery-is-layout-flex\">\n<figure class=\"wp-block-image size-large\"><img decoding=\"async\" width=\"1024\" height=\"682\" data-id=\"78865\" src=\"https:\/\/infotorrent.es\/wp-content\/uploads\/2025\/03\/5-5-1024x682.jpg\" alt=\"\" class=\"wp-image-78865\" srcset=\"https:\/\/infotorrent.es\/wp-content\/uploads\/2025\/03\/5-5-1024x682.jpg 1024w, https:\/\/infotorrent.es\/wp-content\/uploads\/2025\/03\/5-5-300x200.jpg 300w, https:\/\/infotorrent.es\/wp-content\/uploads\/2025\/03\/5-5-768x512.jpg 768w, https:\/\/infotorrent.es\/wp-content\/uploads\/2025\/03\/5-5-1536x1023.jpg 1536w, https:\/\/infotorrent.es\/wp-content\/uploads\/2025\/03\/5-5.jpg 1600w\" sizes=\"(max-width: 1024px) 100vw, 1024px\" \/><\/figure>\n\n\n\n<figure class=\"wp-block-image size-large\"><img decoding=\"async\" width=\"1024\" height=\"682\" data-id=\"78863\" src=\"https:\/\/infotorrent.es\/wp-content\/uploads\/2025\/03\/6-4-1024x682.jpg\" alt=\"\" class=\"wp-image-78863\" srcset=\"https:\/\/infotorrent.es\/wp-content\/uploads\/2025\/03\/6-4-1024x682.jpg 1024w, https:\/\/infotorrent.es\/wp-content\/uploads\/2025\/03\/6-4-300x200.jpg 300w, https:\/\/infotorrent.es\/wp-content\/uploads\/2025\/03\/6-4-768x512.jpg 768w, https:\/\/infotorrent.es\/wp-content\/uploads\/2025\/03\/6-4-1536x1023.jpg 1536w, https:\/\/infotorrent.es\/wp-content\/uploads\/2025\/03\/6-4.jpg 1600w\" sizes=\"(max-width: 1024px) 100vw, 1024px\" \/><\/figure>\n<\/figure>\n\n\n\n<figure class=\"wp-block-gallery has-nested-images columns-default is-cropped wp-block-gallery-2 is-layout-flex wp-block-gallery-is-layout-flex\">\n<figure class=\"wp-block-image size-large\"><img loading=\"lazy\" decoding=\"async\" width=\"1024\" height=\"682\" data-id=\"78871\" src=\"https:\/\/infotorrent.es\/wp-content\/uploads\/2025\/03\/1-7-1024x682.jpg\" alt=\"\" class=\"wp-image-78871\" srcset=\"https:\/\/infotorrent.es\/wp-content\/uploads\/2025\/03\/1-7-1024x682.jpg 1024w, https:\/\/infotorrent.es\/wp-content\/uploads\/2025\/03\/1-7-300x200.jpg 300w, https:\/\/infotorrent.es\/wp-content\/uploads\/2025\/03\/1-7-768x512.jpg 768w, https:\/\/infotorrent.es\/wp-content\/uploads\/2025\/03\/1-7-1536x1023.jpg 1536w, https:\/\/infotorrent.es\/wp-content\/uploads\/2025\/03\/1-7.jpg 1600w\" sizes=\"(max-width: 1024px) 100vw, 1024px\" \/><\/figure>\n\n\n\n<figure class=\"wp-block-image size-large\"><img loading=\"lazy\" decoding=\"async\" width=\"1024\" height=\"682\" data-id=\"78869\" src=\"https:\/\/infotorrent.es\/wp-content\/uploads\/2025\/03\/2-7-1024x682.jpg\" alt=\"\" class=\"wp-image-78869\" srcset=\"https:\/\/infotorrent.es\/wp-content\/uploads\/2025\/03\/2-7-1024x682.jpg 1024w, https:\/\/infotorrent.es\/wp-content\/uploads\/2025\/03\/2-7-300x200.jpg 300w, https:\/\/infotorrent.es\/wp-content\/uploads\/2025\/03\/2-7-768x512.jpg 768w, https:\/\/infotorrent.es\/wp-content\/uploads\/2025\/03\/2-7-1536x1023.jpg 1536w, https:\/\/infotorrent.es\/wp-content\/uploads\/2025\/03\/2-7.jpg 1600w\" sizes=\"(max-width: 1024px) 100vw, 1024px\" \/><\/figure>\n\n\n\n<figure class=\"wp-block-image size-large\"><img loading=\"lazy\" decoding=\"async\" width=\"1024\" height=\"682\" data-id=\"78867\" src=\"https:\/\/infotorrent.es\/wp-content\/uploads\/2025\/03\/4-9-1024x682.jpg\" alt=\"\" class=\"wp-image-78867\" srcset=\"https:\/\/infotorrent.es\/wp-content\/uploads\/2025\/03\/4-9-1024x682.jpg 1024w, https:\/\/infotorrent.es\/wp-content\/uploads\/2025\/03\/4-9-300x200.jpg 300w, https:\/\/infotorrent.es\/wp-content\/uploads\/2025\/03\/4-9-768x512.jpg 768w, https:\/\/infotorrent.es\/wp-content\/uploads\/2025\/03\/4-9-1536x1023.jpg 1536w, https:\/\/infotorrent.es\/wp-content\/uploads\/2025\/03\/4-9.jpg 1600w\" sizes=\"(max-width: 1024px) 100vw, 1024px\" \/><\/figure>\n<\/figure>\n","protected":false},"excerpt":{"rendered":"<p>Els torrentinos i visitants tenen la seua cita di\u00e0ria a les 14.30 hores L&#8217;ajuntament agra\u00efx, per segon any consecutiu, el comprom\u00eds, aposta i esfor\u00e7 dels patrocinadors per mantindre viva la m\u00e0gia de la tradici\u00f3 pirot\u00e8cnica Torrent es prepara per a viure intensament la setmana gran de les Falles 2025, des del 16 fins al 19 [&hellip;]<\/p>\n","protected":false},"author":20,"featured_media":78873,"comment_status":"open","ping_status":"open","sticky":false,"template":"","format":"standard","meta":{"_acf_changed":false,"footnotes":""},"categories":[1171,1132],"tags":[],"class_list":["post-78860","post","type-post","status-publish","format-standard","has-post-thumbnail","hentry","category-fallas-ca","category-cultura-ca"],"acf":[],"_links":{"self":[{"href":"https:\/\/infotorrent.es\/ca\/wp-json\/wp\/v2\/posts\/78860","targetHints":{"allow":["GET"]}}],"collection":[{"href":"https:\/\/infotorrent.es\/ca\/wp-json\/wp\/v2\/posts"}],"about":[{"href":"https:\/\/infotorrent.es\/ca\/wp-json\/wp\/v2\/types\/post"}],"author":[{"embeddable":true,"href":"https:\/\/infotorrent.es\/ca\/wp-json\/wp\/v2\/users\/20"}],"replies":[{"embeddable":true,"href":"https:\/\/infotorrent.es\/ca\/wp-json\/wp\/v2\/comments?post=78860"}],"version-history":[{"count":1,"href":"https:\/\/infotorrent.es\/ca\/wp-json\/wp\/v2\/posts\/78860\/revisions"}],"predecessor-version":[{"id":78874,"href":"https:\/\/infotorrent.es\/ca\/wp-json\/wp\/v2\/posts\/78860\/revisions\/78874"}],"wp:featuredmedia":[{"embeddable":true,"href":"https:\/\/infotorrent.es\/ca\/wp-json\/wp\/v2\/media\/78873"}],"wp:attachment":[{"href":"https:\/\/infotorrent.es\/ca\/wp-json\/wp\/v2\/media?parent=78860"}],"wp:term":[{"taxonomy":"category","embeddable":true,"href":"https:\/\/infotorrent.es\/ca\/wp-json\/wp\/v2\/categories?post=78860"},{"taxonomy":"post_tag","embeddable":true,"href":"https:\/\/infotorrent.es\/ca\/wp-json\/wp\/v2\/tags?post=78860"}],"curies":[{"name":"wp","href":"https:\/\/api.w.org\/{rel}","templated":true}]}}