{"id":78668,"date":"2025-03-10T12:18:42","date_gmt":"2025-03-10T11:18:42","guid":{"rendered":"https:\/\/infotorrent.es\/uncategorized\/la-falla-de-adisto-da-inicio-a-la-semana-grande-de-las-fallas-de-torrent\/"},"modified":"2025-03-10T12:21:35","modified_gmt":"2025-03-10T11:21:35","slug":"la-falla-de-adisto-da-inicio-a-la-semana-grande-de-las-fallas-de-torrent","status":"publish","type":"post","link":"https:\/\/infotorrent.es\/ca\/cultura-es-2\/la-falla-de-adisto-da-inicio-a-la-semana-grande-de-las-fallas-de-torrent\/","title":{"rendered":"La Falla d&#8217;ADISTO dona inici a la setmana gran de les falles de Torrent"},"content":{"rendered":"\n<p><strong>&#8220;El m\u00f3n est\u00e0 boig, boig, boig&#8221; d&#8217;Estudi Chuky, Alberto Silla i Gio ArtColor per a ADISTO \u00e9s la primera falla a cremar en la capital de l&#8217;Horta Sud<\/strong><\/p>\n\n\n\n<p>L&#8217;Associaci\u00f3 ADISTO de Torrent va culminar ahir els seus actes fallers amb una jornada completa dedicada a la seua Falla, amb el lema \u201cEl m\u00f3n est\u00e0 boig, boig, boig\u201d d&#8217;Estudi Chuky, Alberto Silla i Gio ArtColor, gr\u00e0cies a la col\u00b7laboraci\u00f3 de Valua.<\/p>\n\n\n\n<p>La Falla d&#8217;ADISTO sempre \u00e9s la primera que crema a la ciutat de Torrent i dona la benvinguda a la setmana gran de les Falles de la ciutat. Per aix\u00f2, van ser presents les Falleres Majors de Torrent, Alicia Moreno i Ana Barber\u00e1, juntament amb les seues Corts d&#8217;Honor, aix\u00ed com l&#8217;alcaldessa de la ciutat, Amparo Folgado, el regidor de Falles, Aitor S\u00e1nchez, i el de Servicis Socials, Arturo Garc\u00eda, a m\u00e9s d&#8217;altres membres de l&#8217;equip de govern i de la corporaci\u00f3, donant el seu suport a este gran col\u00b7lectiu de la ciutat.<\/p>\n\n\n\n<p>La jornada va comen\u00e7ar amb el desdejuni de la Plant\u00e0, en el qual no van faltar el xocolate i els bunyols, seguit d&#8217;un cercaviles pels carrers del barri. Tamb\u00e9 van realitzar la seua tradicional Ofrena a la Verge dels Desemparats en la Parr\u00f2quia de la Sagrada Fam\u00edlia, on la seua Fallera Major 2025, Tamara Pommeresch, va entregar el seu ram a la patrona, acompanyada del president 2024, Maurici Palomar. La celebraci\u00f3 va continuar amb tapes tradicionals i paelles al carrer. Posteriorment, despr\u00e9s del concurs de pastissos, va tindre lloc la crem\u00e0 de la Falla, posant fi a una jornada de \u2018germanor\u2019 entre els socis d&#8217;ADISTO i les seues fam\u00edlies.El president d&#8217;ADISTO, Jos\u00e9 Mar\u00eda Fern\u00e1ndez, va agrair el suport del consistori i de l&#8217;alcaldessa: \u201cGr\u00e0cies per estar sempre. Hem passat un dia molt bonic\u201d. Per part seua, l&#8217;alcaldessa de Torrent va felicitar l&#8217;associaci\u00f3 per esta falla tan especial en el seu 25\u00e9 aniversari, destacant la seua labor a favor de la inclusi\u00f3 de les persones amb discapacitat intel\u00b7lectual i el seu desenrotllament.<\/p>\n\n\n\n<figure class=\"wp-block-gallery has-nested-images columns-default is-cropped wp-block-gallery-1 is-layout-flex wp-block-gallery-is-layout-flex\">\n<figure class=\"wp-block-image size-large\"><img fetchpriority=\"high\" decoding=\"async\" width=\"1024\" height=\"768\" data-id=\"78656\" src=\"https:\/\/infotorrent.es\/wp-content\/uploads\/2025\/03\/WhatsApp-Image-2025-03-10-at-12.12.00-1024x768.jpeg\" alt=\"\" class=\"wp-image-78656\" srcset=\"https:\/\/infotorrent.es\/wp-content\/uploads\/2025\/03\/WhatsApp-Image-2025-03-10-at-12.12.00-1024x768.jpeg 1024w, https:\/\/infotorrent.es\/wp-content\/uploads\/2025\/03\/WhatsApp-Image-2025-03-10-at-12.12.00-300x225.jpeg 300w, https:\/\/infotorrent.es\/wp-content\/uploads\/2025\/03\/WhatsApp-Image-2025-03-10-at-12.12.00-768x576.jpeg 768w, https:\/\/infotorrent.es\/wp-content\/uploads\/2025\/03\/WhatsApp-Image-2025-03-10-at-12.12.00.jpeg 1200w\" sizes=\"(max-width: 1024px) 100vw, 1024px\" \/><\/figure>\n\n\n\n<figure class=\"wp-block-image size-large\"><img decoding=\"async\" width=\"1024\" height=\"768\" data-id=\"78664\" src=\"https:\/\/infotorrent.es\/wp-content\/uploads\/2025\/03\/WhatsApp-Image-2025-03-10-at-12.11.593-1024x768.jpeg\" alt=\"\" class=\"wp-image-78664\" srcset=\"https:\/\/infotorrent.es\/wp-content\/uploads\/2025\/03\/WhatsApp-Image-2025-03-10-at-12.11.593-1024x768.jpeg 1024w, https:\/\/infotorrent.es\/wp-content\/uploads\/2025\/03\/WhatsApp-Image-2025-03-10-at-12.11.593-300x225.jpeg 300w, https:\/\/infotorrent.es\/wp-content\/uploads\/2025\/03\/WhatsApp-Image-2025-03-10-at-12.11.593-768x576.jpeg 768w, https:\/\/infotorrent.es\/wp-content\/uploads\/2025\/03\/WhatsApp-Image-2025-03-10-at-12.11.593-1536x1152.jpeg 1536w, https:\/\/infotorrent.es\/wp-content\/uploads\/2025\/03\/WhatsApp-Image-2025-03-10-at-12.11.593.jpeg 2048w\" sizes=\"(max-width: 1024px) 100vw, 1024px\" \/><\/figure>\n\n\n\n<figure class=\"wp-block-image size-large\"><img decoding=\"async\" width=\"1024\" height=\"768\" data-id=\"78658\" src=\"https:\/\/infotorrent.es\/wp-content\/uploads\/2025\/03\/WhatsApp-Image-2025-03-10-at-12.11.591-1024x768.jpeg\" alt=\"\" class=\"wp-image-78658\" srcset=\"https:\/\/infotorrent.es\/wp-content\/uploads\/2025\/03\/WhatsApp-Image-2025-03-10-at-12.11.591-1024x768.jpeg 1024w, https:\/\/infotorrent.es\/wp-content\/uploads\/2025\/03\/WhatsApp-Image-2025-03-10-at-12.11.591-300x225.jpeg 300w, https:\/\/infotorrent.es\/wp-content\/uploads\/2025\/03\/WhatsApp-Image-2025-03-10-at-12.11.591-768x576.jpeg 768w, https:\/\/infotorrent.es\/wp-content\/uploads\/2025\/03\/WhatsApp-Image-2025-03-10-at-12.11.591-1536x1152.jpeg 1536w, https:\/\/infotorrent.es\/wp-content\/uploads\/2025\/03\/WhatsApp-Image-2025-03-10-at-12.11.591.jpeg 2048w\" sizes=\"(max-width: 1024px) 100vw, 1024px\" \/><\/figure>\n\n\n\n<figure class=\"wp-block-image size-large\"><img loading=\"lazy\" decoding=\"async\" width=\"1024\" height=\"768\" data-id=\"78660\" src=\"https:\/\/infotorrent.es\/wp-content\/uploads\/2025\/03\/WhatsApp-Image-2025-03-10-at-12.11.59-1024x768.jpeg\" alt=\"\" class=\"wp-image-78660\" srcset=\"https:\/\/infotorrent.es\/wp-content\/uploads\/2025\/03\/WhatsApp-Image-2025-03-10-at-12.11.59-1024x768.jpeg 1024w, https:\/\/infotorrent.es\/wp-content\/uploads\/2025\/03\/WhatsApp-Image-2025-03-10-at-12.11.59-300x225.jpeg 300w, https:\/\/infotorrent.es\/wp-content\/uploads\/2025\/03\/WhatsApp-Image-2025-03-10-at-12.11.59-768x576.jpeg 768w, https:\/\/infotorrent.es\/wp-content\/uploads\/2025\/03\/WhatsApp-Image-2025-03-10-at-12.11.59-1536x1152.jpeg 1536w, https:\/\/infotorrent.es\/wp-content\/uploads\/2025\/03\/WhatsApp-Image-2025-03-10-at-12.11.59.jpeg 2048w\" sizes=\"(max-width: 1024px) 100vw, 1024px\" \/><\/figure>\n\n\n\n<figure class=\"wp-block-image size-large\"><img loading=\"lazy\" decoding=\"async\" width=\"806\" height=\"607\" data-id=\"78654\" src=\"https:\/\/infotorrent.es\/wp-content\/uploads\/2025\/03\/WhatsApp-Image-2025-03-10-at-12.11.58.jpeg\" alt=\"\" class=\"wp-image-78654\" srcset=\"https:\/\/infotorrent.es\/wp-content\/uploads\/2025\/03\/WhatsApp-Image-2025-03-10-at-12.11.58.jpeg 806w, https:\/\/infotorrent.es\/wp-content\/uploads\/2025\/03\/WhatsApp-Image-2025-03-10-at-12.11.58-300x226.jpeg 300w, https:\/\/infotorrent.es\/wp-content\/uploads\/2025\/03\/WhatsApp-Image-2025-03-10-at-12.11.58-768x578.jpeg 768w\" sizes=\"(max-width: 806px) 100vw, 806px\" \/><\/figure>\n\n\n\n<figure class=\"wp-block-image size-large\"><img loading=\"lazy\" decoding=\"async\" width=\"1024\" height=\"768\" data-id=\"78662\" src=\"https:\/\/infotorrent.es\/wp-content\/uploads\/2025\/03\/WhatsApp-Image-2025-03-10-at-12.11.592-1024x768.jpeg\" alt=\"\" class=\"wp-image-78662\" srcset=\"https:\/\/infotorrent.es\/wp-content\/uploads\/2025\/03\/WhatsApp-Image-2025-03-10-at-12.11.592-1024x768.jpeg 1024w, https:\/\/infotorrent.es\/wp-content\/uploads\/2025\/03\/WhatsApp-Image-2025-03-10-at-12.11.592-300x225.jpeg 300w, https:\/\/infotorrent.es\/wp-content\/uploads\/2025\/03\/WhatsApp-Image-2025-03-10-at-12.11.592-768x576.jpeg 768w, https:\/\/infotorrent.es\/wp-content\/uploads\/2025\/03\/WhatsApp-Image-2025-03-10-at-12.11.592-1536x1152.jpeg 1536w, https:\/\/infotorrent.es\/wp-content\/uploads\/2025\/03\/WhatsApp-Image-2025-03-10-at-12.11.592.jpeg 2048w\" sizes=\"(max-width: 1024px) 100vw, 1024px\" \/><\/figure>\n<\/figure>\n","protected":false},"excerpt":{"rendered":"<p>&#8220;El m\u00f3n est\u00e0 boig, boig, boig&#8221; d&#8217;Estudi Chuky, Alberto Silla i Gio ArtColor per a ADISTO \u00e9s la primera falla a cremar en la capital de l&#8217;Horta Sud L&#8217;Associaci\u00f3 ADISTO de Torrent va culminar ahir els seus actes fallers amb una jornada completa dedicada a la seua Falla, amb el lema \u201cEl m\u00f3n est\u00e0 boig, [&hellip;]<\/p>\n","protected":false},"author":15,"featured_media":78672,"comment_status":"open","ping_status":"open","sticky":false,"template":"","format":"standard","meta":{"_acf_changed":false,"footnotes":""},"categories":[126,1143,1171],"tags":[],"class_list":["post-78668","post","type-post","status-publish","format-standard","has-post-thumbnail","hentry","category-cultura-es-2","category-bienestar-social-noticias-ca","category-fallas-ca"],"acf":[],"_links":{"self":[{"href":"https:\/\/infotorrent.es\/ca\/wp-json\/wp\/v2\/posts\/78668","targetHints":{"allow":["GET"]}}],"collection":[{"href":"https:\/\/infotorrent.es\/ca\/wp-json\/wp\/v2\/posts"}],"about":[{"href":"https:\/\/infotorrent.es\/ca\/wp-json\/wp\/v2\/types\/post"}],"author":[{"embeddable":true,"href":"https:\/\/infotorrent.es\/ca\/wp-json\/wp\/v2\/users\/15"}],"replies":[{"embeddable":true,"href":"https:\/\/infotorrent.es\/ca\/wp-json\/wp\/v2\/comments?post=78668"}],"version-history":[{"count":1,"href":"https:\/\/infotorrent.es\/ca\/wp-json\/wp\/v2\/posts\/78668\/revisions"}],"predecessor-version":[{"id":78671,"href":"https:\/\/infotorrent.es\/ca\/wp-json\/wp\/v2\/posts\/78668\/revisions\/78671"}],"wp:featuredmedia":[{"embeddable":true,"href":"https:\/\/infotorrent.es\/ca\/wp-json\/wp\/v2\/media\/78672"}],"wp:attachment":[{"href":"https:\/\/infotorrent.es\/ca\/wp-json\/wp\/v2\/media?parent=78668"}],"wp:term":[{"taxonomy":"category","embeddable":true,"href":"https:\/\/infotorrent.es\/ca\/wp-json\/wp\/v2\/categories?post=78668"},{"taxonomy":"post_tag","embeddable":true,"href":"https:\/\/infotorrent.es\/ca\/wp-json\/wp\/v2\/tags?post=78668"}],"curies":[{"name":"wp","href":"https:\/\/api.w.org\/{rel}","templated":true}]}}