{"id":78513,"date":"2025-03-05T09:15:30","date_gmt":"2025-03-05T08:15:30","guid":{"rendered":"https:\/\/infotorrent.es\/uncategorized\/la-gala-literaria-de-las-fallas-de-torrent-premia-la-creatividad-y-el-talento-fallero\/"},"modified":"2025-03-05T09:31:34","modified_gmt":"2025-03-05T08:31:34","slug":"la-gala-literaria-de-las-fallas-de-torrent-premia-la-creatividad-y-el-talento-fallero","status":"publish","type":"post","link":"https:\/\/infotorrent.es\/ca\/cultura-es-2\/la-gala-literaria-de-las-fallas-de-torrent-premia-la-creatividad-y-el-talento-fallero\/","title":{"rendered":"La Gala Liter\u00e0ria de les Falles de Torrent premia la creativitat i el talent faller"},"content":{"rendered":"\n<p><\/p>\n\n\n\n<p>Este diumenge ha tingut lloc en la Sala d&#8217;actes de l&#8217;Ajuntament de Torrent la Gala Liter\u00e0ria de les Falles de Torrent, un esdeveniment en el qual s&#8217;han entregat els diferents premis dels concursos fallers, com els de Llibrets i microrelats.&nbsp;Enguany, a m\u00e9s, s&#8217;ha creat el premi d&#8217;obra in\u00e8dita que porta el nom d&#8217;Andr\u00e9s Andreu, un hist\u00f2ric Faller de la falla Ram\u00f3n y Cajal, conegut per les seues aproposits i obres de teatre.<\/p>\n\n\n\n<p>La gala, que enguany ha comptat amb un nou enfocament per a fer-la m\u00e9s amena i pr\u00f2xima, va estar presidida per les Falleres Majors de Torrent, Alicia Moreno i Ana Barber\u00e1, al costat de les seues respectives Corts d&#8217;Honor.<\/p>\n\n\n\n<p>El regidor de Falles, Aitor S\u00e1nchez, va destacar la import\u00e0ncia de la literatura en el m\u00f3n faller i el talent que han demostrat els participants: &#8220;Este certamen \u00e9s una mostra de la creativitat i l&#8217;enginy que caracteritza a les Falles de Torrent. Ens sentim orgullosos que les nostres comissions continuen apostant per la cultura i la tradici\u00f3 escrita&#8221;. A m\u00e9s, va subratllar que el nou format de la gala ha sigut ben rebut: &#8220;Vol\u00edem que el lliurament de premis fora una celebraci\u00f3 din\u00e0mica i participativa, i creem que ho hem aconseguit&#8221;.<\/p>\n\n\n\n<p>Els premiats han sigut els seg\u00fcents:<\/p>\n\n\n\n<p><strong>Premi \u201cAndr\u00e9s Andreu\u201d a la millor Obra in\u00e8dita:<\/strong><\/p>\n\n\n\n<p><em><strong>Infantil:<\/strong><\/em><\/p>\n\n\n\n<p>\u00b7&nbsp;&nbsp;&nbsp;&nbsp;&nbsp;&nbsp;&nbsp;&nbsp;&nbsp;3r: Jose Fernando Andreu, Falla Ram\u00f3n y Cajal<\/p>\n\n\n\n<p>\u00b7&nbsp;&nbsp;&nbsp;&nbsp;&nbsp;&nbsp;&nbsp;&nbsp;&nbsp;2n: Rub\u00e9n V\u00e1zquez, Falla Sants Patrons<\/p>\n\n\n\n<p>\u00b7&nbsp;&nbsp;&nbsp;&nbsp;&nbsp;&nbsp;&nbsp;&nbsp;&nbsp;1r: Isabel Fuertes, Falla \u00c0ngel de l\u2019Alc\u00e0sser<\/p>\n\n\n\n<p><em><strong>Major:<\/strong><\/em><\/p>\n\n\n\n<p>\u00b7&nbsp;&nbsp;&nbsp;&nbsp;&nbsp;&nbsp;&nbsp;&nbsp;&nbsp;3r: Jose Emilio Riesco, Falla Avinguda<\/p>\n\n\n\n<p>\u00b7&nbsp;&nbsp;&nbsp;&nbsp;&nbsp;&nbsp;&nbsp;&nbsp;&nbsp;2n: Esmeralda L\u00f3pez, Falla Pla\u00e7a de la Conc\u00f2rdia<\/p>\n\n\n\n<p>\u00b7&nbsp;&nbsp;&nbsp;&nbsp;&nbsp;&nbsp;&nbsp;&nbsp;&nbsp;1r: Cristina Barreda, Falla Sants Patrons<\/p>\n\n\n\n<p><strong>Premi millor Aprop\u00f2sit in\u00e8dit infantil:<\/strong><\/p>\n\n\n\n<p>\u00b7&nbsp;&nbsp;&nbsp;&nbsp;&nbsp;&nbsp;&nbsp;&nbsp;&nbsp;3r: Falla \u00c0ngel de l\u2019Alc\u00e0sser<\/p>\n\n\n\n<p>\u00b7&nbsp;&nbsp;&nbsp;&nbsp;&nbsp;&nbsp;&nbsp;&nbsp;&nbsp;2n: Falla Carrer Benemerita &#8211; Gu\u00e0rdia Civil<\/p>\n\n\n\n<p>\u00b7&nbsp;&nbsp;&nbsp;&nbsp;&nbsp;&nbsp;&nbsp;&nbsp;&nbsp;1r: Falla Ram\u00f3n y Cajal<\/p>\n\n\n\n<p><strong>Premi millor Aprop\u00f2sit in\u00e8dit major:<\/strong><\/p>\n\n\n\n<p>\u00b7&nbsp;&nbsp;&nbsp;&nbsp;&nbsp;&nbsp;&nbsp;&nbsp;&nbsp;3r: Falla Lope de Rueda &#8211; Verge del Puig<\/p>\n\n\n\n<p>\u00b7&nbsp;&nbsp;&nbsp;&nbsp;&nbsp;&nbsp;&nbsp;&nbsp;&nbsp;2n: Falla Ram\u00f3n y Cajal<\/p>\n\n\n\n<p>\u00b7&nbsp;&nbsp;&nbsp;&nbsp;&nbsp;&nbsp;&nbsp;&nbsp;&nbsp;1r: Falla Avinguda<\/p>\n\n\n\n<p><strong>Concurs de microrrelats:<\/strong><\/p>\n\n\n\n<p><em><strong>Microrelats infantils:<\/strong><\/em><\/p>\n\n\n\n<p>\u00b7&nbsp;&nbsp;&nbsp;&nbsp;&nbsp;&nbsp;&nbsp;&nbsp;&nbsp;3r: Candela Gasc\u00f3n, Falla Avinguda<\/p>\n\n\n\n<p>\u00b7&nbsp;&nbsp;&nbsp;&nbsp;&nbsp;&nbsp;&nbsp;&nbsp;&nbsp;2n: Natalia Carretero, Falla Carrer Benem\u00e9rita &#8211; Gu\u00e0rdia Civil<\/p>\n\n\n\n<p>\u00b7&nbsp;&nbsp;&nbsp;&nbsp;&nbsp;&nbsp;&nbsp;&nbsp;&nbsp;1r: Nuria Lara, Falla Carrer Toledo<\/p>\n\n\n\n<p><em><strong>Microrelats majors:<\/strong><\/em><\/p>\n\n\n\n<p>\u00b7&nbsp;&nbsp;&nbsp;&nbsp;&nbsp;&nbsp;&nbsp;&nbsp;&nbsp;3r: Laura C\u00f3rcoles, Falla Avinguda<\/p>\n\n\n\n<p>\u00b7&nbsp;&nbsp;&nbsp;&nbsp;&nbsp;&nbsp;&nbsp;&nbsp;&nbsp;2n: Javier Gasc\u00f3n, Falla Avinguda<\/p>\n\n\n\n<p>\u00b7&nbsp;&nbsp;&nbsp;&nbsp;&nbsp;&nbsp;&nbsp;&nbsp;&nbsp;1r: Ernesto Ruiz, Falla Antoni Pardo<\/p>\n\n\n\n<p><strong>Premis Concurs Llibrets:<\/strong><\/p>\n\n\n\n<p>\u00b7&nbsp;&nbsp;&nbsp;&nbsp;&nbsp;&nbsp;&nbsp;&nbsp;&nbsp;<em>Millor contingut infantil:<\/em>&nbsp;Falla Cronista Vicent Beguer i Esteve.<\/p>\n\n\n\n<p>\u00b7&nbsp;&nbsp;&nbsp;&nbsp;&nbsp;&nbsp;&nbsp;&nbsp;&nbsp;<em>Millor llibret fet per fallers de la comissi\u00f3:<\/em>&nbsp;Falla Lope de Rueda Verge del Puig.<\/p>\n\n\n\n<p>\u00b7&nbsp;&nbsp;&nbsp;&nbsp;&nbsp;&nbsp;&nbsp;&nbsp;&nbsp;<em>Millor contingut d\u2019investigaci\u00f3:<\/em>&nbsp;Falla Carrer Toledo.<\/p>\n\n\n\n<p>\u00b7&nbsp;&nbsp;&nbsp;&nbsp;&nbsp;&nbsp;&nbsp;&nbsp;&nbsp;<em>Millor portada:<\/em>&nbsp;Falla Sant Valeri\u00e0.<\/p>\n\n\n\n<p><strong>Millors Llibrets:<\/strong><\/p>\n\n\n\n<p>\u00b7&nbsp;&nbsp;&nbsp;&nbsp;&nbsp;&nbsp;&nbsp;&nbsp;&nbsp;5\u00e9 Premi: Falla Lope de Rueda<\/p>\n\n\n\n<p>\u00b7&nbsp;&nbsp;&nbsp;&nbsp;&nbsp;&nbsp;&nbsp;&nbsp;&nbsp;4t Premi: Falla Barri Sant Gregori<\/p>\n\n\n\n<p>\u00b7&nbsp;&nbsp;&nbsp;&nbsp;&nbsp;&nbsp;&nbsp;&nbsp;&nbsp;3r Premi: Falla Sant Valeri\u00e0<\/p>\n\n\n\n<p>\u00b7&nbsp;&nbsp;&nbsp;&nbsp;&nbsp;&nbsp;&nbsp;&nbsp;&nbsp;2n Premi: Falla Poble Nou<\/p>\n\n\n\n<p>\u00b7&nbsp;&nbsp;&nbsp;&nbsp;&nbsp;&nbsp;&nbsp;&nbsp;&nbsp;1r Premi: Falla Cronista Vicent Beguer i Esteve<\/p>\n\n\n\n<p>La Gala Liter\u00e0ria de les Falles de Torrent reafirma aix\u00ed el seu comprom\u00eds amb la cultura i la creativitat en el m\u00f3n faller, posant en valor el treball d&#8217;escriptors, investigadors i artistes que enriquixen les festes amb les seues aportacions liter\u00e0ries.<\/p>\n\n\n\n<figure class=\"wp-block-gallery has-nested-images columns-default is-cropped wp-block-gallery-1 is-layout-flex wp-block-gallery-is-layout-flex\">\n<figure class=\"wp-block-image size-large\"><img fetchpriority=\"high\" decoding=\"async\" width=\"1024\" height=\"682\" data-id=\"78505\" src=\"https:\/\/infotorrent.es\/wp-content\/uploads\/2025\/03\/WhatsApp-Image-2025-03-05-at-09.10.55-1024x682.jpeg\" alt=\"\" class=\"wp-image-78505\" srcset=\"https:\/\/infotorrent.es\/wp-content\/uploads\/2025\/03\/WhatsApp-Image-2025-03-05-at-09.10.55-1024x682.jpeg 1024w, https:\/\/infotorrent.es\/wp-content\/uploads\/2025\/03\/WhatsApp-Image-2025-03-05-at-09.10.55-300x200.jpeg 300w, https:\/\/infotorrent.es\/wp-content\/uploads\/2025\/03\/WhatsApp-Image-2025-03-05-at-09.10.55-768x512.jpeg 768w, https:\/\/infotorrent.es\/wp-content\/uploads\/2025\/03\/WhatsApp-Image-2025-03-05-at-09.10.55-1536x1023.jpeg 1536w, https:\/\/infotorrent.es\/wp-content\/uploads\/2025\/03\/WhatsApp-Image-2025-03-05-at-09.10.55.jpeg 1600w\" sizes=\"(max-width: 1024px) 100vw, 1024px\" \/><\/figure>\n\n\n\n<figure class=\"wp-block-image size-large\"><img decoding=\"async\" width=\"1024\" height=\"768\" data-id=\"78509\" src=\"https:\/\/infotorrent.es\/wp-content\/uploads\/2025\/03\/WhatsApp-Image-2025-03-05-at-09.10.31-1024x768.jpeg\" alt=\"\" class=\"wp-image-78509\" srcset=\"https:\/\/infotorrent.es\/wp-content\/uploads\/2025\/03\/WhatsApp-Image-2025-03-05-at-09.10.31-1024x768.jpeg 1024w, https:\/\/infotorrent.es\/wp-content\/uploads\/2025\/03\/WhatsApp-Image-2025-03-05-at-09.10.31-300x225.jpeg 300w, https:\/\/infotorrent.es\/wp-content\/uploads\/2025\/03\/WhatsApp-Image-2025-03-05-at-09.10.31-768x576.jpeg 768w, https:\/\/infotorrent.es\/wp-content\/uploads\/2025\/03\/WhatsApp-Image-2025-03-05-at-09.10.31-1536x1152.jpeg 1536w, https:\/\/infotorrent.es\/wp-content\/uploads\/2025\/03\/WhatsApp-Image-2025-03-05-at-09.10.31.jpeg 1600w\" sizes=\"(max-width: 1024px) 100vw, 1024px\" \/><\/figure>\n\n\n\n<figure class=\"wp-block-image size-large\"><img decoding=\"async\" width=\"1024\" height=\"682\" data-id=\"78503\" src=\"https:\/\/infotorrent.es\/wp-content\/uploads\/2025\/03\/WhatsApp-Image-2025-03-05-at-09.10.551-1024x682.jpeg\" alt=\"\" class=\"wp-image-78503\" srcset=\"https:\/\/infotorrent.es\/wp-content\/uploads\/2025\/03\/WhatsApp-Image-2025-03-05-at-09.10.551-1024x682.jpeg 1024w, https:\/\/infotorrent.es\/wp-content\/uploads\/2025\/03\/WhatsApp-Image-2025-03-05-at-09.10.551-300x200.jpeg 300w, https:\/\/infotorrent.es\/wp-content\/uploads\/2025\/03\/WhatsApp-Image-2025-03-05-at-09.10.551-768x512.jpeg 768w, https:\/\/infotorrent.es\/wp-content\/uploads\/2025\/03\/WhatsApp-Image-2025-03-05-at-09.10.551-1536x1023.jpeg 1536w, https:\/\/infotorrent.es\/wp-content\/uploads\/2025\/03\/WhatsApp-Image-2025-03-05-at-09.10.551.jpeg 1600w\" sizes=\"(max-width: 1024px) 100vw, 1024px\" \/><\/figure>\n\n\n\n<figure class=\"wp-block-image size-large\"><img loading=\"lazy\" decoding=\"async\" width=\"1024\" height=\"682\" data-id=\"78507\" src=\"https:\/\/infotorrent.es\/wp-content\/uploads\/2025\/03\/WhatsApp-Image-2025-03-05-at-09.10.552-1024x682.jpeg\" alt=\"\" class=\"wp-image-78507\" srcset=\"https:\/\/infotorrent.es\/wp-content\/uploads\/2025\/03\/WhatsApp-Image-2025-03-05-at-09.10.552-1024x682.jpeg 1024w, https:\/\/infotorrent.es\/wp-content\/uploads\/2025\/03\/WhatsApp-Image-2025-03-05-at-09.10.552-300x200.jpeg 300w, https:\/\/infotorrent.es\/wp-content\/uploads\/2025\/03\/WhatsApp-Image-2025-03-05-at-09.10.552-768x512.jpeg 768w, https:\/\/infotorrent.es\/wp-content\/uploads\/2025\/03\/WhatsApp-Image-2025-03-05-at-09.10.552-1536x1023.jpeg 1536w, https:\/\/infotorrent.es\/wp-content\/uploads\/2025\/03\/WhatsApp-Image-2025-03-05-at-09.10.552.jpeg 1600w\" sizes=\"(max-width: 1024px) 100vw, 1024px\" \/><\/figure>\n<\/figure>\n","protected":false},"excerpt":{"rendered":"<p>Este diumenge ha tingut lloc en la Sala d&#8217;actes de l&#8217;Ajuntament de Torrent la Gala Liter\u00e0ria de les Falles de Torrent, un esdeveniment en el qual s&#8217;han entregat els diferents premis dels concursos fallers, com els de Llibrets i microrelats.&nbsp;Enguany, a m\u00e9s, s&#8217;ha creat el premi d&#8217;obra in\u00e8dita que porta el nom d&#8217;Andr\u00e9s Andreu, un [&hellip;]<\/p>\n","protected":false},"author":15,"featured_media":78517,"comment_status":"open","ping_status":"open","sticky":false,"template":"","format":"standard","meta":{"_acf_changed":false,"footnotes":""},"categories":[126,1171],"tags":[],"class_list":["post-78513","post","type-post","status-publish","format-standard","has-post-thumbnail","hentry","category-cultura-es-2","category-fallas-ca"],"acf":[],"_links":{"self":[{"href":"https:\/\/infotorrent.es\/ca\/wp-json\/wp\/v2\/posts\/78513","targetHints":{"allow":["GET"]}}],"collection":[{"href":"https:\/\/infotorrent.es\/ca\/wp-json\/wp\/v2\/posts"}],"about":[{"href":"https:\/\/infotorrent.es\/ca\/wp-json\/wp\/v2\/types\/post"}],"author":[{"embeddable":true,"href":"https:\/\/infotorrent.es\/ca\/wp-json\/wp\/v2\/users\/15"}],"replies":[{"embeddable":true,"href":"https:\/\/infotorrent.es\/ca\/wp-json\/wp\/v2\/comments?post=78513"}],"version-history":[{"count":2,"href":"https:\/\/infotorrent.es\/ca\/wp-json\/wp\/v2\/posts\/78513\/revisions"}],"predecessor-version":[{"id":78521,"href":"https:\/\/infotorrent.es\/ca\/wp-json\/wp\/v2\/posts\/78513\/revisions\/78521"}],"wp:featuredmedia":[{"embeddable":true,"href":"https:\/\/infotorrent.es\/ca\/wp-json\/wp\/v2\/media\/78517"}],"wp:attachment":[{"href":"https:\/\/infotorrent.es\/ca\/wp-json\/wp\/v2\/media?parent=78513"}],"wp:term":[{"taxonomy":"category","embeddable":true,"href":"https:\/\/infotorrent.es\/ca\/wp-json\/wp\/v2\/categories?post=78513"},{"taxonomy":"post_tag","embeddable":true,"href":"https:\/\/infotorrent.es\/ca\/wp-json\/wp\/v2\/tags?post=78513"}],"curies":[{"name":"wp","href":"https:\/\/api.w.org\/{rel}","templated":true}]}}