{"id":78486,"date":"2025-03-04T12:52:22","date_gmt":"2025-03-04T11:52:22","guid":{"rendered":"https:\/\/infotorrent.es\/?p=78486"},"modified":"2025-03-04T12:52:25","modified_gmt":"2025-03-04T11:52:25","slug":"lajuntament-de-torrent-impulsa-que-els-xiquets-dibuixen-a-casa-estes-proximes-hores","status":"publish","type":"post","link":"https:\/\/infotorrent.es\/ca\/familia-e-infancia-ca\/lajuntament-de-torrent-impulsa-que-els-xiquets-dibuixen-a-casa-estes-proximes-hores\/","title":{"rendered":"L&#8217;Ajuntament de Torrent impulsa que els xiquets dibuixen a casa estes pr\u00f2ximes hores"},"content":{"rendered":"\n<h4 class=\"wp-block-heading\">Amb motiu de la suspensi\u00f3 de classes per l&#8217;alerta per fortes pluges en els pr\u00f2xims dies, convida als xiquets que s\u00f3n a les seues cases a dibuixar per a fomentar la creativitat en la inf\u00e0ncia a trav\u00e9s de l&#8217;art<\/h4>\n\n\n\n<p>Donada l&#8217;actual situaci\u00f3 meteorol\u00f2gica i els avisos activats per AEMET en relaci\u00f3 al temporal que est\u00e0 afectant a la Comunitat Valenciana, el Centre de Coordinaci\u00f3 Operativa Municipal (CECOPAL) ha pres com a mesura preventiva suspendre les classes lectives en tots els centres educatius de Torrent. D&#8217;esta manera, es garantix la seguretat tant de docents com alumnes, els quals romandran a casa, de moment, hui dia 4, i dem\u00e0, dimecres 5 de mar\u00e7.<\/p>\n\n\n\n<p>La Regidoria de Fam\u00edlia i Educaci\u00f3 animen als col\u00b7legis a participar durant estos dies que els seus alumnes estan a casa a participar en el concurs del dia del pare.<\/p>\n\n\n\n<p>El concurs est\u00e0 dividit en dos categories: d&#8217;una banda, fins als 5 anys, i per un altre, de 6 a 10 anys d&#8217;edat. Finalitzat el termini de lliurament de dibuixos, el jurat qualificador, format per la Fallera Major Infantil de Torrent i la seua Cort d&#8217;Honor, deliberar\u00e0 quins s\u00f3n els sis guanyadors \u2013 tres per cada categoria \u2013, els quals rebran una dotaci\u00f3 econ\u00f2mica de fins a 150 euros en forma de targeta regale.<\/p>\n\n\n\n<p>Amb este projecte, tal com ha destacat la regidor de l&#8217;\u00e0rea, M\u00aa \u00c1ngeles Lerma, \u201ces busca enaltir a la fam\u00edlia, pilar fonamental en la nostra societat\u201d. \u201cGr\u00e0cies a este concurs, els m\u00e9s xicotets tenen l&#8217;oportunitat d&#8217;expressar la seua creativitat plasmant mitjan\u00e7ant els seus dibuixos el paper que exercixen els seus pares en les seues vides\u201d, ha expressat Lerma.<\/p>\n\n\n\n<p>Els participants premiats s&#8217;anunciaran abans del dia 19 de mar\u00e7, i seran pr\u00e8viament avisats.<\/p>\n\n\n\n<p>La Delegaci\u00f3 de Fam\u00edlia ha organitzat per segon any consecutiu el Concurs de dibuix \u201cEl meu Pap\u00e0 \u00e9s\u2026\u201d, un projecte en el qual podran participar xiquets de fins a 10 anys d&#8217;edat empadronats en el municipi, hauran de realitzar un dibuix del seu pare des de la seua visi\u00f3 m\u00e9s personal. Una vegada acabat, podran enviar-ho per correu electr\u00f2nic a premsa@torrent.es fins al dia 11 de mar\u00e7 a les 13:00h.<\/p>\n\n\n\n<figure class=\"wp-block-image size-large\"><img fetchpriority=\"high\" decoding=\"async\" width=\"1024\" height=\"682\" src=\"https:\/\/infotorrent.es\/wp-content\/uploads\/2025\/03\/padre-1024x682.jpg\" alt=\"\" class=\"wp-image-78483\" srcset=\"https:\/\/infotorrent.es\/wp-content\/uploads\/2025\/03\/padre-1024x682.jpg 1024w, https:\/\/infotorrent.es\/wp-content\/uploads\/2025\/03\/padre-300x200.jpg 300w, https:\/\/infotorrent.es\/wp-content\/uploads\/2025\/03\/padre-768x512.jpg 768w, https:\/\/infotorrent.es\/wp-content\/uploads\/2025\/03\/padre-1536x1023.jpg 1536w, https:\/\/infotorrent.es\/wp-content\/uploads\/2025\/03\/padre.jpg 1600w\" sizes=\"(max-width: 1024px) 100vw, 1024px\" \/><\/figure>\n","protected":false},"excerpt":{"rendered":"<p>Amb motiu de la suspensi\u00f3 de classes per l&#8217;alerta per fortes pluges en els pr\u00f2xims dies, convida als xiquets que s\u00f3n a les seues cases a dibuixar per a fomentar la creativitat en la inf\u00e0ncia a trav\u00e9s de l&#8217;art Donada l&#8217;actual situaci\u00f3 meteorol\u00f2gica i els avisos activats per AEMET en relaci\u00f3 al temporal que est\u00e0 [&hellip;]<\/p>\n","protected":false},"author":18,"featured_media":78483,"comment_status":"open","ping_status":"open","sticky":false,"template":"","format":"standard","meta":{"_acf_changed":false,"footnotes":""},"categories":[1192],"tags":[],"class_list":["post-78486","post","type-post","status-publish","format-standard","has-post-thumbnail","hentry","category-familia-e-infancia-ca"],"acf":[],"_links":{"self":[{"href":"https:\/\/infotorrent.es\/ca\/wp-json\/wp\/v2\/posts\/78486","targetHints":{"allow":["GET"]}}],"collection":[{"href":"https:\/\/infotorrent.es\/ca\/wp-json\/wp\/v2\/posts"}],"about":[{"href":"https:\/\/infotorrent.es\/ca\/wp-json\/wp\/v2\/types\/post"}],"author":[{"embeddable":true,"href":"https:\/\/infotorrent.es\/ca\/wp-json\/wp\/v2\/users\/18"}],"replies":[{"embeddable":true,"href":"https:\/\/infotorrent.es\/ca\/wp-json\/wp\/v2\/comments?post=78486"}],"version-history":[{"count":1,"href":"https:\/\/infotorrent.es\/ca\/wp-json\/wp\/v2\/posts\/78486\/revisions"}],"predecessor-version":[{"id":78488,"href":"https:\/\/infotorrent.es\/ca\/wp-json\/wp\/v2\/posts\/78486\/revisions\/78488"}],"wp:featuredmedia":[{"embeddable":true,"href":"https:\/\/infotorrent.es\/ca\/wp-json\/wp\/v2\/media\/78483"}],"wp:attachment":[{"href":"https:\/\/infotorrent.es\/ca\/wp-json\/wp\/v2\/media?parent=78486"}],"wp:term":[{"taxonomy":"category","embeddable":true,"href":"https:\/\/infotorrent.es\/ca\/wp-json\/wp\/v2\/categories?post=78486"},{"taxonomy":"post_tag","embeddable":true,"href":"https:\/\/infotorrent.es\/ca\/wp-json\/wp\/v2\/tags?post=78486"}],"curies":[{"name":"wp","href":"https:\/\/api.w.org\/{rel}","templated":true}]}}