{"id":78389,"date":"2025-03-03T10:20:19","date_gmt":"2025-03-03T09:20:19","guid":{"rendered":"https:\/\/infotorrent.es\/uncategorized\/torrent-se-convierte-en-la-capital-del-almuerzo-valenciano-con-el-matinal-del-germanor-fest\/"},"modified":"2025-03-03T10:29:51","modified_gmt":"2025-03-03T09:29:51","slug":"torrent-se-convierte-en-la-capital-del-almuerzo-valenciano-con-el-matinal-del-germanor-fest","status":"publish","type":"post","link":"https:\/\/infotorrent.es\/ca\/ayuntamiento-de-torrent-ca\/torrent-se-convierte-en-la-capital-del-almuerzo-valenciano-con-el-matinal-del-germanor-fest\/","title":{"rendered":"Torrent es convertix en la capital de l&#8217;esmorzar valenci\u00e0 amb el matinal del \u2018Germanor Fest\u2019"},"content":{"rendered":"\n<p><strong>El festival solidari celebra la identitat valenciana amb gastronomia, entreteniment, m\u00fasica en directe, mon\u00f2legs, artesania, cultura i molt m\u00e9s<\/strong><\/p>\n\n\n\n<p><strong>De l&#8217;esmorzar als concerts nocturns, una jornada per als sentits, imperdible i inoblidable<\/strong><\/p>\n\n\n\n<p>Tota la informaci\u00f3 i venda d&#8217;entrades en\u00a0<a href=\"http:\/\/www.fetadegermanor.com\" data-type=\"link\" data-id=\"www.fetadegermanor.com\" target=\"_blank\" rel=\"noopener\">www.fetadegermanor.com<\/a><\/p>\n\n\n\n<p>Dissabte que ve 8 de mar\u00e7 de 2025, el Parc Central de Torrent es convertir\u00e0 en la capital\u00a0de la cultura, la gastronomia, la solidaritat i l&#8217;entreteniment amb la celebraci\u00f3 de l&#8217;esperat\u00a0<strong>\u2018Matinal del Germanor Fest\u2019<\/strong>. Des de les 09.00 h a les 16.00 hores, les portes del recinte s&#8217;obriran per a donar la benvinguda als assistents a una jornada que promet delectar els sentits amb una combinaci\u00f3 perfecta de tradici\u00f3 culin\u00e0ria, espectacles en viu i activitats per a tota la fam\u00edlia.<\/p>\n\n\n\n<p>Este esdeveniment solidari destaca per la seua capacitat per a unir a ve\u00efns, visitants i amants de la cultura festiva en un ambient de\u00a0<strong>germanor<\/strong>\u00a0i bona energia. Amb acc\u00e9s lliure fins a completar aforament, el \u2018Matinal del Germanor Fest\u2019 es presenta com una experi\u00e8ncia \u00fanica que fusiona el plaer gastron\u00f2mic amb la passi\u00f3 per la m\u00fasica i la cultura valenciana.<\/p>\n\n\n\n<p><strong>Un fest\u00ed per als amants de l&#8217;esmorzaret<\/strong><\/p>\n\n\n\n<p>Un dels grans atractius de l&#8217;esdeveniment ser\u00e0 sens dubte el <strong>\u2018Pack Esmorzaret\u2019<\/strong>, una proposta irresistible que permetr\u00e0 als assistents degustar alguns dels millors entrepans finalistes dels prestigiosos\u00a0<strong>Premis Cacau d&#8217;Or 2024.<\/strong> Per tan sols\u00a0<strong>12 \u20ac<\/strong>, este pack inclour\u00e0:<\/p>\n\n\n\n<ul class=\"wp-block-list\">\n<li>Un entrep\u00e0 a triar entre els bars finalistes.<\/li>\n\n\n\n<li>Una cervesa Amstel, aigua o refresc.<\/li>\n\n\n\n<li>Una raci\u00f3 de cacaus i olives.<\/li>\n<\/ul>\n\n\n\n<p>Els comensals podran triar entre cinc exquisides opcions d&#8217;entrepans, cada una elaborada per reconeguts bars de la regi\u00f3, garantint una experi\u00e8ncia gastron\u00f2mica inigualable:<\/p>\n\n\n\n<p>1.\u00a0\u00a0\u00a0<strong>Bar Magallanes<\/strong>: Entrep\u00e0 de figatells, alberg\u00ednia, ceba a la planxa i salsa de mostassa i mel.<\/p>\n\n\n\n<p>2.\u00a0\u00a0\u00a0<strong>Bar Horchater\u00eda Cal Carrero<\/strong>: Entrep\u00e0 &#8220;El de Llonganiza&#8221;, amb llonganissa de Pasqua fresca, formatge skamorsa, tomaques cherry rostides, maionesa d&#8217;herbes, pesto i ceba caramel\u00b7litzada.<\/p>\n\n\n\n<p>3.\u00a0\u00a0\u00a0<strong>Bar Ca Rakel<\/strong>: Entrep\u00e0 de carn de cavall, ceba caramel\u00b7litzada en orxata i crema especial de formatge.<\/p>\n\n\n\n<p>4.\u00a0\u00a0\u00a0<strong>Grupo Gastro Trinquet<\/strong>: Entrep\u00e0 de truita de sobrassada ib\u00e8rica, pollastre camperol, formatge brie i maionesa de mel de flor del taronger.<\/p>\n\n\n\n<p>5.\u00a0\u00a0\u00a0<strong>Bar La Mesedora<\/strong>: Entrep\u00e0 &#8220;Quart de Poblet&#8221;, amb tomaca natural, llom, formatge brie fos, bacon, salsa de cheddar casolana i ceba crispy.<\/p>\n\n\n\n<p>L&#8217;horari per a disfrutar d&#8217;estos esmorzars ser\u00e0 de\u00a0<strong>09.30 h a 12.30 h<\/strong>, mentres que l&#8217;oferta gastron\u00f2mica s&#8217;ampliar\u00e0 de\u00a0<strong>13.00 h a 16.00 h<\/strong>, amb opcions addicionals pensades per a satisfer tots els gustos i paladars. Els tiquets es poden adquirir de manera anticipada en la web oficial\u00a0<a href=\"http:\/\/www.fetadegermanor.com\/\" target=\"_blank\" rel=\"noreferrer noopener\"><strong>www.fetadegermanor.com<\/strong><\/a><\/p>\n\n\n\n<p><strong>M\u00fasica en viu, humor i cultura local<\/strong><\/p>\n\n\n\n<p>El Germanor Fest no sols \u00e9s una celebraci\u00f3 culin\u00e0ria, sin\u00f3 tamb\u00e9 un aparador del talent local. Durant tota la jornada, els assistents podran disfrutar d&#8217;una cuidada programaci\u00f3 de concerts i mon\u00f2legs, amb artistes locals de renom de la comarca de\u00a0l&#8217;Horta Sud:<\/p>\n\n\n\n<ul class=\"wp-block-list\">\n<li><strong>10:00 &#8211; 10:45 h<\/strong>: Jove Big Band Sedajazz<\/li>\n\n\n\n<li><strong>11:00 &#8211; 11:45 h<\/strong>: Original Dixeland Sedajazz<\/li>\n\n\n\n<li><strong>12:00 &#8211; 12:45 h<\/strong>: Mon\u00f3logo de \u00d3scar Tramoyeres<\/li>\n\n\n\n<li><strong>13:00 &#8211; 14:00 h<\/strong>: Conciertos simult\u00e1neos de&nbsp;Los Roper, The Sepionets y La Golfer\u00eda<\/li>\n<\/ul>\n\n\n\n<p><strong>Un mercat solidari amb artesania local<\/strong><\/p>\n\n\n\n<p>Des de les\u00a0<strong>09.00 h fins a les 16.30 h<\/strong>, es desenrotllar\u00e0 un mercat artesanal protagonitzat per empreses de l&#8217;Horta afectades per la DANA. Este espai acollir\u00e0 una variada oferta de productes locals, tallers participatius i exposicions d&#8217;artistes gr\u00e0fics. Algunes de les activitats m\u00e9s destacades inclouen:<\/p>\n\n\n\n<ul class=\"wp-block-list\">\n<li><strong>Comboi Nation<\/strong>: .Venda de samarretes de l&#8217;esmorzar<\/li>\n\n\n\n<li><strong>Mai_Kilo<\/strong>:Brodat col\u00b7laboratiu.<\/li>\n\n\n\n<li><strong>Patricia Charquero<\/strong>: Taller de cer\u00e0mica.<\/li>\n\n\n\n<li><strong>Noem\u00ed Abanicos Burriel<\/strong>: Exposici\u00f3 i venda de ventalls artesanals.<\/li>\n<\/ul>\n\n\n\n<p><strong>Una jornada de germanor i tradici\u00f3 valenciana<\/strong><\/p>\n\n\n\n<p>El\u00a0<strong>Matinal del Germanor Fest<\/strong>\u00a0\u00e9s molt m\u00e9s que un simple esdeveniment gastron\u00f2mic o musical; \u00e9s una celebraci\u00f3 de l&#8217;ess\u00e8ncia valenciana, de la seua cultura festera, de la bona companyia i de la tradici\u00f3 de l&#8217;esmorzaret. Amb acc\u00e9s lliure i una programaci\u00f3 pensada per a totes les edats i gustos, esta jornada promet convertir-se en una cita obligada per als qui desitgen disfrutar d&#8217;una experi\u00e8ncia \u00fanica plena de sabor, m\u00fasica i tradici\u00f3.<\/p>\n\n\n\n<p><strong>Concerts solidaris i exclusius a la vesprada-nit<\/strong><\/p>\n\n\n\n<p>A partir de les\u00a0<strong>17.00 h<\/strong>\u00a0(obertura de portes 16.30 h.), el festival solidari continuar\u00e0 amb concerts especials que requeriran entrada per al seu acc\u00e9s. Amb un ampli elenc d&#8217;artistes i grups coneguts a nivell nacional:<\/p>\n\n\n\n<p>\u00b7&nbsp;&nbsp;&nbsp;&nbsp;&nbsp;&nbsp;&nbsp;&nbsp;16:30 h. y 18:30 h.:&nbsp;<strong>Sister Lau DJ<\/strong><\/p>\n\n\n\n<p>\u00b7&nbsp;&nbsp;&nbsp;&nbsp;&nbsp;&nbsp;&nbsp;&nbsp;17:30 h.:&nbsp;<strong>Wau y Los Arrrghs<\/strong><\/p>\n\n\n\n<p>\u00b7&nbsp;&nbsp;&nbsp;&nbsp;&nbsp;&nbsp;&nbsp;&nbsp;19:00 h.:&nbsp;<strong>La Habitaci\u00f3n Roja<\/strong><\/p>\n\n\n\n<p>\u00b7&nbsp;&nbsp;&nbsp;&nbsp;&nbsp;&nbsp;&nbsp;&nbsp;20:00 h.:&nbsp;<strong>Pablo Cebri\u00e1n DJ<\/strong><\/p>\n\n\n\n<p>\u00b7&nbsp;&nbsp;&nbsp;&nbsp;&nbsp;&nbsp;&nbsp;&nbsp;20:30 h.:&nbsp;<strong>La F\u00famiga<\/strong><\/p>\n\n\n\n<p>\u00b7&nbsp;&nbsp;&nbsp;&nbsp;&nbsp;&nbsp;&nbsp;&nbsp;21:45 h. y 23:30 h.:&nbsp;<strong>Cris Cross DJ<\/strong><\/p>\n\n\n\n<p>\u00b7&nbsp;&nbsp;&nbsp;&nbsp;&nbsp;&nbsp;&nbsp;&nbsp;22:15 h.:&nbsp;<strong>Varry Brava<\/strong><\/p>\n\n\n\n<p>\u00b7&nbsp;&nbsp;&nbsp;&nbsp;&nbsp;&nbsp;&nbsp;&nbsp;00:00 h.:&nbsp;<strong>La Casa Azul<\/strong><\/p>\n\n\n\n<p>\u00b7&nbsp;&nbsp;&nbsp;&nbsp;&nbsp;&nbsp;&nbsp;&nbsp;1:30 h.:&nbsp;<strong>Ley DJ<\/strong><\/p>\n\n\n\n<p>Per cada assistent al Germanorfest, Amstel donar\u00e0 de manera directa 5 euros a la Fundaci\u00f3 Horta Sud per a fer costat a les falles afectades.<\/p>\n\n\n\n<p>Les entrades poden adquirir-se a trav\u00e9s de la web oficial\u00a0<a href=\"http:\/\/www.fetadegermanor.com\/\" target=\"_blank\" rel=\"noreferrer noopener\"><strong>www.fetadegermanor.com<\/strong><\/a>, o canviant\u00a05 collets de ter\u00e7os AMSTEL<\/p>\n\n\n\n<figure class=\"wp-block-gallery has-nested-images columns-default is-cropped wp-block-gallery-1 is-layout-flex wp-block-gallery-is-layout-flex\">\n<figure class=\"wp-block-image size-large\"><img fetchpriority=\"high\" decoding=\"async\" width=\"817\" height=\"1024\" data-id=\"78385\" src=\"https:\/\/infotorrent.es\/wp-content\/uploads\/2025\/03\/WhatsApp-Image-2025-03-03-at-10.06.02-817x1024.jpeg\" alt=\"\" class=\"wp-image-78385\" srcset=\"https:\/\/infotorrent.es\/wp-content\/uploads\/2025\/03\/WhatsApp-Image-2025-03-03-at-10.06.02-817x1024.jpeg 817w, https:\/\/infotorrent.es\/wp-content\/uploads\/2025\/03\/WhatsApp-Image-2025-03-03-at-10.06.02-239x300.jpeg 239w, https:\/\/infotorrent.es\/wp-content\/uploads\/2025\/03\/WhatsApp-Image-2025-03-03-at-10.06.02-768x962.jpeg 768w, https:\/\/infotorrent.es\/wp-content\/uploads\/2025\/03\/WhatsApp-Image-2025-03-03-at-10.06.02-1226x1536.jpeg 1226w, https:\/\/infotorrent.es\/wp-content\/uploads\/2025\/03\/WhatsApp-Image-2025-03-03-at-10.06.02.jpeg 1277w\" sizes=\"(max-width: 817px) 100vw, 817px\" \/><\/figure>\n\n\n\n<figure class=\"wp-block-image size-large\"><img decoding=\"async\" width=\"576\" height=\"1024\" data-id=\"78383\" src=\"https:\/\/infotorrent.es\/wp-content\/uploads\/2025\/03\/WhatsApp-Image-2025-03-03-at-10.04.16-576x1024.jpeg\" alt=\"\" class=\"wp-image-78383\" srcset=\"https:\/\/infotorrent.es\/wp-content\/uploads\/2025\/03\/WhatsApp-Image-2025-03-03-at-10.04.16-576x1024.jpeg 576w, https:\/\/infotorrent.es\/wp-content\/uploads\/2025\/03\/WhatsApp-Image-2025-03-03-at-10.04.16-169x300.jpeg 169w, https:\/\/infotorrent.es\/wp-content\/uploads\/2025\/03\/WhatsApp-Image-2025-03-03-at-10.04.16-768x1365.jpeg 768w, https:\/\/infotorrent.es\/wp-content\/uploads\/2025\/03\/WhatsApp-Image-2025-03-03-at-10.04.16-864x1536.jpeg 864w, https:\/\/infotorrent.es\/wp-content\/uploads\/2025\/03\/WhatsApp-Image-2025-03-03-at-10.04.16.jpeg 900w\" sizes=\"(max-width: 576px) 100vw, 576px\" \/><\/figure>\n<\/figure>\n","protected":false},"excerpt":{"rendered":"<p>El festival solidari celebra la identitat valenciana amb gastronomia, entreteniment, m\u00fasica en directe, mon\u00f2legs, artesania, cultura i molt m\u00e9s De l&#8217;esmorzar als concerts nocturns, una jornada per als sentits, imperdible i inoblidable Tota la informaci\u00f3 i venda d&#8217;entrades en\u00a0www.fetadegermanor.com Dissabte que ve 8 de mar\u00e7 de 2025, el Parc Central de Torrent es convertir\u00e0 en [&hellip;]<\/p>\n","protected":false},"author":15,"featured_media":78393,"comment_status":"open","ping_status":"open","sticky":false,"template":"","format":"standard","meta":{"_acf_changed":false,"footnotes":""},"categories":[1190],"tags":[],"class_list":["post-78389","post","type-post","status-publish","format-standard","has-post-thumbnail","hentry","category-ayuntamiento-de-torrent-ca"],"acf":[],"_links":{"self":[{"href":"https:\/\/infotorrent.es\/ca\/wp-json\/wp\/v2\/posts\/78389","targetHints":{"allow":["GET"]}}],"collection":[{"href":"https:\/\/infotorrent.es\/ca\/wp-json\/wp\/v2\/posts"}],"about":[{"href":"https:\/\/infotorrent.es\/ca\/wp-json\/wp\/v2\/types\/post"}],"author":[{"embeddable":true,"href":"https:\/\/infotorrent.es\/ca\/wp-json\/wp\/v2\/users\/15"}],"replies":[{"embeddable":true,"href":"https:\/\/infotorrent.es\/ca\/wp-json\/wp\/v2\/comments?post=78389"}],"version-history":[{"count":1,"href":"https:\/\/infotorrent.es\/ca\/wp-json\/wp\/v2\/posts\/78389\/revisions"}],"predecessor-version":[{"id":78392,"href":"https:\/\/infotorrent.es\/ca\/wp-json\/wp\/v2\/posts\/78389\/revisions\/78392"}],"wp:featuredmedia":[{"embeddable":true,"href":"https:\/\/infotorrent.es\/ca\/wp-json\/wp\/v2\/media\/78393"}],"wp:attachment":[{"href":"https:\/\/infotorrent.es\/ca\/wp-json\/wp\/v2\/media?parent=78389"}],"wp:term":[{"taxonomy":"category","embeddable":true,"href":"https:\/\/infotorrent.es\/ca\/wp-json\/wp\/v2\/categories?post=78389"},{"taxonomy":"post_tag","embeddable":true,"href":"https:\/\/infotorrent.es\/ca\/wp-json\/wp\/v2\/tags?post=78389"}],"curies":[{"name":"wp","href":"https:\/\/api.w.org\/{rel}","templated":true}]}}