{"id":78377,"date":"2025-03-03T10:08:09","date_gmt":"2025-03-03T09:08:09","guid":{"rendered":"https:\/\/infotorrent.es\/uncategorized\/reflejos-la-obra-artistica-que-cierra-la-10a-edicion-de-la-paret-pintada\/"},"modified":"2025-03-03T10:10:54","modified_gmt":"2025-03-03T09:10:54","slug":"reflejos-la-obra-artistica-que-cierra-la-10a-edicion-de-la-paret-pintada","status":"publish","type":"post","link":"https:\/\/infotorrent.es\/ca\/ayuntamiento-de-torrent-ca\/reflejos-la-obra-artistica-que-cierra-la-10a-edicion-de-la-paret-pintada\/","title":{"rendered":"\u2018Reflexos\u2019: l&#8217;obra art\u00edstica que tanca la 10a edici\u00f3 de \u2018La Paret Pintada\u2019"},"content":{"rendered":"\n<p><strong>Torrent reafirma el seu comprom\u00eds amb l&#8217;art urb\u00e0 i la promoci\u00f3 de la cultura<\/strong><\/p>\n\n\n\n<p>El Centre d&#8217;Informaci\u00f3 Juvenil de l&#8217;Ajuntament de Torrent clausura la seua desena edici\u00f3 de \u2018La Paret Pintada\u2019 amb l&#8217;obra \u2018Reflexos\u2019, recentment finalitzada al carrer Val\u00e8ncia 66. Es tracta d&#8217;una iniciativa a trav\u00e9s de la qual el municipi es reafirma en el seu comprom\u00eds amb l&#8217;art urb\u00e0 i la cultura art\u00edstica.<\/p>\n\n\n\n<p>L&#8217;autora d&#8217;esta obra, \u00c1ngela Roc\u00edo Manchola, de nom art\u00edstic&nbsp;Its taque, ha volgut plasmar amb \u2018Reflexos\u2019 un viatge introspectiu per a exhibir l&#8217;art des d&#8217;una perspectiva diferent. La il\u00b7lustraci\u00f3 mostra a quatre persones explorant i descobrint la dansa, l&#8217;art visual i la m\u00fasica.<\/p>\n\n\n\n<p>La regidor de Joventut, Mar\u00eda Fern\u00e1ndez, ha visitat l&#8217;obra en el seu proc\u00e9s de creaci\u00f3 i ha expressat que&nbsp;este concurs es continua celebrant cada any perqu\u00e8 \u201cens sembla important promoure el talent juvenil i continuar apostant per l&#8217;art i la cultura\u201d, i anima a tots els artistes torrentinos a participar en les pr\u00f2ximes edicions.<\/p>\n\n\n\n<p>D&#8217;un total de 31 propostes presentades, van ser triades tres obres per a transformar els carrers de Torrent en un llen\u00e7 viu, sent \u2018Reflexos\u2019 l&#8217;obra que tanca esta edici\u00f3. El primer mural va ser \u2018De Passeig\u2019, creat pel navarr\u00e9s Eneko Azpiroz, en la fa\u00e7ana de l&#8217;antiga Sala Bony, al carrer Zaragoza. El segon va ser \u2018El nostre col\u00b7le, el nostre m\u00f3n\u2019 de Jos\u00e9 Antonio Carcavilla, en el CEIP Els Terretes.<\/p>\n\n\n\n<figure class=\"wp-block-gallery has-nested-images columns-default is-cropped wp-block-gallery-1 is-layout-flex wp-block-gallery-is-layout-flex\">\n<figure class=\"wp-block-image size-large\"><img fetchpriority=\"high\" decoding=\"async\" width=\"1024\" height=\"576\" data-id=\"78367\" src=\"https:\/\/infotorrent.es\/wp-content\/uploads\/2025\/03\/WhatsApp-Image-2025-02-28-at-13.18.03-1024x576.jpeg\" alt=\"\" class=\"wp-image-78367\" srcset=\"https:\/\/infotorrent.es\/wp-content\/uploads\/2025\/03\/WhatsApp-Image-2025-02-28-at-13.18.03-1024x576.jpeg 1024w, https:\/\/infotorrent.es\/wp-content\/uploads\/2025\/03\/WhatsApp-Image-2025-02-28-at-13.18.03-300x169.jpeg 300w, https:\/\/infotorrent.es\/wp-content\/uploads\/2025\/03\/WhatsApp-Image-2025-02-28-at-13.18.03-768x432.jpeg 768w, https:\/\/infotorrent.es\/wp-content\/uploads\/2025\/03\/WhatsApp-Image-2025-02-28-at-13.18.03.jpeg 1134w\" sizes=\"(max-width: 1024px) 100vw, 1024px\" \/><\/figure>\n\n\n\n<figure class=\"wp-block-image size-large\"><img decoding=\"async\" width=\"768\" height=\"1024\" data-id=\"78373\" src=\"https:\/\/infotorrent.es\/wp-content\/uploads\/2025\/03\/WhatsApp-Image-2025-03-03-at-10.00.19-768x1024.jpeg\" alt=\"\" class=\"wp-image-78373\" srcset=\"https:\/\/infotorrent.es\/wp-content\/uploads\/2025\/03\/WhatsApp-Image-2025-03-03-at-10.00.19-768x1024.jpeg 768w, https:\/\/infotorrent.es\/wp-content\/uploads\/2025\/03\/WhatsApp-Image-2025-03-03-at-10.00.19-225x300.jpeg 225w, https:\/\/infotorrent.es\/wp-content\/uploads\/2025\/03\/WhatsApp-Image-2025-03-03-at-10.00.19-1152x1536.jpeg 1152w, https:\/\/infotorrent.es\/wp-content\/uploads\/2025\/03\/WhatsApp-Image-2025-03-03-at-10.00.19.jpeg 1536w\" sizes=\"(max-width: 768px) 100vw, 768px\" \/><\/figure>\n\n\n\n<figure class=\"wp-block-image size-large\"><img decoding=\"async\" width=\"1024\" height=\"575\" data-id=\"78369\" src=\"https:\/\/infotorrent.es\/wp-content\/uploads\/2025\/03\/WhatsApp-Image-2025-02-28-at-13.18.02-1024x575.jpeg\" alt=\"\" class=\"wp-image-78369\" srcset=\"https:\/\/infotorrent.es\/wp-content\/uploads\/2025\/03\/WhatsApp-Image-2025-02-28-at-13.18.02-1024x575.jpeg 1024w, https:\/\/infotorrent.es\/wp-content\/uploads\/2025\/03\/WhatsApp-Image-2025-02-28-at-13.18.02-300x169.jpeg 300w, https:\/\/infotorrent.es\/wp-content\/uploads\/2025\/03\/WhatsApp-Image-2025-02-28-at-13.18.02-768x431.jpeg 768w, https:\/\/infotorrent.es\/wp-content\/uploads\/2025\/03\/WhatsApp-Image-2025-02-28-at-13.18.02.jpeg 1134w\" sizes=\"(max-width: 1024px) 100vw, 1024px\" \/><\/figure>\n\n\n\n<figure class=\"wp-block-image size-large\"><img loading=\"lazy\" decoding=\"async\" width=\"1024\" height=\"576\" data-id=\"78371\" src=\"https:\/\/infotorrent.es\/wp-content\/uploads\/2025\/03\/WhatsApp-Image-2025-02-28-at-13.18.031-1024x576.jpeg\" alt=\"\" class=\"wp-image-78371\" srcset=\"https:\/\/infotorrent.es\/wp-content\/uploads\/2025\/03\/WhatsApp-Image-2025-02-28-at-13.18.031-1024x576.jpeg 1024w, https:\/\/infotorrent.es\/wp-content\/uploads\/2025\/03\/WhatsApp-Image-2025-02-28-at-13.18.031-300x169.jpeg 300w, https:\/\/infotorrent.es\/wp-content\/uploads\/2025\/03\/WhatsApp-Image-2025-02-28-at-13.18.031-768x432.jpeg 768w, https:\/\/infotorrent.es\/wp-content\/uploads\/2025\/03\/WhatsApp-Image-2025-02-28-at-13.18.031.jpeg 1134w\" sizes=\"(max-width: 1024px) 100vw, 1024px\" \/><\/figure>\n<\/figure>\n","protected":false},"excerpt":{"rendered":"<p>Torrent reafirma el seu comprom\u00eds amb l&#8217;art urb\u00e0 i la promoci\u00f3 de la cultura El Centre d&#8217;Informaci\u00f3 Juvenil de l&#8217;Ajuntament de Torrent clausura la seua desena edici\u00f3 de \u2018La Paret Pintada\u2019 amb l&#8217;obra \u2018Reflexos\u2019, recentment finalitzada al carrer Val\u00e8ncia 66. Es tracta d&#8217;una iniciativa a trav\u00e9s de la qual el municipi es reafirma en el [&hellip;]<\/p>\n","protected":false},"author":15,"featured_media":78381,"comment_status":"open","ping_status":"open","sticky":false,"template":"","format":"standard","meta":{"_acf_changed":false,"footnotes":""},"categories":[1190,1169],"tags":[],"class_list":["post-78377","post","type-post","status-publish","format-standard","has-post-thumbnail","hentry","category-ayuntamiento-de-torrent-ca","category-juventud-ca"],"acf":[],"_links":{"self":[{"href":"https:\/\/infotorrent.es\/ca\/wp-json\/wp\/v2\/posts\/78377","targetHints":{"allow":["GET"]}}],"collection":[{"href":"https:\/\/infotorrent.es\/ca\/wp-json\/wp\/v2\/posts"}],"about":[{"href":"https:\/\/infotorrent.es\/ca\/wp-json\/wp\/v2\/types\/post"}],"author":[{"embeddable":true,"href":"https:\/\/infotorrent.es\/ca\/wp-json\/wp\/v2\/users\/15"}],"replies":[{"embeddable":true,"href":"https:\/\/infotorrent.es\/ca\/wp-json\/wp\/v2\/comments?post=78377"}],"version-history":[{"count":1,"href":"https:\/\/infotorrent.es\/ca\/wp-json\/wp\/v2\/posts\/78377\/revisions"}],"predecessor-version":[{"id":78380,"href":"https:\/\/infotorrent.es\/ca\/wp-json\/wp\/v2\/posts\/78377\/revisions\/78380"}],"wp:featuredmedia":[{"embeddable":true,"href":"https:\/\/infotorrent.es\/ca\/wp-json\/wp\/v2\/media\/78381"}],"wp:attachment":[{"href":"https:\/\/infotorrent.es\/ca\/wp-json\/wp\/v2\/media?parent=78377"}],"wp:term":[{"taxonomy":"category","embeddable":true,"href":"https:\/\/infotorrent.es\/ca\/wp-json\/wp\/v2\/categories?post=78377"},{"taxonomy":"post_tag","embeddable":true,"href":"https:\/\/infotorrent.es\/ca\/wp-json\/wp\/v2\/tags?post=78377"}],"curies":[{"name":"wp","href":"https:\/\/api.w.org\/{rel}","templated":true}]}}