{"id":78337,"date":"2025-03-01T10:37:06","date_gmt":"2025-03-01T09:37:06","guid":{"rendered":"https:\/\/infotorrent.es\/?p=78337"},"modified":"2025-03-01T15:02:16","modified_gmt":"2025-03-01T14:02:16","slug":"torrent-encen-la-metxa-de-les-falles-2025-amb-un-homenatge-als-pirotecnics-i-patrocinadors","status":"publish","type":"post","link":"https:\/\/infotorrent.es\/ca\/alcaldia-2\/torrent-encen-la-metxa-de-les-falles-2025-amb-un-homenatge-als-pirotecnics-i-patrocinadors\/","title":{"rendered":"Torrent enc\u00e9n la metxa de les Falles 2025 amb un homenatge als pirot\u00e8cnics i patrocinadors"},"content":{"rendered":"\n<p><strong>Emoci\u00f3, p\u00f3lvora i tradici\u00f3 en la presentaci\u00f3 del calendari pirot\u00e8cnic per a les Falles 2025<\/strong><\/p>\n\n\n\n<p><strong>L\u2019Arribada del Foc enlluerna a Torrent amb l&#8217;espectacle pirot\u00e8cnic \u2018Renaixement d\u2019un Poble\u2019<\/strong><\/p>\n\n\n\n<p>La ciutat de Torrent ha viscut una nit hist\u00f2rica que marca l&#8217;inici de les Falles 2025 amb un doble esdeveniment carregat d&#8217;emoci\u00f3, tradici\u00f3 i reconeixement. Arrancava la vetlada en el Espai Metropolit\u00e0 d\u2019Art <em>de Torrent (<\/em>EMAT) que ha sigut l&#8217;escenari de la presentaci\u00f3 oficial del calendari pirot\u00e8cnic per a estes Falles 2025, un acte que ha servit per a retre homenatge i recon\u00e9ixer als pirot\u00e8cnics i agrair el suport dels patrocinadors que fan possible estos espectacles de llum i so.<\/p>\n\n\n\n<p>A l&#8217;acte han assistit l&#8217;alcaldessa de Torrent, Amparo Folgado, acompanyada del regidor de Falles Aitor S\u00e1nchez i membres de l&#8217;equip de govern i la corporaci\u00f3, al costat de pirot\u00e8cnics i patrocinadors, protagonistes de la nit. Han assistit les Falleres Majors de Torrent 2025 i les seues Corts d&#8217;Honor, la Reina de la Trobada i \u00c1ngel de la Resurrecci\u00f3, la Musa de la M\u00fasica, representants de la Junta Local Fallera de Torrent, de la Federaci\u00f3 de Moros i Cristians de Torrent, de la Junta Central de la Setmana Santa de Torrent i del Circulo Cat\u00f2lic, aix\u00ed com diferents convidats de l&#8217;ajuntament, periodistes i mitjans de comunicaci\u00f3. No va voler perdre&#8217;s l\u2019Arribada del Foc tampoc, el cantant i compositor David de Mar\u00eda que oferia un concert ben\u00e8fic pels afectats de la Dana esta mateixa nit en el Auditori de Torrent.<\/p>\n\n\n\n<p>Durant l&#8217;esdeveniment, es va destacar la import\u00e0ncia de la pirot\u00e8cnia com una senya d&#8217;identitat de les Falles i es va fer un reconeixement especial a empreses com a <strong>Pirot\u00e8cnia Germans Caballer, Global Foc, Pirot\u00e8cnia Nadal Mart\u00ed, Piroalpa i Pirot\u00e8cnia Vulc\u00e0<\/strong>, els qui seran els responsables dels principals espectacles pirot\u00e8cnics al llarg del mes faller. A m\u00e9s, es va agrair el suport de<strong> Caixa Popular, Aig\u00fces de l&#8217;Horta-Hidraqua, Esber SL, FCC i Family Cash<\/strong>, patrocinadors clau per al desenrotllament de les Falles 2025. Es va projectar un v\u00eddeo d&#8217;homenatge i pirot\u00e8cnics i patrocinadors van arreplegar un obsequi recorde de l&#8217;Ajuntament de Torrent.<\/p>\n\n\n\n<p><strong>L&#8217;Arribada del Foc il\u00b7lumina el cel de Torrent<\/strong><\/p>\n\n\n\n<p>Despr\u00e9s de l&#8217;emotiu i merescut acte en el EMAT, Torrent es va vestir de gala per a presenciar la segona edici\u00f3 de l\u2019Arribada del Foc, el gran espectacle pirot\u00e8cnic que dona principi oficial a les Falles. A les 23.59 hores, la Pla\u00e7a de la Va unir Musical es va convertir en el focus de la Comarca amb l&#8217;espectacle &#8220;Renaixement d\u2019un Poble&#8221;, dissenyat en exclusiva pel reconegut pirot\u00e8cnic Jos\u00e9 Vte. Caballer de la Pirot\u00e8cnia Germans Caballer.<\/p>\n\n\n\n<p>L&#8217;espectacle, completament digital i disparat via radi, va comptar amb m\u00e9s de 1.400 ordes de tret i 36 conjunts pirot\u00e8cnics diferents, amb m\u00e9s de 200 quilos de massa reglament\u00e0ria. Un dels moments m\u00e9s especials de la nit va ser l&#8217;homenatge a les localitats afectades per la Dana d&#8217;octubre, amb una composici\u00f3 que va incloure els colors de la Senyera en el cel. La nit va culminar amb una fase final de fragorosa intensitat, que va deixar sense al\u00e9 als assistents i va segellar l&#8217;inici del calendari faller de Torrent.<\/p>\n\n\n\n<p><strong>Una agenda fallera repleta d&#8217;emoci\u00f3, p\u00f3lvora i tradici\u00f3<\/strong><\/p>\n\n\n\n<p>Amb la mirada posada en la gran setmana fallera, Torrent es prepara per a un mes carregat d&#8217;art, p\u00f3lvora, m\u00fasica i devoci\u00f3, amb el tret inicial de l\u2019Arribada del Foc, El 7 de mar\u00e7, el Parc Central acollir\u00e0 un espectacle pirot\u00e8cnic de Global Foc a les 15.00 hores, amb motiu de l&#8217;Homenatge a la Dona Dona, organitzat per la Casa de la Dona.<\/p>\n\n\n\n<p>El 16 de mar\u00e7 a les 14.30 hores, tindr\u00e0 lloc la primera masclet\u00e0, disparada per la pirot\u00e8cnia Nadal Mart\u00ed en la Pla\u00e7a del Bisbe Benlloch. Eixe mateix dia se celebrar\u00e0 el Trasllat de la Mare de D\u00e9u i el posterior lliurament de premis, reconeixent l&#8217;esfor\u00e7 i creativitat de les comissions falleres.<\/p>\n\n\n\n<p>L&#8217;endem\u00e0, el 17 de mar\u00e7 ser\u00e0 el torn de la pirot\u00e8cnia Piroalpa a les 14.30 hores, que oferir\u00e0 una masclet\u00e0 espectacular com a avantsala a l&#8217;emotiva Ofrena de Flores, on m\u00e9s de 7.000 falleres i fallers recorreran els carrers fins a la Pla\u00e7a de l&#8217;Esgl\u00e9sia per a confeccionar el mantell floral de la patrona.<\/p>\n\n\n\n<p>El 18 de mar\u00e7 a les 14.30 hores, la pirot\u00e8cnia Vulc\u00e0 disparar\u00e0 la seua masclet\u00e0 en la mateixa pla\u00e7a, seguida de la tradicional Dans\u00e0 en honor a Sant Josep. I finalment, el 19 de mar\u00e7, dia gran de la festivitat del nostre patr\u00f3 San Jos\u00e9, se celebrar\u00e0 la missa solemne, l&#8217;homenatge al faller i a les 14.30 hores, l&#8217;\u00faltima masclet\u00e0 a c\u00e0rrec de Germans Caballer. A la nit, el foc purificador tancar\u00e0 el cicle festiu amb la Crem\u00e0 Infantil i la Crem\u00e0 Major. Finalitzant una intensa setmana d&#8217;espectacles pirot\u00e8cnics de gran nivell.<\/p>\n\n\n\n<p><strong>Torrent, referent en la Comunitat Valenciana<\/strong><\/p>\n\n\n\n<p>Amb una agenda que combina cultura, p\u00f3lvora i tradici\u00f3, Torrent reafirma la seua posici\u00f3 com un dels punts neur\u00e0lgics pirot\u00e8cnics i fallers de la Comunitat Valenciana. S&#8217;espera que milers de visitants gaudisquen dels actes programats, que no sols realcen l&#8217;esperit faller, sin\u00f3 que tamb\u00e9 suposen un important impuls econ\u00f2mic i cultural per a la ciutat.<\/p>\n\n\n\n<p>Amb este inici espectacular i despr\u00e9s de la Crida, Torrent est\u00e0 preparada per a viure unes Falles \u00faniques i solid\u00e0ries, amb un programa que combina l&#8217;art ef\u00edmer, la devoci\u00f3, la m\u00fasica i la p\u00f3lvora. Els actes inundaran els carrers d&#8217;emoci\u00f3 en unes Falles inoblidable, una festa declarada d&#8217;Inter\u00e9s Tur\u00edstic Auton\u00f2mic des de 2015. Tot est\u00e0 llest perqu\u00e8 la ciutat torne a vibrar en una de les seues celebracions m\u00e9s emblem\u00e0tiques.<\/p>\n\n\n\n<p>L&#8217;alcaldessa Amparo Folgado ha manifestat que <strong>\u201cels pirot\u00e8cnics s\u00f3n l&#8217;\u00e0nima de les Falles. Sense ells, les nostres festes no serien el mateix. El seu art, la seua dedicaci\u00f3 i la seua capacitat de transformar la p\u00f3lvora en emoci\u00f3 s\u00f3n elements essencials de la nostra tradici\u00f3. Des de Torrent, volem rendir-los un homenatge sincer i recon\u00e9ixer el seu esfor\u00e7, perqu\u00e8 cada tret d&#8217;una masclet\u00e0, cada castell de focs artificials i cada traca que ressona als nostres carrers s\u00f3n el resultat de mesos de treball, d&#8217;un ofici que combina precisi\u00f3, creativitat i valentia\u201d.<\/strong><\/p>\n\n\n\n<p><strong>\u201cEn este 2025, volem agrair especialment a totes les pirot\u00e8cnies que participen en les nostres Falles i que amb el seu treball ens fan sentir l&#8217;ess\u00e8ncia de la nostra festa en cada tret. Des de la primera masclet\u00e0 fins a l&#8217;\u00faltim castell de la *Crem\u00e0, la seua labor ens ompli d&#8217;orgull i refor\u00e7a la identitat de Torrent com una ciutat en la qual la p\u00f3lvora \u00e9s part del nostre ADN\u201d<\/strong>, ha declarat Folgado<\/p>\n\n\n\n<p><strong>\u201cQue cada explosi\u00f3 de p\u00f3lvora siga un tribut al seu treball i que cada masclet\u00e0 siga un aplaudiment sonor de tota la ciutadania per a aquells que convertixen el foc en art i la p\u00f3lvora en emoci\u00f3\u201d<\/strong>, ha assenyalat.<\/p>\n\n\n\n<p>Folgado va afegir que <strong>\u201cHui tamb\u00e9 vull fer un reconeixement especial als patrocinadors que han apostat per Torrent, per les nostres Falles i pel valor de la pirot\u00e8cnia com a s\u00edmbol d&#8217;identitat. El seu suport \u00e9s fonamental perqu\u00e8 la nostra festa continue creixent i mantenint la seua grandesa any rere any\u201d.<\/strong><\/p>\n\n\n\n<p><strong>\u201cEl seu comprom\u00eds amb la cultura i les tradicions de la nostra ciutat \u00e9s un exemple de com la col\u00b7laboraci\u00f3 entre el sector p\u00fablic i privat pot enriquir i enfortir les nostres festes. Ells han ent\u00e9s que la p\u00f3lvora no \u00e9s sol espectacle, sin\u00f3 una part essencial del nostre ADN festiu, una tradici\u00f3 que ens ompli d&#8217;emoci\u00f3 i orgull. Esperem continuar comptant amb la seua confian\u00e7a en els pr\u00f2xims anys, perqu\u00e8 junts, amb l&#8217;esfor\u00e7 de tots, fem que les Falles de Torrent siguen un referent dins i fora de la nostra Comunitat\u201d<\/strong>, ha concl\u00f2s l&#8217;alcaldessa.<\/p>\n\n\n\n<p>El regidor de Falles, Aitor S\u00e1nchez, en finalitzar l&#8217;acte ha explicat que <strong>\u201cLes Falles s\u00f3n molt m\u00e9s que una festa per a Torrent; s\u00f3n l&#8217;ess\u00e8ncia mateixa de la nostra identitat cultural i social. Any rere any, els nostres fallers, artistes, m\u00fasics i pirot\u00e8cnics treballen incansablement per a fer d&#8217;estes celebracions un referent dins i fora de la Comunitat Valenciana. Enguany, hem volgut destacar especialment el paper dels pirot\u00e8cnics i d&#8217;aquells patrocinadors que han apostat per fer possible uns espectacles de primer nivell. La seua labor no sols \u00e9s imprescindible per a l&#8217;espectacularitat de les nostres Falles, sin\u00f3 que forma part de l&#8217;\u00e0nima, l&#8217;ess\u00e8ncia i la hist\u00f2ria de la nostra ciutat\u201d.<\/strong><\/p>\n\n\n\n<p><strong>&#8220;Organitzar unes Falles d&#8217;esta magnitud suposa un repte enorme, per\u00f2 tamb\u00e9 una gran satisfacci\u00f3. Des de l&#8217;Ajuntament de Torrent, treballem bra\u00e7 a bra\u00e7 amb la Junta Local Fallera i les comissions perqu\u00e8 cada detall d&#8217;estes festes estiga a l&#8217;altura del que mereixen els nostres ve\u00efns. Enguany hem volgut fer un pas m\u00e9s i rendir un homenatge especial als pirot\u00e8cnics, veritables artesans del foc que amb el seu art ens fan vibrar cada dia\u201d<\/strong>, ha afegit el regidor.<\/p>\n\n\n\n<figure class=\"wp-block-image size-large\"><img fetchpriority=\"high\" decoding=\"async\" width=\"1024\" height=\"658\" src=\"https:\/\/infotorrent.es\/wp-content\/uploads\/2025\/03\/10-1-1024x658.jpg\" alt=\"\" class=\"wp-image-78338\" srcset=\"https:\/\/infotorrent.es\/wp-content\/uploads\/2025\/03\/10-1-1024x658.jpg 1024w, https:\/\/infotorrent.es\/wp-content\/uploads\/2025\/03\/10-1-300x193.jpg 300w, https:\/\/infotorrent.es\/wp-content\/uploads\/2025\/03\/10-1-768x494.jpg 768w, https:\/\/infotorrent.es\/wp-content\/uploads\/2025\/03\/10-1-1536x987.jpg 1536w, https:\/\/infotorrent.es\/wp-content\/uploads\/2025\/03\/10-1.jpg 1573w\" sizes=\"(max-width: 1024px) 100vw, 1024px\" \/><\/figure>\n\n\n\n<figure class=\"wp-block-gallery has-nested-images columns-default is-cropped wp-block-gallery-1 is-layout-flex wp-block-gallery-is-layout-flex\">\n<figure class=\"wp-block-image size-large\"><img decoding=\"async\" width=\"1024\" height=\"694\" data-id=\"78340\" src=\"https:\/\/infotorrent.es\/wp-content\/uploads\/2025\/03\/9-2-1024x694.jpg\" alt=\"\" class=\"wp-image-78340\" srcset=\"https:\/\/infotorrent.es\/wp-content\/uploads\/2025\/03\/9-2-1024x694.jpg 1024w, https:\/\/infotorrent.es\/wp-content\/uploads\/2025\/03\/9-2-300x203.jpg 300w, https:\/\/infotorrent.es\/wp-content\/uploads\/2025\/03\/9-2-768x520.jpg 768w, https:\/\/infotorrent.es\/wp-content\/uploads\/2025\/03\/9-2.jpg 1395w\" sizes=\"(max-width: 1024px) 100vw, 1024px\" \/><\/figure>\n\n\n\n<figure class=\"wp-block-image size-large\"><img decoding=\"async\" width=\"1024\" height=\"658\" data-id=\"78342\" src=\"https:\/\/infotorrent.es\/wp-content\/uploads\/2025\/03\/11-2-1024x658.jpg\" alt=\"\" class=\"wp-image-78342\" srcset=\"https:\/\/infotorrent.es\/wp-content\/uploads\/2025\/03\/11-2-1024x658.jpg 1024w, https:\/\/infotorrent.es\/wp-content\/uploads\/2025\/03\/11-2-300x193.jpg 300w, https:\/\/infotorrent.es\/wp-content\/uploads\/2025\/03\/11-2-768x493.jpg 768w, https:\/\/infotorrent.es\/wp-content\/uploads\/2025\/03\/11-2-1536x987.jpg 1536w, https:\/\/infotorrent.es\/wp-content\/uploads\/2025\/03\/11-2.jpg 1600w\" sizes=\"(max-width: 1024px) 100vw, 1024px\" \/><\/figure>\n<\/figure>\n\n\n\n<figure class=\"wp-block-image size-large\"><img loading=\"lazy\" decoding=\"async\" width=\"1024\" height=\"675\" src=\"https:\/\/infotorrent.es\/wp-content\/uploads\/2025\/03\/6-1-1024x675.jpg\" alt=\"\" class=\"wp-image-78345\" srcset=\"https:\/\/infotorrent.es\/wp-content\/uploads\/2025\/03\/6-1-1024x675.jpg 1024w, https:\/\/infotorrent.es\/wp-content\/uploads\/2025\/03\/6-1-300x198.jpg 300w, https:\/\/infotorrent.es\/wp-content\/uploads\/2025\/03\/6-1-768x506.jpg 768w, https:\/\/infotorrent.es\/wp-content\/uploads\/2025\/03\/6-1-1536x1013.jpg 1536w, https:\/\/infotorrent.es\/wp-content\/uploads\/2025\/03\/6-1.jpg 1600w\" sizes=\"(max-width: 1024px) 100vw, 1024px\" \/><\/figure>\n\n\n\n<figure class=\"wp-block-gallery has-nested-images columns-default is-cropped wp-block-gallery-2 is-layout-flex wp-block-gallery-is-layout-flex\">\n<figure class=\"wp-block-image size-large\"><img loading=\"lazy\" decoding=\"async\" width=\"1024\" height=\"682\" data-id=\"78348\" src=\"https:\/\/infotorrent.es\/wp-content\/uploads\/2025\/03\/4-1-1024x682.jpg\" alt=\"\" class=\"wp-image-78348\" srcset=\"https:\/\/infotorrent.es\/wp-content\/uploads\/2025\/03\/4-1-1024x682.jpg 1024w, https:\/\/infotorrent.es\/wp-content\/uploads\/2025\/03\/4-1-300x200.jpg 300w, https:\/\/infotorrent.es\/wp-content\/uploads\/2025\/03\/4-1-768x512.jpg 768w, https:\/\/infotorrent.es\/wp-content\/uploads\/2025\/03\/4-1-1536x1023.jpg 1536w, https:\/\/infotorrent.es\/wp-content\/uploads\/2025\/03\/4-1.jpg 1600w\" sizes=\"(max-width: 1024px) 100vw, 1024px\" \/><\/figure>\n\n\n\n<figure class=\"wp-block-image size-large\"><img loading=\"lazy\" decoding=\"async\" width=\"1024\" height=\"692\" data-id=\"78347\" src=\"https:\/\/infotorrent.es\/wp-content\/uploads\/2025\/03\/5-1-1024x692.jpg\" alt=\"\" class=\"wp-image-78347\" srcset=\"https:\/\/infotorrent.es\/wp-content\/uploads\/2025\/03\/5-1-1024x692.jpg 1024w, https:\/\/infotorrent.es\/wp-content\/uploads\/2025\/03\/5-1-300x203.jpg 300w, https:\/\/infotorrent.es\/wp-content\/uploads\/2025\/03\/5-1-768x519.jpg 768w, https:\/\/infotorrent.es\/wp-content\/uploads\/2025\/03\/5-1-1536x1039.jpg 1536w, https:\/\/infotorrent.es\/wp-content\/uploads\/2025\/03\/5-1.jpg 1600w\" sizes=\"(max-width: 1024px) 100vw, 1024px\" \/><\/figure>\n<\/figure>\n\n\n\n<figure class=\"wp-block-gallery has-nested-images columns-default is-cropped wp-block-gallery-3 is-layout-flex wp-block-gallery-is-layout-flex\">\n<figure class=\"wp-block-image size-large\"><img loading=\"lazy\" decoding=\"async\" width=\"1024\" height=\"682\" data-id=\"78351\" src=\"https:\/\/infotorrent.es\/wp-content\/uploads\/2025\/03\/2-1-1024x682.jpg\" alt=\"\" class=\"wp-image-78351\" srcset=\"https:\/\/infotorrent.es\/wp-content\/uploads\/2025\/03\/2-1-1024x682.jpg 1024w, https:\/\/infotorrent.es\/wp-content\/uploads\/2025\/03\/2-1-300x200.jpg 300w, https:\/\/infotorrent.es\/wp-content\/uploads\/2025\/03\/2-1-768x512.jpg 768w, https:\/\/infotorrent.es\/wp-content\/uploads\/2025\/03\/2-1-1536x1023.jpg 1536w, https:\/\/infotorrent.es\/wp-content\/uploads\/2025\/03\/2-1.jpg 1600w\" sizes=\"(max-width: 1024px) 100vw, 1024px\" \/><\/figure>\n\n\n\n<figure class=\"wp-block-image size-large\"><img loading=\"lazy\" decoding=\"async\" width=\"1024\" height=\"629\" data-id=\"78353\" src=\"https:\/\/infotorrent.es\/wp-content\/uploads\/2025\/03\/3-1-1024x629.jpg\" alt=\"\" class=\"wp-image-78353\" srcset=\"https:\/\/infotorrent.es\/wp-content\/uploads\/2025\/03\/3-1-1024x629.jpg 1024w, https:\/\/infotorrent.es\/wp-content\/uploads\/2025\/03\/3-1-300x184.jpg 300w, https:\/\/infotorrent.es\/wp-content\/uploads\/2025\/03\/3-1-768x472.jpg 768w, https:\/\/infotorrent.es\/wp-content\/uploads\/2025\/03\/3-1-1536x943.jpg 1536w, https:\/\/infotorrent.es\/wp-content\/uploads\/2025\/03\/3-1.jpg 1550w\" sizes=\"(max-width: 1024px) 100vw, 1024px\" \/><\/figure>\n<\/figure>\n\n\n\n<figure class=\"wp-block-image size-large\"><img loading=\"lazy\" decoding=\"async\" width=\"767\" height=\"1024\" src=\"https:\/\/infotorrent.es\/wp-content\/uploads\/2025\/03\/a83de64d-8200-4c3c-a233-5c1207a360f0-1-767x1024.jpg\" alt=\"\" class=\"wp-image-78359\" srcset=\"https:\/\/infotorrent.es\/wp-content\/uploads\/2025\/03\/a83de64d-8200-4c3c-a233-5c1207a360f0-1-767x1024.jpg 767w, https:\/\/infotorrent.es\/wp-content\/uploads\/2025\/03\/a83de64d-8200-4c3c-a233-5c1207a360f0-1-225x300.jpg 225w, https:\/\/infotorrent.es\/wp-content\/uploads\/2025\/03\/a83de64d-8200-4c3c-a233-5c1207a360f0-1-768x1025.jpg 768w, https:\/\/infotorrent.es\/wp-content\/uploads\/2025\/03\/a83de64d-8200-4c3c-a233-5c1207a360f0-1-1151x1536.jpg 1151w, https:\/\/infotorrent.es\/wp-content\/uploads\/2025\/03\/a83de64d-8200-4c3c-a233-5c1207a360f0-1.jpg 1199w\" sizes=\"(max-width: 767px) 100vw, 767px\" \/><\/figure>\n","protected":false},"excerpt":{"rendered":"<p>Emoci\u00f3, p\u00f3lvora i tradici\u00f3 en la presentaci\u00f3 del calendari pirot\u00e8cnic per a les Falles 2025 L\u2019Arribada del Foc enlluerna a Torrent amb l&#8217;espectacle pirot\u00e8cnic \u2018Renaixement d\u2019un Poble\u2019 La ciutat de Torrent ha viscut una nit hist\u00f2rica que marca l&#8217;inici de les Falles 2025 amb un doble esdeveniment carregat d&#8217;emoci\u00f3, tradici\u00f3 i reconeixement. Arrancava la vetlada [&hellip;]<\/p>\n","protected":false},"author":20,"featured_media":78344,"comment_status":"open","ping_status":"open","sticky":false,"template":"","format":"standard","meta":{"_acf_changed":false,"footnotes":""},"categories":[141,1132,1171,143],"tags":[],"class_list":["post-78337","post","type-post","status-publish","format-standard","has-post-thumbnail","hentry","category-alcaldia-2","category-cultura-ca","category-fallas-ca","category-fiestas-y-tradiciones"],"acf":[],"_links":{"self":[{"href":"https:\/\/infotorrent.es\/ca\/wp-json\/wp\/v2\/posts\/78337","targetHints":{"allow":["GET"]}}],"collection":[{"href":"https:\/\/infotorrent.es\/ca\/wp-json\/wp\/v2\/posts"}],"about":[{"href":"https:\/\/infotorrent.es\/ca\/wp-json\/wp\/v2\/types\/post"}],"author":[{"embeddable":true,"href":"https:\/\/infotorrent.es\/ca\/wp-json\/wp\/v2\/users\/20"}],"replies":[{"embeddable":true,"href":"https:\/\/infotorrent.es\/ca\/wp-json\/wp\/v2\/comments?post=78337"}],"version-history":[{"count":2,"href":"https:\/\/infotorrent.es\/ca\/wp-json\/wp\/v2\/posts\/78337\/revisions"}],"predecessor-version":[{"id":78361,"href":"https:\/\/infotorrent.es\/ca\/wp-json\/wp\/v2\/posts\/78337\/revisions\/78361"}],"wp:featuredmedia":[{"embeddable":true,"href":"https:\/\/infotorrent.es\/ca\/wp-json\/wp\/v2\/media\/78344"}],"wp:attachment":[{"href":"https:\/\/infotorrent.es\/ca\/wp-json\/wp\/v2\/media?parent=78337"}],"wp:term":[{"taxonomy":"category","embeddable":true,"href":"https:\/\/infotorrent.es\/ca\/wp-json\/wp\/v2\/categories?post=78337"},{"taxonomy":"post_tag","embeddable":true,"href":"https:\/\/infotorrent.es\/ca\/wp-json\/wp\/v2\/tags?post=78337"}],"curies":[{"name":"wp","href":"https:\/\/api.w.org\/{rel}","templated":true}]}}