{"id":78220,"date":"2025-02-27T10:10:11","date_gmt":"2025-02-27T09:10:11","guid":{"rendered":"https:\/\/infotorrent.es\/uncategorized\/las-fallas-de-torrent-2025-prometen-mas-emocion-y-polvora-que-nunca\/"},"modified":"2025-02-27T10:20:10","modified_gmt":"2025-02-27T09:20:10","slug":"las-fallas-de-torrent-2025-prometen-mas-emocion-y-polvora-que-nunca","status":"publish","type":"post","link":"https:\/\/infotorrent.es\/ca\/cultura-es-2\/las-fallas-de-torrent-2025-prometen-mas-emocion-y-polvora-que-nunca\/","title":{"rendered":"Les Falles de Torrent 2025 prometen m\u00e9s emoci\u00f3 i p\u00f3lvora que mai"},"content":{"rendered":"\n<p><strong>Torrent enc\u00e9n la metxa de les Falles 2025 amb un homenatge i reconeixement als mestres del foc i als patrocinadors dels esdeveniments pirot\u00e8cnics<\/strong><\/p>\n\n\n\n<p><strong>Dem\u00e0 divendres, 28 de febrer en l&#8217;EMAT es presentar\u00e0 el calendari pirot\u00e8cnic per a les Falles de 2025 a Torrent<\/strong><\/p>\n\n\n\n<p>La capital de l&#8217;Horta Sud es prepara per a viure una de les setmanes m\u00e9s esperades de l&#8217;any amb l&#8217;arribada de les Falles 2025. Una programaci\u00f3 repleta d&#8217;actes, p\u00f3lvora i tradici\u00f3 far\u00e0 vibrar als ve\u00efns i visitants, consolidant a Torrent com un referent festiu i cultural.<\/p>\n\n\n\n<p>Com a avantsala a L\u2019Arribada del Foc, l&#8217;esperat espectacle pirot\u00e8cnic que dona inici al calendari faller, el municipi celebrar\u00e0 un esdeveniment de reconeixement i homenatge als pirot\u00e8cnics i patrocinadors que faran possible la impressionant exhibici\u00f3 de focs artificials per a les pr\u00f2ximes Falles de 2025. Este acte, que tindr\u00e0 lloc el 28 de febrer a les 22.15 hores en l&#8217;EMAT, servir\u00e0 per a posar en valor la labor d&#8217;estos professionals i entitats, els qui amb el seu art i esfor\u00e7 engrandixen la festa i omplin de llum i so el cel torrent\u00ed.<\/p>\n\n\n\n<p>Aix\u00ed mateix, es far\u00e0 un reconeixement i agra\u00efment molt especial als patrocinadors d&#8217;enguany pel seu esfor\u00e7, que han confiat en Torrent i en els pirot\u00e8cnics, apostant per un dels elements fonamentals i ess\u00e8ncia de la festa fallera. Gr\u00e0cies al suport de\u00a0<strong>Caixa Popular, Aig\u00fces de l&#8217;Horta, Hidraqua, Esber SL, FCC i Family Cash, <\/strong>la ciutat podr\u00e0 oferir un espectacle de primer nivell que enaltix i dignifica la tradici\u00f3 i l&#8217;art pirot\u00e8cnic.<\/p>\n\n\n\n<p>L&#8217;alcaldessa de Torrent, Amparo Folgado ha declarat\u00a0<strong>&#8220;les Falles s\u00f3n una celebraci\u00f3 que ens unix com a ciutat i ens ompli d&#8217;orgull. Enguany volem recon\u00e9ixer als pirot\u00e8cnics i patrocinadors que fan possible que Torrent brille amb espectacles de primer nivell. Sense el seu esfor\u00e7 i dedicaci\u00f3, la nostra festa no seria la mateixa.&#8221;<\/strong><\/p>\n\n\n\n<p><strong>&#8220;Este homenatge als pirot\u00e8cnics \u00e9s una xicoteta mostra del nostre agra\u00efment. El seu treball \u00e9s fonamental per a mantindre i protegir l&#8217;ess\u00e8ncia de la nostra festa, i volem que se senten valorats i reconeguts. Convidem a tota la ciutadania a participar en este esdeveniment de L\u2019Arribada del Foc i a viure amb intensitat cada un dels actes pirot\u00e8cnics programats&#8221;,<\/strong>\u00a0ha afegit l&#8217;alcaldessa.<\/p>\n\n\n\n<p><strong>Un mes de pura emoci\u00f3 fallera<\/strong><\/p>\n\n\n\n<p>Amb la mirada posada en la gran setmana fallera, Torrent es prepara per a un mes carregat d&#8217;art, p\u00f3lvora, m\u00fasica i devoci\u00f3.\u00a0<strong>El 28 de febrer, a les 23.59 hores<\/strong>, la\u00a0pirot\u00e8cnia Germans Caballer\u00a0protagonitzar\u00e0 L\u2019Arribada del Foc en la Pla\u00e7a Uni\u00f3 Musical, donant el tret d&#8217;eixida a una programaci\u00f3 que s&#8217;estendr\u00e0 fins al 19 de mar\u00e7.<\/p>\n\n\n\n<p>El <strong>7 de mar\u00e7, <\/strong>el Parc Central acollir\u00e0 un espectacle\u00a0pirot\u00e8cnic de <strong>Global Foc\u00a0a les 15.00 hores<\/strong>, amb motiu de l&#8217;<strong>Homenatge a la Dona Dona<\/strong>, organitzat per la Casa de la Dona.<\/p>\n\n\n\n<p><strong>Un programa pirot\u00e8cnic d&#8217;altura<\/strong><\/p>\n\n\n\n<p>Quan les 28 comissions de Torrent ultimen els preparatius per a la plant\u00e0, prevista per al 15 de mar\u00e7. L&#8217;endem\u00e0,\u00a0el <strong>16 de mar\u00e7\u00a0<\/strong>a les 14.30 hores, tindr\u00e0 lloc la primera masclet\u00e0, disparada per la<strong>\u00a0pirot\u00e8cnia Nadal Mart\u00ed<\/strong>\u00a0en la Pla\u00e7a del Bisbe Benlloch. Eixe mateix dia se celebrar\u00e0 el Trasllat de la Mare de D\u00e9u i el posterior lliurament de premis, reconeixent l&#8217;esfor\u00e7 i creativitat de les comissions falleres.<\/p>\n\n\n\n<p>El <strong>17 de mar\u00e7<\/strong> ser\u00e0 el torn de la\u00a0<strong>pirot\u00e8cnia Piroalpa<\/strong>\u00a0a les 14.30 hores, que oferir\u00e0 una masclet\u00e0 espectacular com a avantsala a l&#8217;emotiva Ofrena de Flores, on m\u00e9s de 7.000 falleres i fallers recorreran els carrers fins a la Pla\u00e7a de l&#8217;Esgl\u00e9sia per a confeccionar el mantell floral de la patrona.<\/p>\n\n\n\n<p>El <strong>18 de mar\u00e7<\/strong>\u00a0a les 14.30 hores, la\u00a0<strong>pirot\u00e8cnia Vulcano<\/strong>\u00a0disparar\u00e0 la seua masclet\u00e0 en la mateixa pla\u00e7a, seguida de la tradicional Dans\u00e0 en honor a Sant Josep. I finalment,\u00a0el <strong>19 de mar\u00e7<\/strong>, dia gran de la festivitat del nostre patr\u00f3 San Jos\u00e9, se celebrar\u00e0 la missa solemne, l&#8217;homenatge al faller i a les 14.30 hores, l&#8217;\u00faltima masclet\u00e0 a c\u00e0rrec de\u00a0<strong>Germans Caballer<\/strong>.\u00a0A la nit, el foc purificador tancar\u00e0 el cicle festiu amb la Crem\u00e0 Infantil i la Crem\u00e0 Major.<\/p>\n\n\n\n<p>La ciutat es prepara per a viure unes Falles \u00faniques, amb un programa que combina l&#8217;art ef\u00edmer, la devoci\u00f3, la m\u00fasica i la p\u00f3lvora. Alicia Moreno i Ana Barber\u00e1, al costat de les seues Corts d&#8217;Honor, encap\u00e7alaran els actes que inundaran d&#8217;emoci\u00f3 els carrers de Torrent, una festa declarada d&#8217;Inter\u00e9s Tur\u00edstic Auton\u00f2mic des de 2015. Tot est\u00e0 llest perqu\u00e8 la ciutat torne a vibrar en una de les seues celebracions m\u00e9s emblem\u00e0tiques.<\/p>\n\n\n\n<p>L&#8217;alcaldessa va afegir<strong>\u00a0&#8220;cada any, Torrent demostra la seua capacitat de mantindre vives les seues tradicions i refor\u00e7ar la seua identitat cultural. La p\u00f3lvora, l&#8217;art ef\u00edmer i la passi\u00f3 dels nostres fallers fan que esta festa siga una de les m\u00e9s especials del m\u00f3n. \u00c9s un honor retre homenatge als pirot\u00e8cnics, veritables artesans del foc, que amb el seu talent fan brillar les nostres Falles. Agra\u00efm el suport dels patrocinadors, els qui contribu\u00efxen a engrandir les nostres festes i el seu impacte cultural. Continuarem treballant perqu\u00e8 les nostres Falles siguen una refer\u00e8ncia fallera no sols a la prov\u00edncia, sin\u00f3 a nivell de la Comunitat Valenciana&#8221;.<\/strong><\/p>\n\n\n\n<figure class=\"wp-block-image size-large\"><img fetchpriority=\"high\" decoding=\"async\" width=\"1024\" height=\"682\" src=\"https:\/\/infotorrent.es\/wp-content\/uploads\/2025\/02\/1-27-1-1024x682.jpg\" alt=\"\" class=\"wp-image-78216\" srcset=\"https:\/\/infotorrent.es\/wp-content\/uploads\/2025\/02\/1-27-1-1024x682.jpg 1024w, https:\/\/infotorrent.es\/wp-content\/uploads\/2025\/02\/1-27-1-300x200.jpg 300w, https:\/\/infotorrent.es\/wp-content\/uploads\/2025\/02\/1-27-1-768x512.jpg 768w, https:\/\/infotorrent.es\/wp-content\/uploads\/2025\/02\/1-27-1-1536x1023.jpg 1536w, https:\/\/infotorrent.es\/wp-content\/uploads\/2025\/02\/1-27-1.jpg 1600w\" sizes=\"(max-width: 1024px) 100vw, 1024px\" \/><\/figure>\n","protected":false},"excerpt":{"rendered":"<p>Torrent enc\u00e9n la metxa de les Falles 2025 amb un homenatge i reconeixement als mestres del foc i als patrocinadors dels esdeveniments pirot\u00e8cnics Dem\u00e0 divendres, 28 de febrer en l&#8217;EMAT es presentar\u00e0 el calendari pirot\u00e8cnic per a les Falles de 2025 a Torrent La capital de l&#8217;Horta Sud es prepara per a viure una de [&hellip;]<\/p>\n","protected":false},"author":15,"featured_media":78224,"comment_status":"open","ping_status":"open","sticky":false,"template":"","format":"standard","meta":{"_acf_changed":false,"footnotes":""},"categories":[126,1171],"tags":[],"class_list":["post-78220","post","type-post","status-publish","format-standard","has-post-thumbnail","hentry","category-cultura-es-2","category-fallas-ca"],"acf":[],"_links":{"self":[{"href":"https:\/\/infotorrent.es\/ca\/wp-json\/wp\/v2\/posts\/78220","targetHints":{"allow":["GET"]}}],"collection":[{"href":"https:\/\/infotorrent.es\/ca\/wp-json\/wp\/v2\/posts"}],"about":[{"href":"https:\/\/infotorrent.es\/ca\/wp-json\/wp\/v2\/types\/post"}],"author":[{"embeddable":true,"href":"https:\/\/infotorrent.es\/ca\/wp-json\/wp\/v2\/users\/15"}],"replies":[{"embeddable":true,"href":"https:\/\/infotorrent.es\/ca\/wp-json\/wp\/v2\/comments?post=78220"}],"version-history":[{"count":1,"href":"https:\/\/infotorrent.es\/ca\/wp-json\/wp\/v2\/posts\/78220\/revisions"}],"predecessor-version":[{"id":78223,"href":"https:\/\/infotorrent.es\/ca\/wp-json\/wp\/v2\/posts\/78220\/revisions\/78223"}],"wp:featuredmedia":[{"embeddable":true,"href":"https:\/\/infotorrent.es\/ca\/wp-json\/wp\/v2\/media\/78224"}],"wp:attachment":[{"href":"https:\/\/infotorrent.es\/ca\/wp-json\/wp\/v2\/media?parent=78220"}],"wp:term":[{"taxonomy":"category","embeddable":true,"href":"https:\/\/infotorrent.es\/ca\/wp-json\/wp\/v2\/categories?post=78220"},{"taxonomy":"post_tag","embeddable":true,"href":"https:\/\/infotorrent.es\/ca\/wp-json\/wp\/v2\/tags?post=78220"}],"curies":[{"name":"wp","href":"https:\/\/api.w.org\/{rel}","templated":true}]}}