{"id":78169,"date":"2025-02-26T08:00:00","date_gmt":"2025-02-26T07:00:00","guid":{"rendered":"https:\/\/infotorrent.es\/?p=78169"},"modified":"2025-02-26T14:21:16","modified_gmt":"2025-02-26T13:21:16","slug":"lajuntament-de-torrent-convoca-una-nova-edicio-dels-premis-a-lus-del-valencia-en-les-falles","status":"publish","type":"post","link":"https:\/\/infotorrent.es\/ca\/politica-linguistica-ca\/lajuntament-de-torrent-convoca-una-nova-edicio-dels-premis-a-lus-del-valencia-en-les-falles\/","title":{"rendered":"L&#8217;Ajuntament de Torrent convoca una nova edici\u00f3 dels Premis a l&#8217;\u00fas del valenci\u00e0 en les Falles"},"content":{"rendered":"\n<p><strong>L&#8217;objectiu de la convocat\u00f2ria \u00e9s la recuperaci\u00f3 de la llengua i garantir el seu \u00fas natural a trav\u00e9s d&#8217;esta festa tan emblem\u00e0tica<\/strong><\/p>\n\n\n\n<p>L&#8217;Ajuntament de Torrent, a trav\u00e9s de l&#8217;Oficina de Promoci\u00f3 i \u00das del Valenci\u00e0, ha convocat una nova edici\u00f3 dels Premis a l&#8217;\u00fas del valenci\u00e0 en les Falles 2025, amb la finalitat d&#8217;adquirir un comprom\u00eds major amb la normalitzaci\u00f3 d&#8217;esta llengua.<\/p>\n\n\n\n<p>M\u00aa \u00c1ngeles Lerma, regidor de Pol\u00edtica Ling\u00fc\u00edstica a l&#8217;Ajuntament, explica que amb la convocat\u00f2ria d&#8217;estos premis es pret\u00e9n promoure l&#8217;\u00fas de la llengua valenciana, aprofitant la import\u00e0ncia i magnitud del m\u00f3n faller a la nostra ciutat.<\/p>\n\n\n\n<p><strong>Quins premis s&#8217;atorguen?<\/strong><\/p>\n\n\n\n<p>Quatre en total: tres premis al valenci\u00e0 en els monuments fallers \u2013 800 euros, 500 euros i 300 euros per al primer, segon i tercer premi \u2013, i un al valenci\u00e0 del llibret, per import de 400 euros, tots ells amb banderola acreditativa. Un pressupost de 2 000 euros ha sigut destinat a este certamen.<\/p>\n\n\n\n<p><strong>Com es pot participar?<\/strong><\/p>\n\n\n\n<p>De manera telem\u00e0tica, presentant la sol\u00b7licitud amb els textos de les llegendes de les falles gran i infantil en el registre d&#8217;entrada de l&#8217;Ajuntament fins al dia 9 de mar\u00e7 de 2025.<\/p>\n\n\n\n<p>Quant al llibret, les falles que desitgen aspirar a este premi, hauran de portar un exemplar del mateix a l&#8217;Oficina de Promoci\u00f3 i \u00das del Valenci\u00e0 en el mateix termini, amb la c\u00f2pia de la sol\u00b7licitud que hagen presentat en el registre d&#8217;entrada.<\/p>\n\n\n\n<p><strong>Quins s\u00f3n els requisits?<\/strong><\/p>\n\n\n\n<p>Podran participar les comissions falleres de Torrent, podent optar als dos premis conjuntament o per separat.<\/p>\n\n\n\n<p>M\u00e9s informaci\u00f3:<\/p>\n\n\n\n<p>Per a con\u00e9ixer totes les bases reguladores del concurs es pot consultar la p\u00e0gina web de l&#8217;Ajuntament de Torrent.<\/p>\n\n\n\n<figure class=\"wp-block-gallery has-nested-images columns-default is-cropped wp-block-gallery-1 is-layout-flex wp-block-gallery-is-layout-flex\">\n<figure class=\"wp-block-image size-large\"><img fetchpriority=\"high\" decoding=\"async\" width=\"1024\" height=\"682\" data-id=\"78166\" src=\"https:\/\/infotorrent.es\/wp-content\/uploads\/2025\/02\/2-27-1-1024x682.jpg\" alt=\"\" class=\"wp-image-78166\" srcset=\"https:\/\/infotorrent.es\/wp-content\/uploads\/2025\/02\/2-27-1-1024x682.jpg 1024w, https:\/\/infotorrent.es\/wp-content\/uploads\/2025\/02\/2-27-1-300x200.jpg 300w, https:\/\/infotorrent.es\/wp-content\/uploads\/2025\/02\/2-27-1-768x512.jpg 768w, https:\/\/infotorrent.es\/wp-content\/uploads\/2025\/02\/2-27-1-1536x1023.jpg 1536w, https:\/\/infotorrent.es\/wp-content\/uploads\/2025\/02\/2-27-1.jpg 1600w\" sizes=\"(max-width: 1024px) 100vw, 1024px\" \/><\/figure>\n\n\n\n<figure class=\"wp-block-image size-large\"><img decoding=\"async\" width=\"1024\" height=\"682\" data-id=\"78162\" src=\"https:\/\/infotorrent.es\/wp-content\/uploads\/2025\/02\/3-19-1-1024x682.jpg\" alt=\"\" class=\"wp-image-78162\" srcset=\"https:\/\/infotorrent.es\/wp-content\/uploads\/2025\/02\/3-19-1-1024x682.jpg 1024w, https:\/\/infotorrent.es\/wp-content\/uploads\/2025\/02\/3-19-1-300x200.jpg 300w, https:\/\/infotorrent.es\/wp-content\/uploads\/2025\/02\/3-19-1-768x512.jpg 768w, https:\/\/infotorrent.es\/wp-content\/uploads\/2025\/02\/3-19-1-1536x1023.jpg 1536w, https:\/\/infotorrent.es\/wp-content\/uploads\/2025\/02\/3-19-1.jpg 1600w\" sizes=\"(max-width: 1024px) 100vw, 1024px\" \/><\/figure>\n\n\n\n<figure class=\"wp-block-image size-large\"><img decoding=\"async\" width=\"1024\" height=\"682\" data-id=\"78164\" src=\"https:\/\/infotorrent.es\/wp-content\/uploads\/2025\/02\/1-26-1-1024x682.jpg\" alt=\"\" class=\"wp-image-78164\" srcset=\"https:\/\/infotorrent.es\/wp-content\/uploads\/2025\/02\/1-26-1-1024x682.jpg 1024w, https:\/\/infotorrent.es\/wp-content\/uploads\/2025\/02\/1-26-1-300x200.jpg 300w, https:\/\/infotorrent.es\/wp-content\/uploads\/2025\/02\/1-26-1-768x512.jpg 768w, https:\/\/infotorrent.es\/wp-content\/uploads\/2025\/02\/1-26-1-1536x1023.jpg 1536w, https:\/\/infotorrent.es\/wp-content\/uploads\/2025\/02\/1-26-1.jpg 1600w\" sizes=\"(max-width: 1024px) 100vw, 1024px\" \/><\/figure>\n<\/figure>\n\n\n\n<p><\/p>\n","protected":false},"excerpt":{"rendered":"<p>L&#8217;objectiu de la convocat\u00f2ria \u00e9s la recuperaci\u00f3 de la llengua i garantir el seu \u00fas natural a trav\u00e9s d&#8217;esta festa tan emblem\u00e0tica L&#8217;Ajuntament de Torrent, a trav\u00e9s de l&#8217;Oficina de Promoci\u00f3 i \u00das del Valenci\u00e0, ha convocat una nova edici\u00f3 dels Premis a l&#8217;\u00fas del valenci\u00e0 en les Falles 2025, amb la finalitat d&#8217;adquirir un [&hellip;]<\/p>\n","protected":false},"author":15,"featured_media":78164,"comment_status":"open","ping_status":"open","sticky":false,"template":"","format":"standard","meta":{"_acf_changed":false,"footnotes":""},"categories":[1175,1171],"tags":[],"class_list":["post-78169","post","type-post","status-publish","format-standard","has-post-thumbnail","hentry","category-politica-linguistica-ca","category-fallas-ca"],"acf":[],"_links":{"self":[{"href":"https:\/\/infotorrent.es\/ca\/wp-json\/wp\/v2\/posts\/78169","targetHints":{"allow":["GET"]}}],"collection":[{"href":"https:\/\/infotorrent.es\/ca\/wp-json\/wp\/v2\/posts"}],"about":[{"href":"https:\/\/infotorrent.es\/ca\/wp-json\/wp\/v2\/types\/post"}],"author":[{"embeddable":true,"href":"https:\/\/infotorrent.es\/ca\/wp-json\/wp\/v2\/users\/15"}],"replies":[{"embeddable":true,"href":"https:\/\/infotorrent.es\/ca\/wp-json\/wp\/v2\/comments?post=78169"}],"version-history":[{"count":1,"href":"https:\/\/infotorrent.es\/ca\/wp-json\/wp\/v2\/posts\/78169\/revisions"}],"predecessor-version":[{"id":78171,"href":"https:\/\/infotorrent.es\/ca\/wp-json\/wp\/v2\/posts\/78169\/revisions\/78171"}],"wp:featuredmedia":[{"embeddable":true,"href":"https:\/\/infotorrent.es\/ca\/wp-json\/wp\/v2\/media\/78164"}],"wp:attachment":[{"href":"https:\/\/infotorrent.es\/ca\/wp-json\/wp\/v2\/media?parent=78169"}],"wp:term":[{"taxonomy":"category","embeddable":true,"href":"https:\/\/infotorrent.es\/ca\/wp-json\/wp\/v2\/categories?post=78169"},{"taxonomy":"post_tag","embeddable":true,"href":"https:\/\/infotorrent.es\/ca\/wp-json\/wp\/v2\/tags?post=78169"}],"curies":[{"name":"wp","href":"https:\/\/api.w.org\/{rel}","templated":true}]}}